{"id":156633,"date":"2025-11-17T10:47:29","date_gmt":"2025-11-17T16:47:29","guid":{"rendered":"https:\/\/lospoliticosveracruz.com.mx\/?p=156633"},"modified":"2025-11-17T10:47:43","modified_gmt":"2025-11-17T16:47:43","slug":"cumple-nahle-con-lolita","status":"publish","type":"post","link":"https:\/\/lospoliticosveracruz.com.mx\/?p=156633","title":{"rendered":"CUMPLE NAHLE CON LOLITA!"},"content":{"rendered":"\n<p>S\u00edguenos ahora tambi\u00e9n en WhatsApp.\u00a0\u00a1<a href=\"https:\/\/whatsapp.com\/channel\/0029Va8zRWlEKyZIP3Z1dF0e\"><strong>Da clic aqu\u00ed<\/strong><\/a><strong>!<\/strong><\/p>\n\n\n\n<p><strong>Karla M\u00e9ndez<br><\/strong>Tal como lo prometi\u00f3, la gobernadora Roc\u00edo Nahle Garc\u00eda, a un a\u00f1o del inicio de su administraci\u00f3n, confirm\u00f3 que se logr\u00f3 el pago total de la deuda con el Sistema de Administraci\u00f3n Tributaria(SAT), que era de 30 mil millones desde el 2009, as\u00ed como una reducci\u00f3n del 42 por ciento en la deuda total del estado que baj\u00f3 de 119 mil millones de pesos a 62 mil millones de pesos.<\/p>\n\n\n\n<figure class=\"wp-block-image size-full\"><a href=\" https:\/\/legisver.gob.mx\/Inicio.php?p=sliderInfoNP&amp;i=8785682\"><img loading=\"lazy\" decoding=\"async\" width=\"728\" height=\"90\" src=\"https:\/\/lospoliticosveracruz.com.mx\/wp-content\/uploads\/2025\/10\/Legis-Cintillo.png\" alt=\"\" class=\"wp-image-155724\" srcset=\"https:\/\/lospoliticosveracruz.com.mx\/wp-content\/uploads\/2025\/10\/Legis-Cintillo.png 728w, https:\/\/lospoliticosveracruz.com.mx\/wp-content\/uploads\/2025\/10\/Legis-Cintillo-300x37.png 300w\" sizes=\"auto, (max-width: 728px) 100vw, 728px\" \/><\/a><\/figure>\n\n\n\n<p>En entrevista, la mandataria estatal, record\u00f3 que luego de entrar al programa \u201cDeudor Cumplido\u201d, se logr\u00f3 pagar el total de la deuda con el SAT que ten\u00eda 16 a\u00f1os y que significa el pago de impuestos que fueron descontados en su momento a los trabajadores de Veracruz.<\/p>\n\n\n\n<p>\u201cEl \u00fanico estado que se acogi\u00f3 a este programa y lo cumpli\u00f3 puntualmente fue el de Veracruz, hoy les puedo decir que de 30 mil millones de pesos que se le deb\u00edan al SAT hoy lo dejamos en cero. Desde marzo que empezamos mes a mes en un programa de deudor cumplido y hoy estamos en cero, es un programa muy ben\u00e9fico que si no lo aprovech\u00e1bamos no sab\u00edamos si se iba a presentar esa oportunidad.\u201d<\/p>\n\n\n\n<p>De igual manera, respecto a la deuda que se mantiene con el ISSSTE, explic\u00f3 que la administraci\u00f3n que encabeza se acogi\u00f3 a un articulo transitorio que el expresidente Andr\u00e9s Manuel L\u00f3pez Obrador incluy\u00f3 en la Ley de Ingresos 2024, lo que permiti\u00f3 disminuirla en m\u00e1s de un 50 por ciento.<\/p>\n\n\n\n<p>\u201cEn el ISSSTE se deb\u00edan como 25 mil millones habl\u00e9 con el director\u2026 Nos acogimos a ese transitorio y bajamos a la mitad la deuda del ISSSTE, de 25 mil quedamos en 11 mil millones de pesos\u201d.<\/p>\n\n\n\n<p>En tanto, en lo que se refiere a la deuda bancaria de Veracruz, se logr\u00f3 disminuir en un 42 por ciento, es decir, de 119 mil millones de pesos se deben, actualmente, 62 mil millones de pesos.<\/p>\n\n\n\n<p>\u201cDe 119 mil millones de pesos estamos en 62 mil millones de pesos. Estos son los datos que nos interesan, por qu\u00e9 es importante pagar la deuda, sin sacrificar obra, sin sacrificar servicios, porque compramos patrullas, compramos uniformes, le sub\u00ed el salario a los trabajadores, a los polic\u00edas, hicimos el fideicomiso del Servicio Urbano\u201d.<\/p>\n\n\n\n<p>En el marco de la entrega del primer informe de gobierno el pasado 15 de noviembre al Congreso del Estado da cuenta de estos avances en materia financiera, lo que permitir\u00e1 liberar recursos previamente comprometidos y mejorar la capacidad financiera de la entidad en los pr\u00f3ximos a\u00f1os.<\/p>\n\n\n\n<p>Finalmente, Nahle Garc\u00eda asegur\u00f3 que en los pr\u00f3ximos 5 a\u00f1os de su gesti\u00f3n se concentrar\u00e1 en ir bajando la deuda de manera paulatina para desendeudar al estado, a fin de que llegue la totalidad del presupuesto y sanear las finanzas.<\/p>\n","protected":false},"excerpt":{"rendered":"<p>Karla M\u00e9ndezTal como lo prometi\u00f3, la gobernadora Roc\u00edo Nahle Garc\u00eda, a un a\u00f1o del inicio de su administraci\u00f3n, confirm\u00f3 que se logr\u00f3 el pago total de la deuda con el Sistema de Administraci\u00f3n Tributaria(SAT), que era de 30 mil millones desde el 2009, as\u00ed como una reducci\u00f3n del 42 por ciento en la deuda total [&hellip;]<\/p>\n","protected":false},"author":2,"featured_media":146282,"comment_status":"closed","ping_status":"closed","sticky":false,"template":"","format":"standard","meta":{"_jetpack_newsletter_access":"","_jetpack_dont_email_post_to_subs":false,"_jetpack_newsletter_tier_id":0,"_jetpack_memberships_contains_paywalled_content":false,"_jetpack_memberships_contains_paid_content":false,"footnotes":""},"categories":[6446],"tags":[2486,13209,895,3578,115],"class_list":["post-156633","post","type-post","status-publish","format-standard","has-post-thumbnail","hentry","category-la-nota","tag-deuda-veracruz","tag-finanzas-publicas","tag-issste","tag-rocio-nahle","tag-sat"],"jetpack_featured_media_url":"https:\/\/lospoliticosveracruz.com.mx\/wp-content\/uploads\/2025\/06\/Rocio-Nahle-Garcia.jpeg","jetpack_sharing_enabled":true,"jetpack_shortlink":"https:\/\/wp.me\/p4Qcd3-EKl","_links":{"self":[{"href":"https:\/\/lospoliticosveracruz.com.mx\/index.php?rest_route=\/wp\/v2\/posts\/156633","targetHints":{"allow":["GET"]}}],"collection":[{"href":"https:\/\/lospoliticosveracruz.com.mx\/index.php?rest_route=\/wp\/v2\/posts"}],"about":[{"href":"https:\/\/lospoliticosveracruz.com.mx\/index.php?rest_route=\/wp\/v2\/types\/post"}],"author":[{"embeddable":true,"href":"https:\/\/lospoliticosveracruz.com.mx\/index.php?rest_route=\/wp\/v2\/users\/2"}],"replies":[{"embeddable":true,"href":"https:\/\/lospoliticosveracruz.com.mx\/index.php?rest_route=%2Fwp%2Fv2%2Fcomments&post=156633"}],"version-history":[{"count":1,"href":"https:\/\/lospoliticosveracruz.com.mx\/index.php?rest_route=\/wp\/v2\/posts\/156633\/revisions"}],"predecessor-version":[{"id":156635,"href":"https:\/\/lospoliticosveracruz.com.mx\/index.php?rest_route=\/wp\/v2\/posts\/156633\/revisions\/156635"}],"wp:featuredmedia":[{"embeddable":true,"href":"https:\/\/lospoliticosveracruz.com.mx\/index.php?rest_route=\/wp\/v2\/media\/146282"}],"wp:attachment":[{"href":"https:\/\/lospoliticosveracruz.com.mx\/index.php?rest_route=%2Fwp%2Fv2%2Fmedia&parent=156633"}],"wp:term":[{"taxonomy":"category","embeddable":true,"href":"https:\/\/lospoliticosveracruz.com.mx\/index.php?rest_route=%2Fwp%2Fv2%2Fcategories&post=156633"},{"taxonomy":"post_tag","embeddable":true,"href":"https:\/\/lospoliticosveracruz.com.mx\/index.php?rest_route=%2Fwp%2Fv2%2Ftags&post=156633"}],"curies":[{"name":"wp","href":"https:\/\/api.w.org\/{rel}","templated":true}]}}