{"id":156641,"date":"2025-11-17T11:35:36","date_gmt":"2025-11-17T17:35:36","guid":{"rendered":"https:\/\/lospoliticosveracruz.com.mx\/?p=156641"},"modified":"2025-11-17T11:35:48","modified_gmt":"2025-11-17T17:35:48","slug":"rianse-si-quieren-ahora-que-pueden","status":"publish","type":"post","link":"https:\/\/lospoliticosveracruz.com.mx\/?p=156641","title":{"rendered":"R\u00cdANSE SI QUIEREN, AHORA QUE PUEDEN"},"content":{"rendered":"\n<p><strong>Bernardo Guti\u00e9rrez Parra&nbsp;<\/strong><\/p>\n\n\n\n<p><em>Desde el Caf\u00e9&nbsp;<\/em><\/p>\n\n\n\n<p>Treinta y tantas horas despu\u00e9s de la marcha de la Generaci\u00f3n Z y del Movimiento del Sombrero que fueron tendencia en las redes y noticia principal en casi todos los medios impresos, no he escuchado algo as\u00ed como: \u201cEl gobierno de la Rep\u00fablica, conmovido por las exigencias de paz de los mexicanos, se compromete a redoblar sus esfuerzos para acabar con la violencia y la inseguridad que han convulsionado al pa\u00eds y devolver a los ciudadanos la tranquilidad a la que tienen derecho\u201d.\u00a0<br><\/p>\n\n\n\n<figure class=\"wp-block-image size-full\"><a href=\" https:\/\/legisver.gob.mx\/Inicio.php?p=sliderInfoNP&amp;i=8785682\"><img loading=\"lazy\" decoding=\"async\" width=\"728\" height=\"90\" src=\"https:\/\/lospoliticosveracruz.com.mx\/wp-content\/uploads\/2025\/10\/Legis-Cintillo.png\" alt=\"\" class=\"wp-image-155724\" srcset=\"https:\/\/lospoliticosveracruz.com.mx\/wp-content\/uploads\/2025\/10\/Legis-Cintillo.png 728w, https:\/\/lospoliticosveracruz.com.mx\/wp-content\/uploads\/2025\/10\/Legis-Cintillo-300x37.png 300w\" sizes=\"auto, (max-width: 728px) 100vw, 728px\" \/><\/a><\/figure>\n\n\n\n<p>Nada, ni por asomo una parrafada de ese calibre. Por el contrario, apenas termin\u00f3 la marcha comenzaron las descalificaciones: \u201cFueron tantos a la manifestaci\u00f3n como seguidores tiene el Necaxa. Tiene m\u00e1s dolientes el velorio de un ranchero que la manifestaci\u00f3n del s\u00e1bado. \u00c9jele, junta m\u00e1s gente un atropellado&#8230;,\u201d etc.&nbsp;<\/p>\n\n\n\n<p>Desde Villahermosa, donde anunci\u00f3 la construcci\u00f3n de una planta productora de Chocolate Bienestar, la presidenta Claudia Sheinbaum dijo: \u201cNo hay divorcio entre pueblo y gobierno, somos uno solo&#8230; y cuando hay gobiernos cercanos a la gente y el gobierno responde a su pueblo, no hay fuerza que nos pueda detener, somos invencibles pueblo y gobierno. Es invencible nuestro pa\u00eds&#8230;\u201d.&nbsp;<\/p>\n\n\n\n<p>\u00bfQue no hay divorcio? \u00bfQue son cercanos a la gente? \u00bfQue pueblo y gobierno son uno solo? \u00bfQue son invencibles? \u00d3ila, \u00f3ila, \u00f3ila\u201d, le reviraron en las redes.&nbsp;<\/p>\n\n\n\n<p>Y a rengl\u00f3n seguido solt\u00f3: \u201cEs importante que lo digamos a quienes quieren provocar alguna violencia: el pueblo de M\u00e9xico dice \u00a1No! Juntas y juntos pueblo y gobierno estamos construyendo la paz\u201d.&nbsp;&nbsp;<\/p>\n\n\n\n<p>En relaci\u00f3n a los violentos que tumbaron las vallas que proteg\u00edan el Palacio Nacional, es bueno apuntar que mientras para la mayor\u00eda de los mexicanos se trat\u00f3 de grupos enviados por el mismo gobierno para reventar la marcha, para el resto del mundo se trat\u00f3 de ciudadanos hartos de la violencia y la inseguridad que se vive. Y as\u00ed lo dieron a conocer medios internacionales.&nbsp;&nbsp;<\/p>\n\n\n\n<p>Uno de los mensajes m\u00e1s impactantes lo escribi\u00f3 en su cuenta de X Barron Trump, el hijo de Donald Trump, mientras ve\u00eda en un noticiero la manifestaci\u00f3n en vivo: \u201cAhora los mexicanos han dicho basta y est\u00e1n literalmente asaltando el Palacio Nacional, grit\u00e1ndole a Sheinbaum \u2018Narco Presidenta\u2019. Est\u00e1n tirando las barricadas. Est\u00e1n hartos de que los t\u00edteres de los c\u00e1rteles gobiernen su pa\u00eds. Esto es incre\u00edble de ver: una revuelta total contra la corrupci\u00f3n, explotando en tiempo real\u201d.<\/p>\n\n\n\n<p>Pero en la presidencia siguen m\u00e1s preocupados en el n\u00famero \u201creducido\u201d de los protestantes: \u201cLa gran mayor\u00eda no eran j\u00f3venes, \u00bfcu\u00e1l Generaci\u00f3n Z? Hubo muchos pol\u00edticos que fueron pagados por la derecha internacional, hubo muchos violentos y los mexicanos reprueban la violencia\u201d.&nbsp;<\/p>\n\n\n\n<p>Y en efecto, porque los mexicanos reprueban y est\u00e1n hartos de la violencia, fue que salieron a las calles de la CDMX y de 50 ciudades. Pero el gobierno \u201cm\u00e1s democr\u00e1tico del mundo, el gobierno m\u00e1s cercano a la gente y el gobierno que le responde a su pueblo\u201d ni les hizo caso ni les dio un gramo de empat\u00eda.&nbsp;<\/p>\n\n\n\n<p>Igual que el 27 de junio de 2004 cuando 400 mil chilangos salieron a manifestarse contra la violencia que hab\u00eda en el DF durante el gobierno de Andr\u00e9s Manuel L\u00f3pez Obrador, y este los descalific\u00f3 acus\u00e1ndolos de \u201cpirrurris\u201d.&nbsp;<\/p>\n\n\n\n<p>En ese entonces y a pesar de sus desatinos y mentiras, la popularidad del tabasque\u00f1o iba hacia arriba, pero en la actualidad no es as\u00ed. Claudia no es emp\u00e1tica ni carism\u00e1tica como su jefe, pero al igual que \u00e9ste es una negada obsesiva al di\u00e1logo con la oposici\u00f3n.&nbsp;<\/p>\n\n\n\n<p>S\u00ed, es cierto que ha emprendido una campa\u00f1a contra la delincuencia como jam\u00e1s lo hizo el tabasque\u00f1o. Pero se ha negado de manera sistem\u00e1tica a detener a los responsables de que M\u00e9xico est\u00e9 como est\u00e1 porque entre ellos est\u00e1n los amigos y los hijos de su jefe. Y chance en una de esas hasta su propio jefe. Y eso ha irritado a toda una naci\u00f3n.&nbsp;<\/p>\n\n\n\n<p>Claudia no debe minimizar la marcha del s\u00e1bado porque por pocos que hayan sido los manifestantes, son una representaci\u00f3n de 99 millones de votantes hartos de la violencia, la inseguridad, los secuestros, desapariciones y de la impunidad, que si salen a sufragar en masa en 2027 y sobre todo en el 2030, borrar\u00e1n del mapa pol\u00edtico a la 4T y al partido guinda.&nbsp;<\/p>\n\n\n\n<p>\u00bfQue no? Ora pues. R\u00edanse si quieren ahorita que pueden.<\/p>\n\n\n\n<p>bernagup28@gmail.com<\/p>\n","protected":false},"excerpt":{"rendered":"<p>Bernardo Guti\u00e9rrez Parra&nbsp; Desde el Caf\u00e9&nbsp; Treinta y tantas horas despu\u00e9s de la marcha de la Generaci\u00f3n Z y del Movimiento del Sombrero que fueron tendencia en las redes y noticia principal en casi todos los medios impresos, no he escuchado algo as\u00ed como: \u201cEl gobierno de la Rep\u00fablica, conmovido por las exigencias de paz [&hellip;]<\/p>\n","protected":false},"author":2,"featured_media":141479,"comment_status":"closed","ping_status":"closed","sticky":false,"template":"","format":"standard","meta":{"_jetpack_newsletter_access":"","_jetpack_dont_email_post_to_subs":false,"_jetpack_newsletter_tier_id":0,"_jetpack_memberships_contains_paywalled_content":false,"_jetpack_memberships_contains_paid_content":false,"footnotes":""},"categories":[70],"tags":[],"class_list":["post-156641","post","type-post","status-publish","format-standard","has-post-thumbnail","hentry","category-de-opinion"],"jetpack_featured_media_url":"https:\/\/lospoliticosveracruz.com.mx\/wp-content\/uploads\/2025\/04\/Bernardo-Gutierrez-Parra.jpg","jetpack_sharing_enabled":true,"jetpack_shortlink":"https:\/\/wp.me\/p4Qcd3-EKt","_links":{"self":[{"href":"https:\/\/lospoliticosveracruz.com.mx\/index.php?rest_route=\/wp\/v2\/posts\/156641","targetHints":{"allow":["GET"]}}],"collection":[{"href":"https:\/\/lospoliticosveracruz.com.mx\/index.php?rest_route=\/wp\/v2\/posts"}],"about":[{"href":"https:\/\/lospoliticosveracruz.com.mx\/index.php?rest_route=\/wp\/v2\/types\/post"}],"author":[{"embeddable":true,"href":"https:\/\/lospoliticosveracruz.com.mx\/index.php?rest_route=\/wp\/v2\/users\/2"}],"replies":[{"embeddable":true,"href":"https:\/\/lospoliticosveracruz.com.mx\/index.php?rest_route=%2Fwp%2Fv2%2Fcomments&post=156641"}],"version-history":[{"count":1,"href":"https:\/\/lospoliticosveracruz.com.mx\/index.php?rest_route=\/wp\/v2\/posts\/156641\/revisions"}],"predecessor-version":[{"id":156642,"href":"https:\/\/lospoliticosveracruz.com.mx\/index.php?rest_route=\/wp\/v2\/posts\/156641\/revisions\/156642"}],"wp:featuredmedia":[{"embeddable":true,"href":"https:\/\/lospoliticosveracruz.com.mx\/index.php?rest_route=\/wp\/v2\/media\/141479"}],"wp:attachment":[{"href":"https:\/\/lospoliticosveracruz.com.mx\/index.php?rest_route=%2Fwp%2Fv2%2Fmedia&parent=156641"}],"wp:term":[{"taxonomy":"category","embeddable":true,"href":"https:\/\/lospoliticosveracruz.com.mx\/index.php?rest_route=%2Fwp%2Fv2%2Fcategories&post=156641"},{"taxonomy":"post_tag","embeddable":true,"href":"https:\/\/lospoliticosveracruz.com.mx\/index.php?rest_route=%2Fwp%2Fv2%2Ftags&post=156641"}],"curies":[{"name":"wp","href":"https:\/\/api.w.org\/{rel}","templated":true}]}}