{"id":156660,"date":"2025-11-17T18:26:39","date_gmt":"2025-11-18T00:26:39","guid":{"rendered":"https:\/\/lospoliticosveracruz.com.mx\/?p=156660"},"modified":"2025-11-17T18:27:07","modified_gmt":"2025-11-18T00:27:07","slug":"entregado-1er-informe-de-gobierno-arrancan-las-comparecencias","status":"publish","type":"post","link":"https:\/\/lospoliticosveracruz.com.mx\/?p=156660","title":{"rendered":"ENTREGADO 1er INFORME DE GOBIERNO; ARRANCAN LAS COMPARECENCIAS"},"content":{"rendered":"\n<p>S\u00edguenos ahora tambi\u00e9n en WhatsApp.\u00a0\u00a1<a href=\"https:\/\/whatsapp.com\/channel\/0029Va8zRWlEKyZIP3Z1dF0e\"><strong>Da clic aqu\u00ed<\/strong><\/a><strong>!<\/strong><\/p>\n\n\n\n<p><strong>Jos\u00e9 Luis Enr\u00edquez Ambell<br><\/strong><em>Caf\u00e9 de Ma\u00f1ana<br><\/em><\/p>\n\n\n\n<p>Formalmente, el documento que contiene el Primer Informe de Gobierno de Roc\u00edo Nahle fue presentado ante la LXVII Legislatura, de manos del Secretario de Gobierno, Ricardo Ahued, en representaci\u00f3n de la titular del Poder Ejecutivo de Veracruz. Ahora iniciar\u00e1n las comparecencias del gabinete legal, de acuerdo con lo establecido en el mandato constitucional.<\/p>\n\n\n\n<figure class=\"wp-block-image size-full\"><a href=\" https:\/\/legisver.gob.mx\/Inicio.php?p=sliderInfoNP&amp;i=8785682\"><img loading=\"lazy\" decoding=\"async\" width=\"728\" height=\"90\" src=\"https:\/\/lospoliticosveracruz.com.mx\/wp-content\/uploads\/2025\/10\/Legis-Cintillo.png\" alt=\"\" class=\"wp-image-155724\" srcset=\"https:\/\/lospoliticosveracruz.com.mx\/wp-content\/uploads\/2025\/10\/Legis-Cintillo.png 728w, https:\/\/lospoliticosveracruz.com.mx\/wp-content\/uploads\/2025\/10\/Legis-Cintillo-300x37.png 300w\" sizes=\"auto, (max-width: 728px) 100vw, 728px\" \/><\/a><\/figure>\n\n\n\n<p>La recepci\u00f3n documental, encabezada por la Presidenta de la Mesa Directiva del Congreso, diputada Naomi Edith G\u00f3mez Santos, dentro del protocolo legislativo correspondiente en la Sala Venustiano Carranza, hasta pas\u00f3 casi inadvertida ante tanta informaci\u00f3n en la agenda nacional, estatal y el Buen Fin.<\/p>\n\n\n\n<p>Lo cierto es que la documentaci\u00f3n entregada contiene la descripci\u00f3n detallada del estado que guarda la Administraci\u00f3n P\u00fablica a trav\u00e9s de tres tomos: el Informe General, un Anexo Estad\u00edstico y el Resumen Ejecutivo, conforme lo establece el art\u00edculo 49 de la Constituci\u00f3n local. Sectorialmente, cada titular de las dependencias \u2014acompa\u00f1ados de sus equipos de trabajo\u2014 ampliar\u00e1 la glosa del informe ante las Comisiones Legislativas Permanentes correspondientes.<\/p>\n\n\n\n<p>Ser\u00e1 precisamente el Secretario de Gobierno, Ricardo Ahued, quien abrir\u00e1 la ronda. De hecho, ya lo hizo. Como bien apunt\u00f3 el pasado 15 de noviembre: \u201cEs un honor entregar el informe de la primera mujer gobernadora en la historia de Veracruz, Roc\u00edo Nahle Garc\u00eda\u201d, en cumplimiento de la norma constitucional que rige el ejercicio gubernamental en Veracruz.<\/p>\n\n\n\n<p>Se entiende que los legisladores ya iniciaron el proceso de revisi\u00f3n general y particular para conocer la rendici\u00f3n de cuentas del Ejecutivo estatal desde el enfoque de la evaluaci\u00f3n p\u00fablica.<\/p>\n\n\n\n<p>Las comparecencias marcar\u00e1n el estreno de la relaci\u00f3n p\u00fablica, pol\u00edtica y solemne entre los integrantes del gabinete y el Poder Legislativo, bajo un nuevo formato por la reforma al Reglamento Interior del Poder Legislativo, cuyas nuevas reglas buscan agilizar y dar fluidez a este ejercicio democr\u00e1tico.<\/p>\n\n\n\n<p>Secretarios como Ricardo Ahued, Guadalupe Osorno y Ernesto P\u00e9rez tienen una amplia experiencia en este tipo de roles, pues sus carreras en el servicio p\u00fablico y la pol\u00edtica lo demuestran, sin demeritar al resto del gabinete legal y ampliado.<\/p>\n\n\n\n<p>La Comisi\u00f3n Legislativa de Gobernaci\u00f3n, integrada por la diputada Dorheny Garc\u00eda Cayetano, el diputado Luis Vicente Aguilar Castillo y el diputado Carlos Marcelo Ruiz S\u00e1nchez, ser\u00e1 la primera en recibir a un titular de dependencia: Ricardo Ahued, en esta ocasi\u00f3n.<\/p>\n\n\n\n<p>DE SOBREMESA<\/p>\n\n\n\n<p>Como en el b\u00e9isbol, el secretario Ahued es el primer bateador en el orden del gabinete. Sus habilidades y buen oficio pol\u00edtico seguramente impulsar\u00e1n a quienes le sucedan en la lista.<\/p>\n\n\n\n<p>El exalcalde xalape\u00f1o, exdiputado local y federal, exsenador y excolaborador del presidente L\u00f3pez Obrador cuenta con la capacidad y disciplina pol\u00edtica necesarias para rendir cuentas en materia de gobernabilidad, con pleno dominio jur\u00eddico, social y econ\u00f3mico de su encargo.<\/p>\n\n\n\n<p>UN CAF\u00c9 LECHERO LIGHT<\/p>\n\n\n\n<p>Ricardo Ahued Bardahuil ha transitado por las instituciones en una pista de transparencia y rendici\u00f3n de cuentas. Los legisladores de todas las corrientes lo saben en Veracruz y su comparecencia ser\u00e1 claramente informativa y responder\u00e1 a todos los cuestionamientos.<\/p>\n\n\n\n<p>UN LECHERO CON CANILLA<\/p>\n\n\n\n<p>Ahued no es un bateador f\u00e1cil de ponchar. Es conocedor de las reglas escritas y las no escritas en el quehacer pol\u00edtico. Su tarea es construir acuerdos por encima de ataques visibles y ocultos. Es de los que NO hace swing a cualquier lanzamiento, no se engancha a la primera, y sabe reconocer hasta los pitcher m\u00e1s peligrosos, por algo tiene la confianza de la Gobernadora de Veracruz.<\/p>\n\n\n\n<p>\u00a1ES CUANTO!<br>enriquezambell@gmail.com<br>enamjl62@gmail.com<\/p>\n","protected":false},"excerpt":{"rendered":"<p>Jos\u00e9 Luis Enr\u00edquez AmbellCaf\u00e9 de Ma\u00f1ana Formalmente, el documento que contiene el Primer Informe de Gobierno de Roc\u00edo Nahle fue presentado ante la LXVII Legislatura, de manos del Secretario de Gobierno, Ricardo Ahued, en representaci\u00f3n de la titular del Poder Ejecutivo de Veracruz. Ahora iniciar\u00e1n las comparecencias del gabinete legal, de acuerdo con lo establecido [&hellip;]<\/p>\n","protected":false},"author":2,"featured_media":141435,"comment_status":"closed","ping_status":"closed","sticky":false,"template":"","format":"standard","meta":{"_jetpack_newsletter_access":"","_jetpack_dont_email_post_to_subs":false,"_jetpack_newsletter_tier_id":0,"_jetpack_memberships_contains_paywalled_content":false,"_jetpack_memberships_contains_paid_content":false,"footnotes":""},"categories":[70],"tags":[47290,819,47291,4345,876,3578],"class_list":["post-156660","post","type-post","status-publish","format-standard","has-post-thumbnail","hentry","category-de-opinion","tag-comparecencias-veracruz","tag-congreso-local","tag-evaluacion-publica","tag-informe-de-gobierno","tag-ricardo-ahued","tag-rocio-nahle"],"jetpack_featured_media_url":"https:\/\/lospoliticosveracruz.com.mx\/wp-content\/uploads\/2025\/04\/Ambell.jpg","jetpack_sharing_enabled":true,"jetpack_shortlink":"https:\/\/wp.me\/p4Qcd3-EKM","_links":{"self":[{"href":"https:\/\/lospoliticosveracruz.com.mx\/index.php?rest_route=\/wp\/v2\/posts\/156660","targetHints":{"allow":["GET"]}}],"collection":[{"href":"https:\/\/lospoliticosveracruz.com.mx\/index.php?rest_route=\/wp\/v2\/posts"}],"about":[{"href":"https:\/\/lospoliticosveracruz.com.mx\/index.php?rest_route=\/wp\/v2\/types\/post"}],"author":[{"embeddable":true,"href":"https:\/\/lospoliticosveracruz.com.mx\/index.php?rest_route=\/wp\/v2\/users\/2"}],"replies":[{"embeddable":true,"href":"https:\/\/lospoliticosveracruz.com.mx\/index.php?rest_route=%2Fwp%2Fv2%2Fcomments&post=156660"}],"version-history":[{"count":1,"href":"https:\/\/lospoliticosveracruz.com.mx\/index.php?rest_route=\/wp\/v2\/posts\/156660\/revisions"}],"predecessor-version":[{"id":156661,"href":"https:\/\/lospoliticosveracruz.com.mx\/index.php?rest_route=\/wp\/v2\/posts\/156660\/revisions\/156661"}],"wp:featuredmedia":[{"embeddable":true,"href":"https:\/\/lospoliticosveracruz.com.mx\/index.php?rest_route=\/wp\/v2\/media\/141435"}],"wp:attachment":[{"href":"https:\/\/lospoliticosveracruz.com.mx\/index.php?rest_route=%2Fwp%2Fv2%2Fmedia&parent=156660"}],"wp:term":[{"taxonomy":"category","embeddable":true,"href":"https:\/\/lospoliticosveracruz.com.mx\/index.php?rest_route=%2Fwp%2Fv2%2Fcategories&post=156660"},{"taxonomy":"post_tag","embeddable":true,"href":"https:\/\/lospoliticosveracruz.com.mx\/index.php?rest_route=%2Fwp%2Fv2%2Ftags&post=156660"}],"curies":[{"name":"wp","href":"https:\/\/api.w.org\/{rel}","templated":true}]}}