{"id":156695,"date":"2025-11-18T09:05:30","date_gmt":"2025-11-18T15:05:30","guid":{"rendered":"https:\/\/lospoliticosveracruz.com.mx\/?p=156695"},"modified":"2025-11-18T09:05:55","modified_gmt":"2025-11-18T15:05:55","slug":"con-apoyo-de-nahle-el-puerto-avanzara-a-una-nueva-etapa-de-progreso","status":"publish","type":"post","link":"https:\/\/lospoliticosveracruz.com.mx\/?p=156695","title":{"rendered":"CON APOYO DE NAHLE, EL PUERTO AVANZAR\u00c1 A UNA NUEVA ETAPA DE PROGRESO"},"content":{"rendered":"\n<p>Veracruz: Luego de que la gobernadora Roc\u00edo Nahle Garc\u00eda confirmara su apoyo a los trabajos que iniciar\u00e1n con la pr\u00f3xima administraci\u00f3n municipal de Veracruz, la alcaldesa electa, Rosa Mar\u00eda Hern\u00e1ndez Espejo, agradeci\u00f3 el gesto y sostuvo que esta coordinaci\u00f3n permitir\u00e1 atender colonias que han permanecido en abandono durante d\u00e9cadas.<\/p>\n\n\n\n<figure class=\"wp-block-image size-full\"><a href=\" https:\/\/legisver.gob.mx\/Inicio.php?p=sliderInfoNP&amp;i=8785682\"><img loading=\"lazy\" decoding=\"async\" width=\"728\" height=\"90\" src=\"https:\/\/lospoliticosveracruz.com.mx\/wp-content\/uploads\/2025\/10\/Legis-Cintillo.png\" alt=\"\" class=\"wp-image-155724\" srcset=\"https:\/\/lospoliticosveracruz.com.mx\/wp-content\/uploads\/2025\/10\/Legis-Cintillo.png 728w, https:\/\/lospoliticosveracruz.com.mx\/wp-content\/uploads\/2025\/10\/Legis-Cintillo-300x37.png 300w\" sizes=\"auto, (max-width: 728px) 100vw, 728px\" \/><\/a><\/figure>\n\n\n\n<p>Rosa Mar\u00eda indic\u00f3 que, tal como lo coment\u00f3 la gobernadora en una reciente entrevista, el Gobierno del Estado respaldar\u00e1 acciones de infraestructura b\u00e1sica como pavimentaci\u00f3n, drenaje y mejoras en servicios p\u00fablicos, enfocando estos esfuerzos en las colonias donde las necesidades son m\u00e1s urgentes, desde los primeros meses de gobierno.<\/p>\n\n\n\n<p>La alcaldesa electa afirm\u00f3 que la colaboraci\u00f3n entre el Estado y el Ayuntamiento ser\u00e1 clave para abrir una nueva etapa de transformaci\u00f3n en el municipio, y recalc\u00f3 que su administraci\u00f3n trabajar\u00e1 con responsabilidad, cercan\u00eda y sentido social para responder a demandas que la ciudadan\u00eda ha esperado por a\u00f1os.<\/p>\n","protected":false},"excerpt":{"rendered":"<p>Veracruz: Luego de que la gobernadora Roc\u00edo Nahle Garc\u00eda confirmara su apoyo a los trabajos que iniciar\u00e1n con la pr\u00f3xima administraci\u00f3n municipal de Veracruz, la alcaldesa electa, Rosa Mar\u00eda Hern\u00e1ndez Espejo, agradeci\u00f3 el gesto y sostuvo que esta coordinaci\u00f3n permitir\u00e1 atender colonias que han permanecido en abandono durante d\u00e9cadas. Rosa Mar\u00eda indic\u00f3 que, tal como [&hellip;]<\/p>\n","protected":false},"author":2,"featured_media":156696,"comment_status":"closed","ping_status":"closed","sticky":false,"template":"","format":"standard","meta":{"_jetpack_newsletter_access":"","_jetpack_dont_email_post_to_subs":false,"_jetpack_newsletter_tier_id":0,"_jetpack_memberships_contains_paywalled_content":false,"_jetpack_memberships_contains_paid_content":false,"footnotes":""},"categories":[73],"tags":[],"class_list":["post-156695","post","type-post","status-publish","format-standard","has-post-thumbnail","hentry","category-de-boleto"],"jetpack_featured_media_url":"https:\/\/lospoliticosveracruz.com.mx\/wp-content\/uploads\/2025\/11\/Rosa-Maria-Nahle.jpg","jetpack_sharing_enabled":true,"jetpack_shortlink":"https:\/\/wp.me\/p4Qcd3-ELl","_links":{"self":[{"href":"https:\/\/lospoliticosveracruz.com.mx\/index.php?rest_route=\/wp\/v2\/posts\/156695","targetHints":{"allow":["GET"]}}],"collection":[{"href":"https:\/\/lospoliticosveracruz.com.mx\/index.php?rest_route=\/wp\/v2\/posts"}],"about":[{"href":"https:\/\/lospoliticosveracruz.com.mx\/index.php?rest_route=\/wp\/v2\/types\/post"}],"author":[{"embeddable":true,"href":"https:\/\/lospoliticosveracruz.com.mx\/index.php?rest_route=\/wp\/v2\/users\/2"}],"replies":[{"embeddable":true,"href":"https:\/\/lospoliticosveracruz.com.mx\/index.php?rest_route=%2Fwp%2Fv2%2Fcomments&post=156695"}],"version-history":[{"count":2,"href":"https:\/\/lospoliticosveracruz.com.mx\/index.php?rest_route=\/wp\/v2\/posts\/156695\/revisions"}],"predecessor-version":[{"id":156698,"href":"https:\/\/lospoliticosveracruz.com.mx\/index.php?rest_route=\/wp\/v2\/posts\/156695\/revisions\/156698"}],"wp:featuredmedia":[{"embeddable":true,"href":"https:\/\/lospoliticosveracruz.com.mx\/index.php?rest_route=\/wp\/v2\/media\/156696"}],"wp:attachment":[{"href":"https:\/\/lospoliticosveracruz.com.mx\/index.php?rest_route=%2Fwp%2Fv2%2Fmedia&parent=156695"}],"wp:term":[{"taxonomy":"category","embeddable":true,"href":"https:\/\/lospoliticosveracruz.com.mx\/index.php?rest_route=%2Fwp%2Fv2%2Fcategories&post=156695"},{"taxonomy":"post_tag","embeddable":true,"href":"https:\/\/lospoliticosveracruz.com.mx\/index.php?rest_route=%2Fwp%2Fv2%2Ftags&post=156695"}],"curies":[{"name":"wp","href":"https:\/\/api.w.org\/{rel}","templated":true}]}}