{"id":156714,"date":"2025-11-18T14:56:58","date_gmt":"2025-11-18T20:56:58","guid":{"rendered":"https:\/\/lospoliticosveracruz.com.mx\/?p=156714"},"modified":"2025-11-18T14:57:11","modified_gmt":"2025-11-18T20:57:11","slug":"por-seguridad-escaneada-de-feis","status":"publish","type":"post","link":"https:\/\/lospoliticosveracruz.com.mx\/?p=156714","title":{"rendered":"POR SEGURIDAD, ESCANEADA DE \u201cFEIS\u201d!"},"content":{"rendered":"\n<p>S\u00edguenos ahora tambi\u00e9n en WhatsApp.\u00a0\u00a1<a href=\"https:\/\/whatsapp.com\/channel\/0029Va8zRWlEKyZIP3Z1dF0e\"><strong>Da clic aqu\u00ed<\/strong><\/a><strong>!<\/strong><\/p>\n\n\n\n<p><strong>Isabel Ortega<br><\/strong>La presidenta del Poder Judicial del Estado de Veracruz, Rosalba Hern\u00e1ndez, asegur\u00f3 que el sistema de reconocimiento facial que se est\u00e1 implementando para el ingreso de trabajadoras, trabajadores, abogadas y abogados a las instalaciones tiene como finalidad reforzar la seguridad y modernizar los procesos mediante herramientas tecnol\u00f3gicas.<\/p>\n\n\n\n<p>En entrevista, realizada en el Congreso de Veracruz durante la comparecencia del titular de la Secretar\u00eda de Gobierno, la magistrada explic\u00f3 que la decisi\u00f3n de implementar este mecanismo corresponde a la administraci\u00f3n anterior \u2014al Consejo de la Judicatura\u2014 y que la actual gesti\u00f3n \u00fanicamente est\u00e1 consolidando el proyecto.<\/p>\n\n\n\n<p>Hern\u00e1ndez reconoci\u00f3 que ha escuchado las declaraciones de abogados inconformes que han externado sus quejas en medios de comunicaci\u00f3n; sin embargo, afirm\u00f3 que hasta ahora no existe ning\u00fan escrito formal de queja o solicitud de informaci\u00f3n recibido por el Poder Judicial.<\/p>\n\n\n\n<p>El pasado 22 de octubre, el \u00d3rgano de Administraci\u00f3n Judicial anunci\u00f3 la creaci\u00f3n de un sistema biom\u00e9trico para controlar el acceso y salida de las instalaciones, as\u00ed como la identificaci\u00f3n de abogadas, abogados, personas usuarias y personal del Poder Judicial.<\/p>\n\n\n\n<p>En el comunicado se detall\u00f3 que el personal de seguridad ubicado en los accesos ser\u00e1 responsable de permitir o negar la entrada de los visitantes, adem\u00e1s de vigilar la salida de quienes ingresen a los juzgados.<\/p>\n\n\n\n<p>Previo al anuncio oficial, personal judicial solicit\u00f3 a los abogados acudir a la toma de datos biom\u00e9tricos \u2014reconocimiento facial e iris\u2014 como requisito para integrar el nuevo sistema de control.<\/p>\n\n\n\n<p>El abogado Valent\u00edn Olmos Alfonso present\u00f3 una queja ante el \u00d3rgano de Administraci\u00f3n Judicial luego de que se le neg\u00f3 el acceso a instalaciones judiciales por negarse a proporcionar sus datos biom\u00e9tricos.<\/p>\n\n\n\n<p>Sobre ello, Hern\u00e1ndez se\u00f1al\u00f3 que el sistema busca garantizar la seguridad interna y permitir un registro preciso de qui\u00e9nes se encuentran dentro del edificio. \u201cPor ejemplo, por cuestiones de Protecci\u00f3n Civil: si llega a haber un sismo o alguna contingencia, regularmente dicen que no se sabe qui\u00e9n est\u00e1 adentro. Este sistema permite contar con un registro confiable\u201d, afirm\u00f3.<\/p>\n\n\n\n<p>Agreg\u00f3 que otro motivo es proteger la informaci\u00f3n que resguardan los juzgados. Record\u00f3 que, como sujetos obligados en materia de transparencia y protecci\u00f3n de datos, deben garantizar la seguridad de la informaci\u00f3n, de lo contrario podr\u00edan ser sancionados.<\/p>\n\n\n\n<p>La magistrada indic\u00f3 que los libros de registro ya no son suficientes y que el Poder Judicial debe avanzar hacia sistemas tecnol\u00f3gicos que permitan tener datos precisos de quienes ingresan a sus instalaciones.<\/p>\n\n\n\n<p>Evit\u00f3 revelar el costo del sistema biom\u00e9trico, reiterando que fue un proyecto decidido por la administraci\u00f3n anterior.<\/p>\n\n\n\n<p>En otro tema, confirm\u00f3 que el Poder Judicial cuenta con un registro de abogadas y abogados acreditados que les permite acceder a los juzgados sin mayores complicaciones. \u201cEl sistema de acceso es muy f\u00e1cil\u201d, asegur\u00f3.<\/p>\n","protected":false},"excerpt":{"rendered":"<p>Isabel OrtegaLa presidenta del Poder Judicial del Estado de Veracruz, Rosalba Hern\u00e1ndez, asegur\u00f3 que el sistema de reconocimiento facial que se est\u00e1 implementando para el ingreso de trabajadoras, trabajadores, abogadas y abogados a las instalaciones tiene como finalidad reforzar la seguridad y modernizar los procesos mediante herramientas tecnol\u00f3gicas. En entrevista, realizada en el Congreso de [&hellip;]<\/p>\n","protected":false},"author":2,"featured_media":151849,"comment_status":"closed","ping_status":"closed","sticky":false,"template":"","format":"standard","meta":{"_jetpack_newsletter_access":"","_jetpack_dont_email_post_to_subs":false,"_jetpack_newsletter_tier_id":0,"_jetpack_memberships_contains_paywalled_content":false,"_jetpack_memberships_contains_paid_content":false,"footnotes":""},"categories":[6446],"tags":[45848,47322,44127,47324,47323],"class_list":["post-156714","post","type-post","status-publish","format-standard","has-post-thumbnail","hentry","category-la-nota","tag-poder-judicial-veracruz","tag-reconocimiento-facial","tag-rosalba-hernandez","tag-seguridad-judicial","tag-sistema-biometrico"],"jetpack_featured_media_url":"https:\/\/lospoliticosveracruz.com.mx\/wp-content\/uploads\/2025\/09\/Rosalba-Hernandez-Hernandez-2.jpeg","jetpack_sharing_enabled":true,"jetpack_shortlink":"https:\/\/wp.me\/p4Qcd3-ELE","_links":{"self":[{"href":"https:\/\/lospoliticosveracruz.com.mx\/index.php?rest_route=\/wp\/v2\/posts\/156714","targetHints":{"allow":["GET"]}}],"collection":[{"href":"https:\/\/lospoliticosveracruz.com.mx\/index.php?rest_route=\/wp\/v2\/posts"}],"about":[{"href":"https:\/\/lospoliticosveracruz.com.mx\/index.php?rest_route=\/wp\/v2\/types\/post"}],"author":[{"embeddable":true,"href":"https:\/\/lospoliticosveracruz.com.mx\/index.php?rest_route=\/wp\/v2\/users\/2"}],"replies":[{"embeddable":true,"href":"https:\/\/lospoliticosveracruz.com.mx\/index.php?rest_route=%2Fwp%2Fv2%2Fcomments&post=156714"}],"version-history":[{"count":1,"href":"https:\/\/lospoliticosveracruz.com.mx\/index.php?rest_route=\/wp\/v2\/posts\/156714\/revisions"}],"predecessor-version":[{"id":156715,"href":"https:\/\/lospoliticosveracruz.com.mx\/index.php?rest_route=\/wp\/v2\/posts\/156714\/revisions\/156715"}],"wp:featuredmedia":[{"embeddable":true,"href":"https:\/\/lospoliticosveracruz.com.mx\/index.php?rest_route=\/wp\/v2\/media\/151849"}],"wp:attachment":[{"href":"https:\/\/lospoliticosveracruz.com.mx\/index.php?rest_route=%2Fwp%2Fv2%2Fmedia&parent=156714"}],"wp:term":[{"taxonomy":"category","embeddable":true,"href":"https:\/\/lospoliticosveracruz.com.mx\/index.php?rest_route=%2Fwp%2Fv2%2Fcategories&post=156714"},{"taxonomy":"post_tag","embeddable":true,"href":"https:\/\/lospoliticosveracruz.com.mx\/index.php?rest_route=%2Fwp%2Fv2%2Ftags&post=156714"}],"curies":[{"name":"wp","href":"https:\/\/api.w.org\/{rel}","templated":true}]}}