{"id":156716,"date":"2025-11-18T15:08:32","date_gmt":"2025-11-18T21:08:32","guid":{"rendered":"https:\/\/lospoliticosveracruz.com.mx\/?p=156716"},"modified":"2025-11-18T15:08:54","modified_gmt":"2025-11-18T21:08:54","slug":"defiende-naomi-la-ley-monse","status":"publish","type":"post","link":"https:\/\/lospoliticosveracruz.com.mx\/?p=156716","title":{"rendered":"DEFIENDE NAOMI LA LEY MONSE!"},"content":{"rendered":"\n<p>S\u00edguenos ahora tambi\u00e9n en WhatsApp.\u00a0\u00a1<a href=\"https:\/\/whatsapp.com\/channel\/0029Va8zRWlEKyZIP3Z1dF0e\"><strong>Da clic aqu\u00ed<\/strong><\/a><strong>!<\/strong><\/p>\n\n\n\n<p>La presidenta de la Mesa Directiva del Congreso de Veracruz, Noem\u00ed G\u00f3mez Santos, descart\u00f3 que la reforma al C\u00f3digo Penal conocida como \u201cLey Montse\u201d pueda ser inconstitucional.<\/p>\n\n\n\n<p>Afirm\u00f3 que la redacci\u00f3n de las modificaciones se elabor\u00f3 con base en legislaci\u00f3n vigente en otros estados del pa\u00eds.<\/p>\n\n\n\n<figure class=\"wp-block-image size-full\"><a href=\" https:\/\/legisver.gob.mx\/Inicio.php?p=sliderInfoNP&amp;i=8785682\"><img loading=\"lazy\" decoding=\"async\" width=\"728\" height=\"90\" src=\"https:\/\/lospoliticosveracruz.com.mx\/wp-content\/uploads\/2025\/10\/Legis-Cintillo.png\" alt=\"\" class=\"wp-image-155724\" srcset=\"https:\/\/lospoliticosveracruz.com.mx\/wp-content\/uploads\/2025\/10\/Legis-Cintillo.png 728w, https:\/\/lospoliticosveracruz.com.mx\/wp-content\/uploads\/2025\/10\/Legis-Cintillo-300x37.png 300w\" sizes=\"auto, (max-width: 728px) 100vw, 728px\" \/><\/a><\/figure>\n\n\n\n<p>El abogado penalista Gabriel Regino Garc\u00eda advirti\u00f3 que la reforma podr\u00eda ser inconstitucional. La denominada \u201cLey Montse\u201d, propuesta desde 2022 y aprobada el 28 de octubre a iniciativa de Morena, podr\u00eda derivar \u2014seg\u00fan el especialista\u2014 en una legislaci\u00f3n que permita encarcelar a familiares de presuntos delincuentes \u00fanicamente por no denunciarlos o no informar sobre su paradero.<\/p>\n\n\n\n<p>El abogado explic\u00f3 que en el derecho penal existe la figura de la \u201cno exigibilidad de otra conducta\u201d, que constituye una causa de inculpabilidad. Esta establece que no puede reprocharse a una persona haber actuado en contra del derecho cuando, dadas las circunstancias, nadie en su lugar habr\u00eda podido resistir la presi\u00f3n emocional, el dilema \u00e9tico o el riesgo implicado.<\/p>\n\n\n\n<p>Al respecto, la diputada G\u00f3mez Santos confi\u00f3 en que la Suprema Corte no invalidar\u00e1 la reforma, pues \u2014expuso\u2014 se bas\u00f3 en normas vigentes en otras entidades que no han sido impugnadas.<\/p>\n\n\n\n<p>\u201cSe hace un derecho comparado, que lo realiza la comisi\u00f3n, y hay otros estados donde ya est\u00e1 vigente y no ha pasado ninguna situaci\u00f3n extrema, porque se especifica en ciertos casos como feminicidio, pedofilia, violaci\u00f3n.<\/p>\n\n\n\n<p>\u201cEntonces no aplica para todo, y lo que buscamos es que no haya complicidad en hechos tan lamentables\u201d, se\u00f1al\u00f3.<\/p>\n\n\n\n<p>Reiter\u00f3 que la legislaci\u00f3n veracruzana, cuya aprobaci\u00f3n se retras\u00f3 al menos tres a\u00f1os, ya existe en otras entidades y ah\u00ed no ha sido impugnada ni declarada inconstitucional.<\/p>\n\n\n\n<p>\u201cNo ha habido mayor situaci\u00f3n en la que la Corte las invalidara; creo que estamos bien amparados por esa parte\u201d, explic\u00f3.<\/p>\n","protected":false},"excerpt":{"rendered":"<p>La presidenta de la Mesa Directiva del Congreso de Veracruz, Noem\u00ed G\u00f3mez Santos, descart\u00f3 que la reforma al C\u00f3digo Penal conocida como \u201cLey Montse\u201d pueda ser inconstitucional. Afirm\u00f3 que la redacci\u00f3n de las modificaciones se elabor\u00f3 con base en legislaci\u00f3n vigente en otros estados del pa\u00eds. El abogado penalista Gabriel Regino Garc\u00eda advirti\u00f3 que la [&hellip;]<\/p>\n","protected":false},"author":2,"featured_media":156717,"comment_status":"closed","ping_status":"closed","sticky":false,"template":"","format":"standard","meta":{"_jetpack_newsletter_access":"","_jetpack_dont_email_post_to_subs":false,"_jetpack_newsletter_tier_id":0,"_jetpack_memberships_contains_paywalled_content":false,"_jetpack_memberships_contains_paid_content":false,"footnotes":""},"categories":[43718],"tags":[46353,12824,47326,47328,47327,47329],"class_list":["post-156716","post","type-post","status-publish","format-standard","has-post-thumbnail","hentry","category-elpalaciodeencanto","tag-codigo-penal-veracruz","tag-gabriel-regino","tag-inconstitucionalidad-debate","tag-ley-montse-veracruz","tag-noemi-gomez-santos","tag-reforma-legislativa"],"jetpack_featured_media_url":"https:\/\/lospoliticosveracruz.com.mx\/wp-content\/uploads\/2025\/11\/Noemi-Gomez-Santos.jpeg","jetpack_sharing_enabled":true,"jetpack_shortlink":"https:\/\/wp.me\/p4Qcd3-ELG","_links":{"self":[{"href":"https:\/\/lospoliticosveracruz.com.mx\/index.php?rest_route=\/wp\/v2\/posts\/156716","targetHints":{"allow":["GET"]}}],"collection":[{"href":"https:\/\/lospoliticosveracruz.com.mx\/index.php?rest_route=\/wp\/v2\/posts"}],"about":[{"href":"https:\/\/lospoliticosveracruz.com.mx\/index.php?rest_route=\/wp\/v2\/types\/post"}],"author":[{"embeddable":true,"href":"https:\/\/lospoliticosveracruz.com.mx\/index.php?rest_route=\/wp\/v2\/users\/2"}],"replies":[{"embeddable":true,"href":"https:\/\/lospoliticosveracruz.com.mx\/index.php?rest_route=%2Fwp%2Fv2%2Fcomments&post=156716"}],"version-history":[{"count":1,"href":"https:\/\/lospoliticosveracruz.com.mx\/index.php?rest_route=\/wp\/v2\/posts\/156716\/revisions"}],"predecessor-version":[{"id":156718,"href":"https:\/\/lospoliticosveracruz.com.mx\/index.php?rest_route=\/wp\/v2\/posts\/156716\/revisions\/156718"}],"wp:featuredmedia":[{"embeddable":true,"href":"https:\/\/lospoliticosveracruz.com.mx\/index.php?rest_route=\/wp\/v2\/media\/156717"}],"wp:attachment":[{"href":"https:\/\/lospoliticosveracruz.com.mx\/index.php?rest_route=%2Fwp%2Fv2%2Fmedia&parent=156716"}],"wp:term":[{"taxonomy":"category","embeddable":true,"href":"https:\/\/lospoliticosveracruz.com.mx\/index.php?rest_route=%2Fwp%2Fv2%2Fcategories&post=156716"},{"taxonomy":"post_tag","embeddable":true,"href":"https:\/\/lospoliticosveracruz.com.mx\/index.php?rest_route=%2Fwp%2Fv2%2Ftags&post=156716"}],"curies":[{"name":"wp","href":"https:\/\/api.w.org\/{rel}","templated":true}]}}