{"id":156745,"date":"2025-11-19T06:13:59","date_gmt":"2025-11-19T12:13:59","guid":{"rendered":"https:\/\/lospoliticosveracruz.com.mx\/?p=156745"},"modified":"2025-11-19T06:19:01","modified_gmt":"2025-11-19T12:19:01","slug":"con-la-iglesia-han-topado-2","status":"publish","type":"post","link":"https:\/\/lospoliticosveracruz.com.mx\/?p=156745","title":{"rendered":"CON LA IGLESIA HAN TOPADO!"},"content":{"rendered":"\n<p><strong>Fanny Y\u00e9pez<\/strong><br><em>La Columna<\/em><\/p>\n\n\n\n<p>La Conferencia del Episcopado Mexicano (CEM)exige seguridad, adem\u00e1s de que en la actualidad diversas agrupaciones est\u00e1n demandando seguridad en el pa\u00eds, principalmente organizaciones de la sociedad civil, grupos de derechos humanos, colectivos de v\u00edctimas, comunidades locales, instituciones educativas, trasportistas, sindicatos y grupos empresariales, y ahora la Iglesia cat\u00f3lica, entre otros.<\/p>\n\n\n\n<figure class=\"wp-block-image size-full\"><a href=\" https:\/\/legisver.gob.mx\/Inicio.php?p=sliderInfoNP&amp;i=8785682\"><img loading=\"lazy\" decoding=\"async\" width=\"728\" height=\"90\" src=\"https:\/\/lospoliticosveracruz.com.mx\/wp-content\/uploads\/2025\/10\/Legis-Cintillo.png\" alt=\"\" class=\"wp-image-155724\" srcset=\"https:\/\/lospoliticosveracruz.com.mx\/wp-content\/uploads\/2025\/10\/Legis-Cintillo.png 728w, https:\/\/lospoliticosveracruz.com.mx\/wp-content\/uploads\/2025\/10\/Legis-Cintillo-300x37.png 300w\" sizes=\"auto, (max-width: 728px) 100vw, 728px\" \/><\/a><\/figure>\n\n\n\n<p>A esta oleada de demandas se uni\u00f3 este lunes la Conferencia del Episcopado Mexicano (CEM), este organismo religioso decidi\u00f3 hablar y en esta ocasi\u00f3n lo hizo con sonoras exigencias, el silencio lo hicieron a un lado. Los prelados calificaron con tremendas frases la situaci\u00f3n que priva en el pa\u00eds, primero calificaron esta \u00e9poca como los \u201ctiempos dif\u00edciles\u201d que se viven en el pa\u00eds, pues de acuerdo con monse\u00f1or Ram\u00f3n Castro Castro, obispo de Cuernavaca y presidente de la CEM, aunque nos dicen que \u201cla violencia ha disminuido\u201d, los asesinatos y desapariciones contin\u00faan al alza.<\/p>\n\n\n\n<p>Esta postura de la iglesia cat\u00f3lica representa el sentimiento de 97.8 millones de feligreses en M\u00e9xico, lo que representa el 78% de la poblaci\u00f3n. Aunque el catolicismo sigue siendo la religi\u00f3n predominante, su porcentaje ha disminuido en las \u00faltimas d\u00e9cadas, pero hay que reconocer que sigue siendo la religi\u00f3n con mayor n\u00famero de adeptos en el pa\u00eds.<\/p>\n\n\n\n<p>Fue en el marco de su CXIX Asamblea Plenaria, celebrada el domingo, los obispos de la Conferencia del Episcopado Mexicano (CEM) emitieron un mensaje dirigido al pueblo de M\u00e9xico, en el que expresan su preocupaci\u00f3n por la persistencia de la violencia, la impunidad, la desigualdad econ\u00f3mica y la polarizaci\u00f3n social en el pa\u00eds. El pronunciamiento, titulado \u201cIglesia en M\u00e9xico: Memoria y Profec\u00eda \u2013 Peregrinos de Esperanza hacia el Centenario de nuestros M\u00e1rtires\u201d, fue difundido al t\u00e9rmino de los trabajos de la asamblea.<\/p>\n\n\n\n<p>\u201cNos dicen que hay justicia, pero la impunidad sigue marcando a nuestra vida diaria. Nos dicen que la econom\u00eda va bien, pero muchas familias no pueden llenar la canasta b\u00e1sica. Nos dicen que se respetan las libertades, pero quienes piensan distinto son se\u00f1alados y descalificados\u201d, expres\u00f3 en un video, publicado en redes sociales el pasado domingo 16 de noviembre, tras la Asamblea CXIX de obispos.<\/p>\n\n\n\n<p>En la opini\u00f3n del monse\u00f1or Castro Castro, no solo los asesinatos y desapariciones aumentan, sino que las extorsiones se han vuelto cotidianas, las comunidades est\u00e1n siendo desplazadas, los j\u00f3venes se hallan sin anhelos y los migrantes caminan amenazados.<\/p>\n\n\n\n<p>\u201cTambi\u00e9n hemos llorado la muerte de sacerdotes y agentes de pastoral. Ante tanto dolor, no podemos callar. Hablamos no por odio ni por resentimiento, sino por amor, porque amamos a este pueblo, porque amamos a nuestra naci\u00f3n\u201d, expres\u00f3.<\/p>\n\n\n\n<p>En su pronunciamiento, el obispo asegur\u00f3 que la familia es el coraz\u00f3n de la sociedad, por lo que una naci\u00f3n que no protege a la familia \u201cse desprotege a s\u00ed misma\u201d.<\/p>\n\n\n\n<p>\u201cNecesitamos fortalecer los hogares, acompa\u00f1ar a los padres y cuidar a nuestros j\u00f3venes frente a las ideolog\u00edas que confunden y dividen\u201d, exhort\u00f3.<\/p>\n\n\n\n<p>Reconoci\u00f3 que la Iglesia no tiene todas las soluciones, pero que quiere buscarlas junto a todos los que \u201cverdaderamente aman a M\u00e9xico\u201d, por lo que pidi\u00f3 caminar juntos \u201cen medio de nuestras penas\u201d.<\/p>\n\n\n\n<p>Paro del transporte el pr\u00f3ximo 24 de noviembre en demanda de seguridad<br>Tambi\u00e9n la Asociaci\u00f3n Nacional de Transportistas (ANTAC), el Frente Nacional para el Rescate del Campo Mexicano y el Movimiento Agr\u00edcola Campesino (MAC) llamaron a la ciudadan\u00eda a evitar viajar por carretera el pr\u00f3ximo lunes 24 de noviembre, ante el paro nacional que prev\u00e9n realizar ese d\u00eda, en demanda de mayor seguridad en el pa\u00eds.<\/p>\n\n\n\n<p>A trav\u00e9s de un video difundido en Facebook, ANTAC pidi\u00f3 la comprensi\u00f3n de la poblaci\u00f3n y se\u00f1al\u00f3 que la convocatoria busca exigir mayor seguridad en las v\u00edas del pa\u00eds.<\/p>\n\n\n\n<p>\u201cHacemos una invitaci\u00f3n a los transportistas y a la gente en general para que no salgan a carreteras el 24 de noviembre, ya que se llevar\u00e1 a cabo una manifestaci\u00f3n en todo el pa\u00eds para exigir mayor seguridad en nuestras carreteras. Esperamos su comprensi\u00f3n\u201d, se\u00f1al\u00f3 la organizaci\u00f3n.<\/p>\n\n\n\n<p>Las agrupaciones explicaron que la movilizaci\u00f3n no solo responde a las afectaciones que viven los transportistas, sino tambi\u00e9n a los riesgos que enfrentan todos los usuarios de las carreteras federales.<\/p>\n\n\n\n<p>La inseguridad y la violencia en M\u00e9xico son problemas complejos con causas como la pobreza, la desigualdad, el desempleo, la corrupci\u00f3n y la delincuencia organizada. Estos factores impactan negativamente la calidad de vida de los ciudadanos, que se sienten inseguros en sus ciudades y ven afectadas la democracia y la econom\u00eda del pa\u00eds. Aunque existen desaf\u00edos persistentes, en los \u00faltimos a\u00f1os se han implementado nuevas estrategias de seguridad que muestran una reducci\u00f3n en los homicidios.<\/p>\n\n\n\n<p>Los \u00edndices de inseguridad en Veracruz var\u00edan seg\u00fan la m\u00e9trica. Por un lado, la percepci\u00f3n de inseguridad es alta, con un 79.3% de la poblaci\u00f3n que la considera insegura en su entorno (ENVIPE 2024). Por otro lado, se reportan tasas de delitos con alta incidencia, como el asalto en calle o transporte p\u00fablico y la extorsi\u00f3n. Sin embargo, algunos delitos de alto impacto, como el homicidio doloso, han mostrado una reducci\u00f3n significativa en ciertos periodos.<\/p>\n","protected":false},"excerpt":{"rendered":"<p>Fanny Y\u00e9pezLa Columna La Conferencia del Episcopado Mexicano (CEM)exige seguridad, adem\u00e1s de que en la actualidad diversas agrupaciones est\u00e1n demandando seguridad en el pa\u00eds, principalmente organizaciones de la sociedad civil, grupos de derechos humanos, colectivos de v\u00edctimas, comunidades locales, instituciones educativas, trasportistas, sindicatos y grupos empresariales, y ahora la Iglesia cat\u00f3lica, entre otros. A esta [&hellip;]<\/p>\n","protected":false},"author":2,"featured_media":141383,"comment_status":"closed","ping_status":"closed","sticky":false,"template":"","format":"standard","meta":{"_jetpack_newsletter_access":"","_jetpack_dont_email_post_to_subs":false,"_jetpack_newsletter_tier_id":0,"_jetpack_memberships_contains_paywalled_content":false,"_jetpack_memberships_contains_paid_content":false,"footnotes":""},"categories":[70],"tags":[47339,319,196,7446],"class_list":["post-156745","post","type-post","status-publish","format-standard","has-post-thumbnail","hentry","category-de-opinion","tag-conferencia-del-episcopado-de-mexico","tag-iglesia","tag-inseguridad","tag-transporte"],"jetpack_featured_media_url":"https:\/\/lospoliticosveracruz.com.mx\/wp-content\/uploads\/2025\/04\/Fanny-Yepez-Luna.jpg","jetpack_sharing_enabled":true,"jetpack_shortlink":"https:\/\/wp.me\/p4Qcd3-EM9","_links":{"self":[{"href":"https:\/\/lospoliticosveracruz.com.mx\/index.php?rest_route=\/wp\/v2\/posts\/156745","targetHints":{"allow":["GET"]}}],"collection":[{"href":"https:\/\/lospoliticosveracruz.com.mx\/index.php?rest_route=\/wp\/v2\/posts"}],"about":[{"href":"https:\/\/lospoliticosveracruz.com.mx\/index.php?rest_route=\/wp\/v2\/types\/post"}],"author":[{"embeddable":true,"href":"https:\/\/lospoliticosveracruz.com.mx\/index.php?rest_route=\/wp\/v2\/users\/2"}],"replies":[{"embeddable":true,"href":"https:\/\/lospoliticosveracruz.com.mx\/index.php?rest_route=%2Fwp%2Fv2%2Fcomments&post=156745"}],"version-history":[{"count":1,"href":"https:\/\/lospoliticosveracruz.com.mx\/index.php?rest_route=\/wp\/v2\/posts\/156745\/revisions"}],"predecessor-version":[{"id":156746,"href":"https:\/\/lospoliticosveracruz.com.mx\/index.php?rest_route=\/wp\/v2\/posts\/156745\/revisions\/156746"}],"wp:featuredmedia":[{"embeddable":true,"href":"https:\/\/lospoliticosveracruz.com.mx\/index.php?rest_route=\/wp\/v2\/media\/141383"}],"wp:attachment":[{"href":"https:\/\/lospoliticosveracruz.com.mx\/index.php?rest_route=%2Fwp%2Fv2%2Fmedia&parent=156745"}],"wp:term":[{"taxonomy":"category","embeddable":true,"href":"https:\/\/lospoliticosveracruz.com.mx\/index.php?rest_route=%2Fwp%2Fv2%2Fcategories&post=156745"},{"taxonomy":"post_tag","embeddable":true,"href":"https:\/\/lospoliticosveracruz.com.mx\/index.php?rest_route=%2Fwp%2Fv2%2Ftags&post=156745"}],"curies":[{"name":"wp","href":"https:\/\/api.w.org\/{rel}","templated":true}]}}