{"id":156749,"date":"2025-11-19T06:33:15","date_gmt":"2025-11-19T12:33:15","guid":{"rendered":"https:\/\/lospoliticosveracruz.com.mx\/?p=156749"},"modified":"2025-11-19T06:35:28","modified_gmt":"2025-11-19T12:35:28","slug":"ahued-el-respeto","status":"publish","type":"post","link":"https:\/\/lospoliticosveracruz.com.mx\/?p=156749","title":{"rendered":"AHUED, EL RESPETO"},"content":{"rendered":"\n<p><strong>Omar Z\u00fa\u00f1iga<\/strong><\/p>\n\n\n\n<p><em>De Primera Mano<\/em><\/p>\n\n\n\n<p>Este martes inciaron las comparecencias de los secretarios de Despacho con motivo de la Glosa del Informe de&nbsp;<strong>Roc\u00edo Nahle<\/strong>.<\/p>\n\n\n\n<figure class=\"wp-block-image size-full\"><a href=\" https:\/\/legisver.gob.mx\/Inicio.php?p=sliderInfoNP&amp;i=8785682\"><img loading=\"lazy\" decoding=\"async\" width=\"728\" height=\"90\" src=\"https:\/\/lospoliticosveracruz.com.mx\/wp-content\/uploads\/2025\/10\/Legis-Cintillo.png\" alt=\"\" class=\"wp-image-155724\" srcset=\"https:\/\/lospoliticosveracruz.com.mx\/wp-content\/uploads\/2025\/10\/Legis-Cintillo.png 728w, https:\/\/lospoliticosveracruz.com.mx\/wp-content\/uploads\/2025\/10\/Legis-Cintillo-300x37.png 300w\" sizes=\"auto, (max-width: 728px) 100vw, 728px\" \/><\/a><\/figure>\n\n\n\n<p><strong>Ricardo Ahued Bardahuil<\/strong>, secretario de Gobierno,&nbsp;es quien dio inicio a la serie de visitas&nbsp;que deben&nbsp;hacer&nbsp;los titulares de las secretar\u00edas para saber el estado que guarda&nbsp;el Estado.<\/p>\n\n\n\n<p>M\u00e1s all\u00e1 de los discursos oficiales, que si hay gobernabilidad, que si la seguridad&nbsp;que si&nbsp;la inseguridad, hay que resaltar varias cosas de esta primera comparecencia.<\/p>\n\n\n\n<p>En primer lugar, el formato que se estren\u00f3 con la visita de&nbsp;<strong>Ahued<\/strong>, que con la intenci\u00f3n de que concluyeran m\u00e1s r\u00e1pido las comparecencias interminables que llegaban a durar varias horas, no dej\u00f3 feliz a nadie.<\/p>\n\n\n\n<p>Otro asunto a destacar es que m\u00e1s all\u00e1 de la figura del secretario de Gobierno,&nbsp;<strong>Ricardo Ahued<\/strong>&nbsp;no deja de ser el personaje que,&nbsp;al final del d\u00eda, infunde respeto.<\/p>\n\n\n\n<p>No hubo ning\u00fan tipo de protesta afuera del Congreso, pero tampoco adentro.<\/p>\n\n\n\n<p>Los diputados rijosos, los pendencieros,&nbsp;los que hablan fuerte,&nbsp;como&nbsp;<strong>H\u00e9ctor Yunes<\/strong>, que les&nbsp;gusta el enfrentamiento, fajador, hizo se\u00f1alamientos y cuestionamientos,&nbsp;fuertes&nbsp;ciertamente, sin embargo nunca en la falta de respeto.<\/p>\n\n\n\n<p>Sin embargo,&nbsp;<strong>Yunes Landa<\/strong>&nbsp;no dej\u00f3 de poner en su lugar a la diputada&nbsp;<strong>Dorheny Garc<\/strong><strong>\u00ed<\/strong><strong>a Cayetano<\/strong>, presidenta de la Comisi\u00f3n de Gobernaci\u00f3n, encargada de llevar esta primera comparencia.<\/p>\n\n\n\n<p>Al final del reclamo, la respuesta de la diputada&nbsp;<strong>Garc\u00eda<\/strong>&nbsp;fue el silencio. A veces, ciertamente, es mejor callar.<\/p>\n\n\n\n<p>*****<\/p>\n\n\n\n<p>Los otros diputados de la oposici\u00f3n que hicieron uso de la voz, como&nbsp;<strong>Fernando Yunes<\/strong>, otrora entrones, fuertes en sus cuestionamientos, parecieron toros mansos.&nbsp;<\/p>\n\n\n\n<p>El miedo no anda en burro, dice la conseja popular.<\/p>\n\n\n\n<p>*****<\/p>\n\n\n\n<p>A destacar, la intervenci\u00f3n de la diputada&nbsp;<strong>Elena C\u00f3rdova<\/strong>&nbsp;de&nbsp;<strong>Movimiento Ciudad<\/strong><strong>a<\/strong><strong>no<\/strong>, quien fiel a la postura del partido naranja, dio a conocer los cuestionamientos de la ciudadan\u00eda, que tradicionalmente abren sus canales de comunicaci\u00f3n para que el diputado se convierta en el enlace entre el ciudadano y el Gobierno.&nbsp;Bien.<\/p>\n\n\n\n<p>Hay que dejar claro tambi\u00e9n que a diferencia de otros a\u00f1os, esta ocasi\u00f3n no fui&nbsp;participado&nbsp;de esta iniciativa, que al final carece de importancia; \u201cuna golondrina no hace verano,\u201d, dicen; sin embargo se hubiera agradecido.&nbsp;Se extra\u00f1a esa sensibildad que ten\u00eda&nbsp;<strong>Sergio Gil Rull\u00e1n<\/strong>, en fin\u2026<\/p>\n\n\n\n<p>*****<\/p>\n\n\n\n<p>Otro punto a destacar es la postura de Morena, que lo hizo a trav\u00e9s del diputado maldito*,&nbsp;<strong>Diego Casta\u00f1eda Aburto<\/strong>, quien m\u00e1s all\u00e1 que se deshizo en halagos, no aport\u00f3 absolutamente nada y la melcocha desparram\u00f3 el microf\u00f3no.<\/p>\n\n\n\n<p>Se hubiera agradecido, sin faltar al respeto al orador, sin ponerle el pie a la gobernadora, sin salirse del gui\u00f3n, al menos un discurso bien estructurado, que no le afectara directamente, pues al&nbsp;decir&nbsp;en su&nbsp;<em>speech<\/em>&nbsp;que los&nbsp;\u201cgobiernos de antes\u201d&nbsp;nunca m\u00e1s regresar\u00edan al poder en Veracruz, fue como escupir para arriba, pues la corta memoria de&nbsp;<strong>Diego<\/strong>&nbsp;lo hizo olvidarse que \u00e9l mismo fue parte de esos \u201cgobiernos de antes\u201d. Uuffff.<\/p>\n\n\n\n<p>La memoria es corta y la memoria pol\u00edtica es peor, casi como la de Dory\u2026<\/p>\n\n\n\n<p>*NdelaR: Diputado maldito, pues por m\u00e1s esfuerzos y m\u00e9ritos que haga,&nbsp;<strong>Diego<\/strong>&nbsp;est\u00e1 destinado a terminar como diputado local, al tener en su f\u00f3rmula como suplente a&nbsp;<strong>Esteban Ram\u00edrez Zepeta<\/strong>.<\/p>\n\n\n\n<p>*****<\/p>\n\n\n\n<p>Lo m\u00e1s destacable de la alocuci\u00f3n de&nbsp;<strong>Ricardo Ahued<\/strong>, fue el reconocimiento de que&nbsp;<strong>NO<\/strong>&nbsp;es el pasado a quien hay que responsabilizar de lo que ocurre.<\/p>\n\n\n\n<p>\u201cNo me voy a subir al escal\u00f3n del pasado para responsabilizar a nadie\u201d. Congruencia, es la palabra de&nbsp;<strong>Ricardo Ahued<\/strong>. \u00a1Bravo!<\/p>\n\n\n\n<p>Adem\u00e1s el reconocimiento de que recibi\u00f3&nbsp;una Secretar\u00eda&nbsp;<em>pa`l perro<\/em>.<\/p>\n\n\n\n<p>\u201cEncontramos&nbsp;varias oficinas trabajando con recursos propios;&nbsp;no hab\u00eda computadoras, compa\u00f1eros llevan&nbsp;sus&nbsp;computadoras&nbsp;y sus&nbsp;impresoras\u201d.<\/p>\n\n\n\n<p>Pero llorar nunca, hay que sacar la chamba y solucionar las broncas y en&nbsp;eso est\u00e1&nbsp;metido&nbsp;Ricardo Ahued.<\/p>\n\n\n\n<p>Por eso se mantiene donde est\u00e1, a pesar del fuego amigo.<\/p>\n\n\n\n<p>Reconocer lo que hay, trabajar fuerte y ver hacia el futuro, por un Veracruz mejor.<\/p>\n\n\n\n<p>*****<\/p>\n\n\n\n<p>Menci\u00f3n aparte merece el profe,&nbsp;<strong>Esteban Bautista<\/strong>, que pidi\u00f3 &nbsp;los comparecientes mesura en&nbsp;sus actos.<\/p>\n\n\n\n<p>No llevar show, batucadas, aplaudidores y varios etc\u00e9teras, que hac\u00edan de las comparecencias, un verdadero circo de tres pistas.<\/p>\n\n\n\n<p>\u00a1Gracias!&nbsp;<\/p>\n\n\n\n<p>\u00a1Qu\u00e9 barbaridad!<\/p>\n\n\n\n<p>deprimera.mano2020@gmail.com<\/p>\n","protected":false},"excerpt":{"rendered":"<p>Omar Z\u00fa\u00f1iga De Primera Mano Este martes inciaron las comparecencias de los secretarios de Despacho con motivo de la Glosa del Informe de&nbsp;Roc\u00edo Nahle. Ricardo Ahued Bardahuil, secretario de Gobierno,&nbsp;es quien dio inicio a la serie de visitas&nbsp;que deben&nbsp;hacer&nbsp;los titulares de las secretar\u00edas para saber el estado que guarda&nbsp;el Estado. M\u00e1s all\u00e1 de los discursos [&hellip;]<\/p>\n","protected":false},"author":2,"featured_media":141427,"comment_status":"closed","ping_status":"closed","sticky":false,"template":"","format":"standard","meta":{"_jetpack_newsletter_access":"","_jetpack_dont_email_post_to_subs":false,"_jetpack_newsletter_tier_id":0,"_jetpack_memberships_contains_paywalled_content":false,"_jetpack_memberships_contains_paid_content":false,"footnotes":""},"categories":[70],"tags":[953,4673,876,3578,195],"class_list":["post-156749","post","type-post","status-publish","format-standard","has-post-thumbnail","hentry","category-de-opinion","tag-comparecencia","tag-elena-cordova-molina","tag-ricardo-ahued","tag-rocio-nahle","tag-veracruz"],"jetpack_featured_media_url":"https:\/\/lospoliticosveracruz.com.mx\/wp-content\/uploads\/2025\/04\/Omar-Zuniga.jpg","jetpack_sharing_enabled":true,"jetpack_shortlink":"https:\/\/wp.me\/p4Qcd3-EMd","_links":{"self":[{"href":"https:\/\/lospoliticosveracruz.com.mx\/index.php?rest_route=\/wp\/v2\/posts\/156749","targetHints":{"allow":["GET"]}}],"collection":[{"href":"https:\/\/lospoliticosveracruz.com.mx\/index.php?rest_route=\/wp\/v2\/posts"}],"about":[{"href":"https:\/\/lospoliticosveracruz.com.mx\/index.php?rest_route=\/wp\/v2\/types\/post"}],"author":[{"embeddable":true,"href":"https:\/\/lospoliticosveracruz.com.mx\/index.php?rest_route=\/wp\/v2\/users\/2"}],"replies":[{"embeddable":true,"href":"https:\/\/lospoliticosveracruz.com.mx\/index.php?rest_route=%2Fwp%2Fv2%2Fcomments&post=156749"}],"version-history":[{"count":1,"href":"https:\/\/lospoliticosveracruz.com.mx\/index.php?rest_route=\/wp\/v2\/posts\/156749\/revisions"}],"predecessor-version":[{"id":156751,"href":"https:\/\/lospoliticosveracruz.com.mx\/index.php?rest_route=\/wp\/v2\/posts\/156749\/revisions\/156751"}],"wp:featuredmedia":[{"embeddable":true,"href":"https:\/\/lospoliticosveracruz.com.mx\/index.php?rest_route=\/wp\/v2\/media\/141427"}],"wp:attachment":[{"href":"https:\/\/lospoliticosveracruz.com.mx\/index.php?rest_route=%2Fwp%2Fv2%2Fmedia&parent=156749"}],"wp:term":[{"taxonomy":"category","embeddable":true,"href":"https:\/\/lospoliticosveracruz.com.mx\/index.php?rest_route=%2Fwp%2Fv2%2Fcategories&post=156749"},{"taxonomy":"post_tag","embeddable":true,"href":"https:\/\/lospoliticosveracruz.com.mx\/index.php?rest_route=%2Fwp%2Fv2%2Ftags&post=156749"}],"curies":[{"name":"wp","href":"https:\/\/api.w.org\/{rel}","templated":true}]}}