{"id":156809,"date":"2025-11-19T16:36:32","date_gmt":"2025-11-19T22:36:32","guid":{"rendered":"https:\/\/lospoliticosveracruz.com.mx\/?p=156809"},"modified":"2025-11-19T16:36:58","modified_gmt":"2025-11-19T22:36:58","slug":"con-apoyo-de-nahle-tendremos-el-mejor-carnaval-de-veracruz","status":"publish","type":"post","link":"https:\/\/lospoliticosveracruz.com.mx\/?p=156809","title":{"rendered":"CON APOYO DE NAHLE, TENDREMOS EL MEJOR CARNAVAL DE VERACRUZ"},"content":{"rendered":"\n<p>S\u00edguenos ahora tambi\u00e9n en WhatsApp.\u00a0\u00a1<a href=\"https:\/\/whatsapp.com\/channel\/0029Va8zRWlEKyZIP3Z1dF0e\"><strong>Da clic aqu\u00ed<\/strong><\/a><strong>!<\/strong><\/p>\n\n\n\n<p>Veracruz: La alcaldesa electa, Rosa Mar\u00eda Hern\u00e1ndez Espejo, agradeci\u00f3 el respaldo manifestado por la gobernadora Roc\u00edo Nahle Garc\u00eda para hacer del Carnaval de Veracruz 2026 el mejor festejo carnestolendo de la historia y posicionarlo como un referente nacional de alegr\u00eda y diversi\u00f3n familiar.<\/p>\n\n\n\n<p>Hern\u00e1ndez Espejo sostuvo que con el apoyo del Gobierno del Estado se impulsar\u00e1 adem\u00e1s la actividad tur\u00edstica que beneficia a miles de familias veracruzanas.<\/p>\n\n\n\n<p>Rosa Mar\u00eda dijo que este anuncio de la mandataria se suma al esfuerzo que la administraci\u00f3n estatal ha realizado durante el primer a\u00f1o de gobierno, donde la entidad registr\u00f3 uno de los mayores crecimientos tur\u00edsticos a nivel nacional, impulsado por la promoci\u00f3n permanente de la cultura, la identidad y los destinos locales.<\/p>\n\n\n\n<p>Asimismo, reconoci\u00f3 su disposici\u00f3n para fortalecer celebraciones como la tradicional despedida del a\u00f1o viejo, evento que volver\u00e1 a proyectarse en todo M\u00e9xico y que contribuir\u00e1 a consolidar a la ciudad de Veracruz como un referente tur\u00edstico en temporada decembrina.<\/p>\n\n\n\n<p>La alcaldesa electa afirm\u00f3 que su administraci\u00f3n trabajar\u00e1 de la mano con el Gobierno del Estado para que estas festividades generen mayor derrama econ\u00f3mica, m\u00e1s visitantes y nuevas oportunidades para los sectores productivos de la ciudad.<\/p>\n","protected":false},"excerpt":{"rendered":"<p>Veracruz: La alcaldesa electa, Rosa Mar\u00eda Hern\u00e1ndez Espejo, agradeci\u00f3 el respaldo manifestado por la gobernadora Roc\u00edo Nahle Garc\u00eda para hacer del Carnaval de Veracruz 2026 el mejor festejo carnestolendo de la historia y posicionarlo como un referente nacional de alegr\u00eda y diversi\u00f3n familiar. Hern\u00e1ndez Espejo sostuvo que con el apoyo del Gobierno del Estado se [&hellip;]<\/p>\n","protected":false},"author":2,"featured_media":156803,"comment_status":"closed","ping_status":"closed","sticky":false,"template":"","format":"standard","meta":{"_jetpack_newsletter_access":"","_jetpack_dont_email_post_to_subs":false,"_jetpack_newsletter_tier_id":0,"_jetpack_memberships_contains_paywalled_content":false,"_jetpack_memberships_contains_paid_content":false,"footnotes":""},"categories":[73],"tags":[47254,2932,47357,3578,11900,47173],"class_list":["post-156809","post","type-post","status-publish","format-standard","has-post-thumbnail","hentry","category-de-boleto","tag-carnaval-2026","tag-gobierno-de-veracruz","tag-proyeccion-turistica","tag-rocio-nahle","tag-rosa-maria-hernandez-espejo","tag-turismo-estatal"],"jetpack_featured_media_url":"https:\/\/lospoliticosveracruz.com.mx\/wp-content\/uploads\/2025\/11\/Rosa.jpeg","jetpack_sharing_enabled":true,"jetpack_shortlink":"https:\/\/wp.me\/p4Qcd3-ENb","_links":{"self":[{"href":"https:\/\/lospoliticosveracruz.com.mx\/index.php?rest_route=\/wp\/v2\/posts\/156809","targetHints":{"allow":["GET"]}}],"collection":[{"href":"https:\/\/lospoliticosveracruz.com.mx\/index.php?rest_route=\/wp\/v2\/posts"}],"about":[{"href":"https:\/\/lospoliticosveracruz.com.mx\/index.php?rest_route=\/wp\/v2\/types\/post"}],"author":[{"embeddable":true,"href":"https:\/\/lospoliticosveracruz.com.mx\/index.php?rest_route=\/wp\/v2\/users\/2"}],"replies":[{"embeddable":true,"href":"https:\/\/lospoliticosveracruz.com.mx\/index.php?rest_route=%2Fwp%2Fv2%2Fcomments&post=156809"}],"version-history":[{"count":1,"href":"https:\/\/lospoliticosveracruz.com.mx\/index.php?rest_route=\/wp\/v2\/posts\/156809\/revisions"}],"predecessor-version":[{"id":156810,"href":"https:\/\/lospoliticosveracruz.com.mx\/index.php?rest_route=\/wp\/v2\/posts\/156809\/revisions\/156810"}],"wp:featuredmedia":[{"embeddable":true,"href":"https:\/\/lospoliticosveracruz.com.mx\/index.php?rest_route=\/wp\/v2\/media\/156803"}],"wp:attachment":[{"href":"https:\/\/lospoliticosveracruz.com.mx\/index.php?rest_route=%2Fwp%2Fv2%2Fmedia&parent=156809"}],"wp:term":[{"taxonomy":"category","embeddable":true,"href":"https:\/\/lospoliticosveracruz.com.mx\/index.php?rest_route=%2Fwp%2Fv2%2Fcategories&post=156809"},{"taxonomy":"post_tag","embeddable":true,"href":"https:\/\/lospoliticosveracruz.com.mx\/index.php?rest_route=%2Fwp%2Fv2%2Ftags&post=156809"}],"curies":[{"name":"wp","href":"https:\/\/api.w.org\/{rel}","templated":true}]}}