{"id":156866,"date":"2025-11-20T10:27:28","date_gmt":"2025-11-20T16:27:28","guid":{"rendered":"https:\/\/lospoliticosveracruz.com.mx\/?p=156866"},"modified":"2025-11-20T10:27:39","modified_gmt":"2025-11-20T16:27:39","slug":"juventud-en-mexico-ni-apatica-ni-ausente","status":"publish","type":"post","link":"https:\/\/lospoliticosveracruz.com.mx\/?p=156866","title":{"rendered":"JUVENTUD EN M\u00c9XICO: NI AP\u00c1TICA NI AUSENTE"},"content":{"rendered":"\n<p>S\u00edguenos ahora tambi\u00e9n en WhatsApp.\u00a0\u00a1<a href=\"https:\/\/whatsapp.com\/channel\/0029Va8zRWlEKyZIP3Z1dF0e\"><strong>Da clic aqu\u00ed<\/strong><\/a><strong>!<\/strong><\/p>\n\n\n\n<p><strong>Agust\u00edn Torres Delgado<\/strong><\/p>\n\n\n\n<p><em>Pa\u2019Vivir a Gusto<\/em><\/p>\n\n\n\n<p>Recientemente me preguntaron el motivo por el que Movimiento Ciudadano apuesta por la juventud mexicana, pues, a decir de muchas personas, las y los j\u00f3venes no votan. Esto es un error y un mito que se ha repetido por a\u00f1os: eso de que a las y los j\u00f3venes \u201cno les interesa la pol\u00edtica\u201d, porque para ello toda una generaci\u00f3n entera tendr\u00eda que vivir permanentemente desconectada de la realidad democr\u00e1tica y social de su pa\u00eds, lo cual en M\u00e9xico no es as\u00ed.<\/p>\n\n\n\n<figure class=\"wp-block-image size-full\"><a href=\" https:\/\/legisver.gob.mx\/Inicio.php?p=sliderInfoNP&amp;i=8785682\"><img loading=\"lazy\" decoding=\"async\" width=\"728\" height=\"90\" src=\"https:\/\/lospoliticosveracruz.com.mx\/wp-content\/uploads\/2025\/10\/Legis-Cintillo.png\" alt=\"\" class=\"wp-image-155724\" srcset=\"https:\/\/lospoliticosveracruz.com.mx\/wp-content\/uploads\/2025\/10\/Legis-Cintillo.png 728w, https:\/\/lospoliticosveracruz.com.mx\/wp-content\/uploads\/2025\/10\/Legis-Cintillo-300x37.png 300w\" sizes=\"auto, (max-width: 728px) 100vw, 728px\" \/><\/a><\/figure>\n\n\n\n<p>Prueba de ello es la reciente marcha de la llamada Generaci\u00f3n Z, el pasado 15 de noviembre, en donde miles de mujeres y hombres j\u00f3venes salieron a las calles en la Ciudad de M\u00e9xico y otras ciudades del pa\u00eds a manifestar diversas inconformidades en rubros como seguridad, educaci\u00f3n, salud y transporte, entre otros.<\/p>\n\n\n\n<p>Hay muchos ejemplos de lo poco que la vieja pol\u00edtica y el gobierno conocen a las y los j\u00f3venes. Hoy se\u00f1alan, denigran y calumnian a quienes se manifiestan, acus\u00e1ndoles de bots, y denuncian estas acciones en X y Facebook, sin saber que la juventud se organiza en otras redes sociales como Discord, por las bondades para generar grupos de intereses en com\u00fan que esta red social les permite. Les atacan, deslegitiman sus demandas por desconocimiento total de sus entornos. Est\u00e1n completamente desconectados de la realidad, de sus leg\u00edtimos reclamos, de sus causas y sus luchas.<\/p>\n\n\n\n<p>Hist\u00f3ricamente, los movimientos juveniles han sido, desde hace d\u00e9cadas, catalizadores de cambio. El m\u00e1s emblem\u00e1tico: el movimiento estudiantil del 68; en 1971, el Halconazo; en los noventa, el surgimiento del Consejo General de Huelga (CGH) en la UNAM durante la huelga de 1999-2000; en 2012, el movimiento #YoSoy132, en donde las nuevas generaciones, ahora potenciadas por las redes sociales, pudieron desafiar las narrativas oficiales, cuestionar la concentraci\u00f3n medi\u00e1tica y colocar la pluralidad informativa en el centro del debate democr\u00e1tico.<\/p>\n\n\n\n<p>El hilo conductor compartido de estos movimientos es la juventud mexicana: involucrada pol\u00edticamente, participativa y activa. Lejos de replegarse, han sido creativos, en\u00e9rgicos y con una gran capacidad de articulaci\u00f3n. Lo que le urge a la vieja pol\u00edtica y al gobierno en turno es dejar de interpretar a generaciones que no conocen y que no entienden, con quienes, adem\u00e1s, no se comunican m\u00e1s que cuando quieren pedir el voto.<\/p>\n\n\n\n<p>Ahora bien, es cierto que todav\u00eda hay muchos personajes de la pol\u00edtica que creen que las juventudes no participan, y son precisamente aquellos que confluyen dentro de lo que nosotros llamamos la vieja pol\u00edtica y sus viejas pr\u00e1cticas. Los hechos recientes y los hist\u00f3ricos demuestran exactamente lo contrario: la juventud en M\u00e9xico no solo se interesa por la pol\u00edtica, sino que participa, propone, protesta, transforma y s\u00ed vota.<\/p>\n\n\n\n<p>En el proceso electoral de 2024, los j\u00f3venes de 18 a\u00f1os fueron uno de los grupos de edad que m\u00e1s votaron, con una participaci\u00f3n de 61.53 por ciento, por arriba del porcentaje nacional de 59.8 por ciento, de acuerdo con datos del Instituto Nacional Electoral (INE). En las elecciones federales y locales de 2018 destac\u00f3 la aportaci\u00f3n de los j\u00f3venes de 18 a\u00f1os, que superaron la media nacional al participar el 64.7 por ciento.<\/p>\n\n\n\n<p>Basta con ser m\u00e1s observadores. La participaci\u00f3n de las y los j\u00f3venes adopta formas distintas: colectivos feministas juveniles; foros universitarios; redes para exigir justicia; estudiantes que organizan paros en defensa de la autonom\u00eda de sus universidades; j\u00f3venes ind\u00edgenas que se vinculan para defender sus territorios y la autodeterminaci\u00f3n; brigadas de voluntarios que operan para atender desastres y ayudan antes que cualquier autoridad. Todas las anteriores son expresiones pol\u00edticas, aunque en ocasiones no encajan en la definici\u00f3n estrecha de algunos.<\/p>\n\n\n\n<p>En los hechos, las y los j\u00f3venes s\u00ed participan, pero no se someten a estructuras que consideran ajenas, opacas o alejadas de su realidad. S\u00ed participan, pero desde espacios y lenguajes distintos a los que tradicionalmente reconoce la pol\u00edtica formal. Se organizan, generan contenido en redes, impulsan causas ambientales, de derechos humanos, de diversidad sexual, de seguridad, de movilidad, de educaci\u00f3n. No es que la juventud mexicana est\u00e9 ausente: est\u00e1 esperando ser tomada en serio y no ser solo un bot\u00edn electoral en cada elecci\u00f3n.<\/p>\n\n\n\n<p>En Movimiento Ciudadano s\u00ed continuaremos el camino de impulsar la participaci\u00f3n de las y los j\u00f3venes. Nuestro coordinador nacional, Jorge M\u00e1ynez, lo ha demostrado desde su campa\u00f1a presidencial, visitando universidades y llevando un mensaje de que s\u00ed podemos vivir mejor y de que s\u00ed podemos construir un M\u00e9xico nuevo.<\/p>\n\n\n\n<p>M\u00e1s que preguntarnos si las juventudes participan en la pol\u00edtica, empecemos a cuestionar por qu\u00e9 tantas instituciones siguen siendo incapaces de representarlas, escucharlas o acercarse a ellas. Dejemos de subestimarlas: es urgente que las escuchemos, que les abramos m\u00e1s espacios, que reconozcamos que sus participaciones, adem\u00e1s de ser deseables, son indispensables en un pa\u00eds que est\u00e1 en la b\u00fasqueda de avanzar hacia una democracia s\u00f3lida, justa y representativa.<\/p>\n\n\n\n<p>Agust\u00edn Torres Delgado<\/p>\n\n\n\n<p>Secretario General de Acuerdos<\/p>\n\n\n\n<p>Movimiento Ciudadano<\/p>\n","protected":false},"excerpt":{"rendered":"<p>Agust\u00edn Torres Delgado Pa\u2019Vivir a Gusto Recientemente me preguntaron el motivo por el que Movimiento Ciudadano apuesta por la juventud mexicana, pues, a decir de muchas personas, las y los j\u00f3venes no votan. Esto es un error y un mito que se ha repetido por a\u00f1os: eso de que a las y los j\u00f3venes \u201cno [&hellip;]<\/p>\n","protected":false},"author":2,"featured_media":151473,"comment_status":"closed","ping_status":"closed","sticky":false,"template":"","format":"standard","meta":{"_jetpack_newsletter_access":"","_jetpack_dont_email_post_to_subs":false,"_jetpack_newsletter_tier_id":0,"_jetpack_memberships_contains_paywalled_content":false,"_jetpack_memberships_contains_paid_content":false,"footnotes":""},"categories":[70],"tags":[47382,47385,2327,47384],"class_list":["post-156866","post","type-post","status-publish","format-standard","has-post-thumbnail","hentry","category-de-opinion","tag-generacion-z-marchas","tag-juventud-mexicana-politica","tag-movimiento-ciudadano","tag-participacion-juvenil"],"jetpack_featured_media_url":"https:\/\/lospoliticosveracruz.com.mx\/wp-content\/uploads\/2025\/08\/Agustin-Torres-Delgado.jpg","jetpack_sharing_enabled":true,"jetpack_shortlink":"https:\/\/wp.me\/p4Qcd3-EO6","_links":{"self":[{"href":"https:\/\/lospoliticosveracruz.com.mx\/index.php?rest_route=\/wp\/v2\/posts\/156866","targetHints":{"allow":["GET"]}}],"collection":[{"href":"https:\/\/lospoliticosveracruz.com.mx\/index.php?rest_route=\/wp\/v2\/posts"}],"about":[{"href":"https:\/\/lospoliticosveracruz.com.mx\/index.php?rest_route=\/wp\/v2\/types\/post"}],"author":[{"embeddable":true,"href":"https:\/\/lospoliticosveracruz.com.mx\/index.php?rest_route=\/wp\/v2\/users\/2"}],"replies":[{"embeddable":true,"href":"https:\/\/lospoliticosveracruz.com.mx\/index.php?rest_route=%2Fwp%2Fv2%2Fcomments&post=156866"}],"version-history":[{"count":1,"href":"https:\/\/lospoliticosveracruz.com.mx\/index.php?rest_route=\/wp\/v2\/posts\/156866\/revisions"}],"predecessor-version":[{"id":156867,"href":"https:\/\/lospoliticosveracruz.com.mx\/index.php?rest_route=\/wp\/v2\/posts\/156866\/revisions\/156867"}],"wp:featuredmedia":[{"embeddable":true,"href":"https:\/\/lospoliticosveracruz.com.mx\/index.php?rest_route=\/wp\/v2\/media\/151473"}],"wp:attachment":[{"href":"https:\/\/lospoliticosveracruz.com.mx\/index.php?rest_route=%2Fwp%2Fv2%2Fmedia&parent=156866"}],"wp:term":[{"taxonomy":"category","embeddable":true,"href":"https:\/\/lospoliticosveracruz.com.mx\/index.php?rest_route=%2Fwp%2Fv2%2Fcategories&post=156866"},{"taxonomy":"post_tag","embeddable":true,"href":"https:\/\/lospoliticosveracruz.com.mx\/index.php?rest_route=%2Fwp%2Fv2%2Ftags&post=156866"}],"curies":[{"name":"wp","href":"https:\/\/api.w.org\/{rel}","templated":true}]}}