{"id":157029,"date":"2025-11-22T22:07:03","date_gmt":"2025-11-23T04:07:03","guid":{"rendered":"https:\/\/lospoliticosveracruz.com.mx\/?p=157029"},"modified":"2025-11-22T22:07:20","modified_gmt":"2025-11-23T04:07:20","slug":"con-v-de-yunes","status":"publish","type":"post","link":"https:\/\/lospoliticosveracruz.com.mx\/?p=157029","title":{"rendered":"CON V DE YUNES"},"content":{"rendered":"\n<p><strong>Brenda Caballero<\/strong><\/p>\n\n\n\n<p><em>N\u00fameros Rojos<\/em><\/p>\n\n\n\n<p>Con eso de que ya no se puede pasar al Pleno en el Congreso local veracruzano, es muy dif\u00edcil hablar con los diputados y mucho m\u00e1s entrevistarlos. As\u00ed que, como pueblo bueno y sabio, all\u00ed me tiene esperando afuera de la Casa del Pueblo a que llegara el diputado \u201cm\u00e1s violento\u201d\u2026 \u00a1perd\u00f3n! \u00a1el \u201cm\u00e1s defensor de las mujeres\u201d! y que hoy en d\u00eda, como todo Yunes, obtuvo m\u00e1s reflectores que el mism\u00edsimo Secre de Finanzas del Gobierno del Estado de Veracruz en su comparecencia.<\/p>\n\n\n\n<figure class=\"wp-block-image size-full\"><a href=\" https:\/\/legisver.gob.mx\/Inicio.php?p=sliderInfoNP&amp;i=8785682\"><img loading=\"lazy\" decoding=\"async\" width=\"728\" height=\"90\" src=\"https:\/\/lospoliticosveracruz.com.mx\/wp-content\/uploads\/2025\/10\/Legis-Cintillo.png\" alt=\"\" class=\"wp-image-155724\" srcset=\"https:\/\/lospoliticosveracruz.com.mx\/wp-content\/uploads\/2025\/10\/Legis-Cintillo.png 728w, https:\/\/lospoliticosveracruz.com.mx\/wp-content\/uploads\/2025\/10\/Legis-Cintillo-300x37.png 300w\" sizes=\"auto, (max-width: 728px) 100vw, 728px\" \/><\/a><\/figure>\n\n\n\n<p>Pero, \u00bfqu\u00e9 pas\u00f3 ese d\u00eda? Desde este espacio trataremos de averiguarlo, para no quedarnos con la \u201cV\u201d de violencia marcada cual letra escarlata.<\/p>\n\n\n\n<p>NR: \u00a1Diputado H\u00e9ctor, diputado! \u00a1Hey, por ac\u00e1 ! \u00bfPodr\u00e1 darme una entrevista?<\/p>\n\n\n\n<p>HY: Lo siento, ya voy tarde, ser\u00e1 otro d\u00eda.<\/p>\n\n\n\n<p>NR: Oiga, pero hoy no hay sesi\u00f3n ni comparecencia.<\/p>\n\n\n\n<p>HY: Pero tengo que hacer mis videos, mis transmisiones en vivo para subirlos a mis redes sociales, \u00bfMe sigues? \u00bfLes das like a mis redes? \u00bfLos comentas?<\/p>\n\n\n\n<p>NR: Pues precisamente por eso estoy aqu\u00ed , por los comentarios que hay de que usted es muy violento.<\/p>\n\n\n\n<p>HY: \u00bfQu\u00e9 dijiste? \u00a1seguramente eres de las primeritas que subieron el video donde le pues un \u201cestate-quieto\u201d a ese esbirro de la 4T!<\/p>\n\n\n\n<p>NR: \u00bfPor qu\u00e9 le dice as\u00ed al Secre de Finanzas?<\/p>\n\n\n\n<p>HY: \u00a1No te digo! \u00a1Me quieres provocar! \u00a1Sabes que me refiero al asesor que me sigue hasta a los ba\u00f1os y me toma fotos!<\/p>\n\n\n\n<p>NR: \u00a1Oiga, no me falte al respeto!<\/p>\n\n\n\n<p>HY: No te equivoques, \u00a1Si yo soy defensor de las mujeres!<\/p>\n\n\n\n<p>NR: \u00a1Pero de las de su partido! \u00a1Porque es clarito que se ha pasado de lanza con Tanya, Naomi y hasta con Victoria!<\/p>\n\n\n\n<p>HY: Te equivocas, tambi\u00e9n defiendo a las de otros partidos\u2026 Indira es del PAN\u2026<\/p>\n\n\n\n<p>NR: \u00a1H\u00edjoles! \u00a1Se la sac\u00f3 de la manga!<\/p>\n\n\n\n<p>HY: Se me hace que tienes un problema de comprensi\u00f3n b\u00e1sica. \u00bfNo ser\u00e1 que eres pipope?<\/p>\n\n\n\n<p>NR: \u00a1Qu\u00e9 va, soy m\u00e1s veracruzana que usted!<\/p>\n\n\n\n<p>HY: No te equivoques, \u00a1tengo en la frente la V de Veracruzano!<\/p>\n\n\n\n<p>NR: \u00a1Pues a como se comporta, parece que es la V de la Violencia!<\/p>\n\n\n\n<p>HY: Ah, si a \u00e9sas vamos, entonces tengo la V de V\u00edctima porque les encanta provocarme\u2026<\/p>\n\n\n\n<p>NR: \u00a1Y se ve que a usted le encanta caer en provocaciones!<\/p>\n\n\n\n<p>HY: No te equivoques\u2026 soy Oposici\u00f3n y mi papel es confrontar al poder\u2026<\/p>\n\n\n\n<p>NR: Pues si sigue as\u00ed, m\u00e1s que papel, ser\u00e1 papelazo\u2026<\/p>\n\n\n\n<p>HY: Yo s\u00ed te parto tu mandarina en gajos\u2026<\/p>\n\n\n\n<p>NR: \u00bfMe amenaza?<\/p>\n\n\n\n<p>HY: No, te estoy advirtiendo\u2026<\/p>\n\n\n\n<p>NR: \u00bfY est\u00e1 seguro que esa V que dice no es de Violencia?<\/p>\n\n\n\n<p>HY: Tienes raz\u00f3n\u2026 te ofrezco una disculpa y te doy las gracias\u2026<\/p>\n\n\n\n<p>NR: \u00bfLas Gracias por qu\u00e9?<\/p>\n\n\n\n<p>HY: Porque Gracias a ti ya tengo material para hacer otro video con V de\u2026<\/p>\n\n\n\n<p>NR: \u00bfDe Violencia?<\/p>\n\n\n\n<p>HY: No, de V\u00edctima\u2026<\/p>\n\n\n\n<p>NR: M\u00e1s bien ser\u00e1 de \u201chacerse la V\u00edstima\u201d\u2026<\/p>\n\n\n\n<p>HY: No, a m\u00ed no te me pones\u2026<\/p>\n\n\n\n<p>NR: \u201cCompermisito\u201d\u2026 porque de tanto coraje, ya me dieron ganas de hacer pip\u00ed,<\/p>\n\n\n\n<p>*Entrevista ficticia, con el \u00fanico prop\u00f3sito de sacarle una sonrisa.<\/p>\n\n\n\n<p>Email: caballero_brenda@hotmail.com<\/p>\n\n\n\n<p>Facebook: Brenda Caballero (N\u00fameros Rojos)<\/p>\n\n\n\n<p>X: @NumerosRojos_BC<\/p>\n","protected":false},"excerpt":{"rendered":"<p>Brenda Caballero N\u00fameros Rojos Con eso de que ya no se puede pasar al Pleno en el Congreso local veracruzano, es muy dif\u00edcil hablar con los diputados y mucho m\u00e1s entrevistarlos. As\u00ed que, como pueblo bueno y sabio, all\u00ed me tiene esperando afuera de la Casa del Pueblo a que llegara el diputado \u201cm\u00e1s violento\u201d\u2026 [&hellip;]<\/p>\n","protected":false},"author":2,"featured_media":141367,"comment_status":"closed","ping_status":"closed","sticky":false,"template":"","format":"standard","meta":{"_jetpack_newsletter_access":"","_jetpack_dont_email_post_to_subs":false,"_jetpack_newsletter_tier_id":0,"_jetpack_memberships_contains_paywalled_content":false,"_jetpack_memberships_contains_paid_content":false,"footnotes":""},"categories":[70],"tags":[2687,830,819,348,41936,640],"class_list":["post-157029","post","type-post","status-publish","format-standard","has-post-thumbnail","hentry","category-de-opinion","tag-brenda-caballero","tag-comparecencias","tag-congreso-local","tag-hector-yunes-landa","tag-miguel-santiago-reyes-hernandez","tag-sefiplan"],"jetpack_featured_media_url":"https:\/\/lospoliticosveracruz.com.mx\/wp-content\/uploads\/2025\/04\/Brenda-Caballero-1.jpg","jetpack_sharing_enabled":true,"jetpack_shortlink":"https:\/\/wp.me\/p4Qcd3-EQJ","_links":{"self":[{"href":"https:\/\/lospoliticosveracruz.com.mx\/index.php?rest_route=\/wp\/v2\/posts\/157029","targetHints":{"allow":["GET"]}}],"collection":[{"href":"https:\/\/lospoliticosveracruz.com.mx\/index.php?rest_route=\/wp\/v2\/posts"}],"about":[{"href":"https:\/\/lospoliticosveracruz.com.mx\/index.php?rest_route=\/wp\/v2\/types\/post"}],"author":[{"embeddable":true,"href":"https:\/\/lospoliticosveracruz.com.mx\/index.php?rest_route=\/wp\/v2\/users\/2"}],"replies":[{"embeddable":true,"href":"https:\/\/lospoliticosveracruz.com.mx\/index.php?rest_route=%2Fwp%2Fv2%2Fcomments&post=157029"}],"version-history":[{"count":1,"href":"https:\/\/lospoliticosveracruz.com.mx\/index.php?rest_route=\/wp\/v2\/posts\/157029\/revisions"}],"predecessor-version":[{"id":157030,"href":"https:\/\/lospoliticosveracruz.com.mx\/index.php?rest_route=\/wp\/v2\/posts\/157029\/revisions\/157030"}],"wp:featuredmedia":[{"embeddable":true,"href":"https:\/\/lospoliticosveracruz.com.mx\/index.php?rest_route=\/wp\/v2\/media\/141367"}],"wp:attachment":[{"href":"https:\/\/lospoliticosveracruz.com.mx\/index.php?rest_route=%2Fwp%2Fv2%2Fmedia&parent=157029"}],"wp:term":[{"taxonomy":"category","embeddable":true,"href":"https:\/\/lospoliticosveracruz.com.mx\/index.php?rest_route=%2Fwp%2Fv2%2Fcategories&post=157029"},{"taxonomy":"post_tag","embeddable":true,"href":"https:\/\/lospoliticosveracruz.com.mx\/index.php?rest_route=%2Fwp%2Fv2%2Ftags&post=157029"}],"curies":[{"name":"wp","href":"https:\/\/api.w.org\/{rel}","templated":true}]}}