{"id":157038,"date":"2025-11-23T15:59:22","date_gmt":"2025-11-23T21:59:22","guid":{"rendered":"https:\/\/lospoliticosveracruz.com.mx\/?p=157038"},"modified":"2025-11-23T15:59:34","modified_gmt":"2025-11-23T21:59:34","slug":"sindicatos-en-directo-con-luis-arturo","status":"publish","type":"post","link":"https:\/\/lospoliticosveracruz.com.mx\/?p=157038","title":{"rendered":"SINDICATOS, EN DIRECTO CON LUIS ARTURO"},"content":{"rendered":"\n<p>Derivado de las recientes expresiones sindicales registradas en la capital del estado, el Gobierno de Veracruz, a trav\u00e9s de la Secretar\u00eda de Trabajo, Previsi\u00f3n Social y Productividad, encabezada por el Mtro. Luis Arturo Santiago Mart\u00ednez, logr\u00f3 encauzar un proceso de di\u00e1logo directo, responsable y eficaz con las organizaciones sindicales, privilegiando en todo momento la estabilidad laboral y la paz social.<\/p>\n\n\n\n<p>Se instal\u00f3 de manera inmediata una mesa de atenci\u00f3n, donde se escucharon las inquietudes del sector sindical y se construyeron acuerdos claros, concretos y orientados a resultados, consolidando un clima de respeto y gobernabilidad.<\/p>\n\n\n\n<p>El Secretario de Trabajo asumi\u00f3 un papel activo como mediador institucional, conduciendo las reuniones con apertura, firmeza y sentido de responsabilidad social, permitiendo que los planteamientos fueran atendidos con seriedad y encauzados a trav\u00e9s de mecanismos legales, administrativos y de concertaci\u00f3n.<\/p>\n\n\n\n<p>Este ejercicio de di\u00e1logo fortaleci\u00f3 la relaci\u00f3n entre el Gobierno del Estado y las organizaciones sindicales, generando mayor certeza para las y los trabajadores veracruzanos, y reafirmando que en Veracruz existe una pol\u00edtica laboral basada en el respeto, la legalidad y la soluci\u00f3n de diferencias por la v\u00eda institucional.<\/p>\n\n\n\n<p>\u201cEl di\u00e1logo es la herramienta m\u00e1s poderosa para construir acuerdos duraderos. En Veracruz privilegiamos siempre la escucha, la conciliaci\u00f3n y el entendimiento\u201d, subray\u00f3 el Secretario Luis Arturo Santiago Mart\u00ednez.<\/p>\n\n\n\n<p>La Secretar\u00eda de Trabajo, Previsi\u00f3n Social y Productividad reitera su compromiso de mantener una pol\u00edtica laboral abierta, cercana y efectiva, continuando con una agenda permanente de atenci\u00f3n a los sectores productivos y sindicales, impulsando la estabilidad, la gobernabilidad y la paz laboral en el estado.<\/p>\n","protected":false},"excerpt":{"rendered":"<p>Derivado de las recientes expresiones sindicales registradas en la capital del estado, el Gobierno de Veracruz, a trav\u00e9s de la Secretar\u00eda de Trabajo, Previsi\u00f3n Social y Productividad, encabezada por el Mtro. Luis Arturo Santiago Mart\u00ednez, logr\u00f3 encauzar un proceso de di\u00e1logo directo, responsable y eficaz con las organizaciones sindicales, privilegiando en todo momento la estabilidad [&hellip;]<\/p>\n","protected":false},"author":2,"featured_media":157040,"comment_status":"closed","ping_status":"closed","sticky":false,"template":"","format":"standard","meta":{"_jetpack_newsletter_access":"","_jetpack_dont_email_post_to_subs":false,"_jetpack_newsletter_tier_id":0,"_jetpack_memberships_contains_paywalled_content":false,"_jetpack_memberships_contains_paid_content":false,"footnotes":""},"categories":[73],"tags":[47495],"class_list":["post-157038","post","type-post","status-publish","format-standard","has-post-thumbnail","hentry","category-de-boleto","tag-mtro-luis-arturo-santiago-martinez"],"jetpack_featured_media_url":"https:\/\/lospoliticosveracruz.com.mx\/wp-content\/uploads\/2025\/11\/IMG_4079.jpeg","jetpack_sharing_enabled":true,"jetpack_shortlink":"https:\/\/wp.me\/p4Qcd3-EQS","_links":{"self":[{"href":"https:\/\/lospoliticosveracruz.com.mx\/index.php?rest_route=\/wp\/v2\/posts\/157038","targetHints":{"allow":["GET"]}}],"collection":[{"href":"https:\/\/lospoliticosveracruz.com.mx\/index.php?rest_route=\/wp\/v2\/posts"}],"about":[{"href":"https:\/\/lospoliticosveracruz.com.mx\/index.php?rest_route=\/wp\/v2\/types\/post"}],"author":[{"embeddable":true,"href":"https:\/\/lospoliticosveracruz.com.mx\/index.php?rest_route=\/wp\/v2\/users\/2"}],"replies":[{"embeddable":true,"href":"https:\/\/lospoliticosveracruz.com.mx\/index.php?rest_route=%2Fwp%2Fv2%2Fcomments&post=157038"}],"version-history":[{"count":1,"href":"https:\/\/lospoliticosveracruz.com.mx\/index.php?rest_route=\/wp\/v2\/posts\/157038\/revisions"}],"predecessor-version":[{"id":157041,"href":"https:\/\/lospoliticosveracruz.com.mx\/index.php?rest_route=\/wp\/v2\/posts\/157038\/revisions\/157041"}],"wp:featuredmedia":[{"embeddable":true,"href":"https:\/\/lospoliticosveracruz.com.mx\/index.php?rest_route=\/wp\/v2\/media\/157040"}],"wp:attachment":[{"href":"https:\/\/lospoliticosveracruz.com.mx\/index.php?rest_route=%2Fwp%2Fv2%2Fmedia&parent=157038"}],"wp:term":[{"taxonomy":"category","embeddable":true,"href":"https:\/\/lospoliticosveracruz.com.mx\/index.php?rest_route=%2Fwp%2Fv2%2Fcategories&post=157038"},{"taxonomy":"post_tag","embeddable":true,"href":"https:\/\/lospoliticosveracruz.com.mx\/index.php?rest_route=%2Fwp%2Fv2%2Ftags&post=157038"}],"curies":[{"name":"wp","href":"https:\/\/api.w.org\/{rel}","templated":true}]}}