{"id":157145,"date":"2025-11-24T21:28:00","date_gmt":"2025-11-25T03:28:00","guid":{"rendered":"https:\/\/lospoliticosveracruz.com.mx\/?p=157145"},"modified":"2025-11-24T20:29:15","modified_gmt":"2025-11-25T02:29:15","slug":"claudia-y-luis-arturo","status":"publish","type":"post","link":"https:\/\/lospoliticosveracruz.com.mx\/?p=157145","title":{"rendered":"CLAUDIA Y LUIS ARTURO"},"content":{"rendered":"\n<p>S\u00edguenos ahora tambi\u00e9n en WhatsApp.\u00a0\u00a1<a href=\"https:\/\/whatsapp.com\/channel\/0029Va8zRWlEKyZIP3Z1dF0e\"><strong>Da clic aqu\u00ed<\/strong><\/a><strong>!<\/strong><\/p>\n\n\n\n<p><strong>Salvador Mu\u00f1oz<\/strong><br><em>Los Pol\u00edticos<\/em><\/p>\n\n\n\n<p>Dos comparecencias que de cierto modo, marcan una diferencia entre las que llevamos.<br><strong>Claudia Tello<\/strong>, de Educaci\u00f3n, dedicando gran parte de su tiempo para responder a la Oposici\u00f3n, sin evasivas, directa.<br><strong>Luis Arturo Santiago<\/strong>, apostando al di\u00e1logo con los diputados, en especial con los de la Oposici\u00f3n.<br><strong>Claudia Tello<\/strong> es hasta ahora, la m\u00e1s ovacionada. Fuerzas sindicales estuvieron en la entrada del <strong>Palacio de Encanto<\/strong> apoyando a la titular de la <strong>SEV<\/strong>.<\/p>\n\n\n\n<figure class=\"wp-block-image size-full\"><a href=\" https:\/\/legisver.gob.mx\/Inicio.php?p=sliderInfoNP&amp;i=8785682\"><img loading=\"lazy\" decoding=\"async\" width=\"728\" height=\"90\" src=\"https:\/\/lospoliticosveracruz.com.mx\/wp-content\/uploads\/2025\/10\/Legis-Cintillo.png\" alt=\"\" class=\"wp-image-155724\" srcset=\"https:\/\/lospoliticosveracruz.com.mx\/wp-content\/uploads\/2025\/10\/Legis-Cintillo.png 728w, https:\/\/lospoliticosveracruz.com.mx\/wp-content\/uploads\/2025\/10\/Legis-Cintillo-300x37.png 300w\" sizes=\"auto, (max-width: 728px) 100vw, 728px\" \/><\/a><\/figure>\n\n\n\n<p><br><strong>Luis Arturo<\/strong>, si no me equivoco, es hasta ahora el que sale con el reconocimiento por la Oposici\u00f3n por su apertura y sobre todo, temple y educaci\u00f3n.<br>Claudia se puede dividir en dos escenarios:<br>La que cort\u00f3 de tajo \u201clos chismes\u201d, en especial el que se refiere a ese supuesto confrontamiento entre ella y el subsecretario de Educaci\u00f3n, <strong>David Agust\u00edn Jim\u00e9nez Rojas<\/strong>\u2026<br>Y la que fue a dar c\u00e1tedra de su labor al frente de la secretar\u00eda\u2026 no necesita de aspavientos ni ofensas\u2026 s\u00f3lo ser clara y directa.<br>Quien conoce a <strong>Luis Arturo<\/strong> sabe sus tesituras\u2026 domina el argumento, el discurso, y hoy, desde este lado, dio muestras de que la <strong>secretar\u00eda del Trabajo<\/strong> no s\u00f3lo es para \u00e9l, empleo, chamba, jale\u2026 es una oportunidad de vida.<br>Ambos estuvieron solos compareciendo\u2026 aunque a fuerza de ser sinceros, Claudia ten\u00eda porra entre el p\u00fablico; aunque a fuerza de ser sinceros, <strong>Luis Arturo<\/strong> era acompa\u00f1ado por m\u00e1s mujeres que varones como para demostrar que la brecha laboral ya era superada por ellas y por ello tuvo la oportunidad de aventar que la brecha salarial iba disminuyendo entre ellos y ellas.<br>Cada quien su estilo, cada quien el manejo del escenario, pero con lo suficiente para que a la secretaria de Educaci\u00f3n, diputada nerviosa le cambiara el nombre (\u201c<strong>Claudia Sheinbaum<\/strong>\u201d)\u2026 y tan suficiente para que otra diputada de la Oposici\u00f3n le diera gusto que <strong>Luis Arturo<\/strong> no se molestara en ning\u00fan momento por los cuestionamientos con jiribilla que le hizo en las tres oportunidades que tuvo en sus manos el micr\u00f3fono.<br>En lo particular, de <strong>Claudia Tello<\/strong> puedo decir poco y de lo que vi en la comparecencia de ayer\u2026 pero de <strong>Luis Arturo<\/strong> podr\u00eda decir mucho al tener la oportunidad de conocer tanto al legislador como a la persona y mejor a\u00fan, al titular del Trabajo, insisto: hombre que apuesta no s\u00f3lo a lo laboral, sino tambi\u00e9n a la inclusi\u00f3n, porque en su mira tiene claro que desde la <strong>secretar\u00eda del Trabajo<\/strong>, dicho por sus propias palabras, se puede ir hacia el <strong>humanismo mexicano<\/strong> con di\u00e1logo y paz entre todos.<\/p>\n","protected":false},"excerpt":{"rendered":"<p>Salvador Mu\u00f1ozLos Pol\u00edticos Dos comparecencias que de cierto modo, marcan una diferencia entre las que llevamos.Claudia Tello, de Educaci\u00f3n, dedicando gran parte de su tiempo para responder a la Oposici\u00f3n, sin evasivas, directa.Luis Arturo Santiago, apostando al di\u00e1logo con los diputados, en especial con los de la Oposici\u00f3n.Claudia Tello es hasta ahora, la m\u00e1s ovacionada. [&hellip;]<\/p>\n","protected":false},"author":2,"featured_media":141805,"comment_status":"closed","ping_status":"closed","sticky":false,"template":"","format":"standard","meta":{"_jetpack_newsletter_access":"","_jetpack_dont_email_post_to_subs":false,"_jetpack_newsletter_tier_id":0,"_jetpack_memberships_contains_paywalled_content":false,"_jetpack_memberships_contains_paid_content":false,"footnotes":""},"categories":[70],"tags":[],"class_list":["post-157145","post","type-post","status-publish","format-standard","has-post-thumbnail","hentry","category-de-opinion"],"jetpack_featured_media_url":"https:\/\/lospoliticosveracruz.com.mx\/wp-content\/uploads\/2025\/04\/Chava-Munoz-1.jpg","jetpack_sharing_enabled":true,"jetpack_shortlink":"https:\/\/wp.me\/p4Qcd3-ESB","_links":{"self":[{"href":"https:\/\/lospoliticosveracruz.com.mx\/index.php?rest_route=\/wp\/v2\/posts\/157145","targetHints":{"allow":["GET"]}}],"collection":[{"href":"https:\/\/lospoliticosveracruz.com.mx\/index.php?rest_route=\/wp\/v2\/posts"}],"about":[{"href":"https:\/\/lospoliticosveracruz.com.mx\/index.php?rest_route=\/wp\/v2\/types\/post"}],"author":[{"embeddable":true,"href":"https:\/\/lospoliticosveracruz.com.mx\/index.php?rest_route=\/wp\/v2\/users\/2"}],"replies":[{"embeddable":true,"href":"https:\/\/lospoliticosveracruz.com.mx\/index.php?rest_route=%2Fwp%2Fv2%2Fcomments&post=157145"}],"version-history":[{"count":1,"href":"https:\/\/lospoliticosveracruz.com.mx\/index.php?rest_route=\/wp\/v2\/posts\/157145\/revisions"}],"predecessor-version":[{"id":157146,"href":"https:\/\/lospoliticosveracruz.com.mx\/index.php?rest_route=\/wp\/v2\/posts\/157145\/revisions\/157146"}],"wp:featuredmedia":[{"embeddable":true,"href":"https:\/\/lospoliticosveracruz.com.mx\/index.php?rest_route=\/wp\/v2\/media\/141805"}],"wp:attachment":[{"href":"https:\/\/lospoliticosveracruz.com.mx\/index.php?rest_route=%2Fwp%2Fv2%2Fmedia&parent=157145"}],"wp:term":[{"taxonomy":"category","embeddable":true,"href":"https:\/\/lospoliticosveracruz.com.mx\/index.php?rest_route=%2Fwp%2Fv2%2Fcategories&post=157145"},{"taxonomy":"post_tag","embeddable":true,"href":"https:\/\/lospoliticosveracruz.com.mx\/index.php?rest_route=%2Fwp%2Fv2%2Ftags&post=157145"}],"curies":[{"name":"wp","href":"https:\/\/api.w.org\/{rel}","templated":true}]}}