{"id":157158,"date":"2025-11-24T23:17:07","date_gmt":"2025-11-25T05:17:07","guid":{"rendered":"https:\/\/lospoliticosveracruz.com.mx\/?p=157158"},"modified":"2025-11-24T23:18:54","modified_gmt":"2025-11-25T05:18:54","slug":"la-nueva-alianza-de-morena-y-pvem","status":"publish","type":"post","link":"https:\/\/lospoliticosveracruz.com.mx\/?p=157158","title":{"rendered":"LA \u00abNUEVA\u00bb ALIANZA DE MORENA Y PVEM"},"content":{"rendered":"\n<p><strong>Ricardo Chua<\/strong><\/p>\n\n\n\n<p><em>Sale y Vale<\/em><\/p>\n\n\n\n<p>Despu\u00e9s del mensaje que dej\u00f3 Javier Herrera Borunda, en su informe legislativo el pasado s\u00e1bado en Veracruz.. Que el PVEM mantendr\u00e1 su alianza electoral con MORENA para la elecci\u00f3n intermedia del 2027.. Ya que la federal fue ratificada en Palacio Nacional con la Presidenta Claudia Shienbaum y el senador Manuel Velasco.. Y que la coalici\u00f3n local se sostiene por sus buenas relaciones con la gobernadora Roc\u00edo Nahle.. Pese a las luchas al interior de esa alianza por las distintas corrientes que hay en MORENA.. Los \u00abverdes\u00bb piensan sacar buenos resultados.. Pero algo queda claro, MORENA y PVEM saben que no pueden ir solos.. NO GANAR\u00cdAN LO NECESARIO..<\/p>\n\n\n\n<figure class=\"wp-block-image size-full\"><a href=\" https:\/\/legisver.gob.mx\/Inicio.php?p=sliderInfoNP&amp;i=8785682\"><img loading=\"lazy\" decoding=\"async\" width=\"728\" height=\"90\" src=\"https:\/\/lospoliticosveracruz.com.mx\/wp-content\/uploads\/2025\/10\/Legis-Cintillo.png\" alt=\"\" class=\"wp-image-155724\" srcset=\"https:\/\/lospoliticosveracruz.com.mx\/wp-content\/uploads\/2025\/10\/Legis-Cintillo.png 728w, https:\/\/lospoliticosveracruz.com.mx\/wp-content\/uploads\/2025\/10\/Legis-Cintillo-300x37.png 300w\" sizes=\"auto, (max-width: 728px) 100vw, 728px\" \/><\/a><\/figure>\n\n\n\n<p>Lo que esta coalici\u00f3n necesita, para poder seguir teniendo el control pol\u00edtico de Veracruz.. Es que REGRESE con ellos el Partido del Trabajo.. Si el PT se la \u00abjuega\u00bb s\u00f3lo de nuevo para la renovaci\u00f3n del Congreso del Estado en sus 30 distritos electorales locales.. Esto le podr\u00eda \u00ababrir\u00bb un gran \u00abboquete\u00bb a la 4T en la entidad.. Ya que en la elecci\u00f3n federal del 2027 para renovar la c\u00e1mara baja del Congreso de la Uni\u00f3n, el PT se va unido a MORENA y PVEM.. El tema es en Veracruz.. Los petistas no han dado su \u00abbrazo a torcer\u00bb para regresar a la coalici\u00f3n local.. Y ese es un trabajo que tendr\u00e1 que hacer los partidos de la 4T ac\u00e1 en la \u00abaldea\u00bb..<\/p>\n\n\n\n<p>Por eso el mensaje dado por Javier Herrera, el pasado s\u00e1bado en Boca del R\u00edo, que fue \u00abtapado\u00bb en los comentarios pol\u00edticos que se pudieron suscitar el domingo, debido al artero cr\u00edmen en contra del ex alcalde de Zongolica, Juan Carlos Mezhua Campos.. Y qu\u00e9 fue lo que le quit\u00f3 la atenci\u00f3n de la opini\u00f3n p\u00fablica y del \u00abc\u00edrculo rojo\u00bb pol\u00edtico en Veracruz.. Pero retomando el mensaje fue muy importante.. Ya que el primero fue, antes que nada, de que a Herrera Borunda, ya lo dej\u00f3 la 4T \u00abpisar\u00bb el Estado sin reclamo alguno.. Y el segundo, que la gobernadora Roc\u00edo Nahle, gana un operador pol\u00edtico en el centro del pa\u00eds.. Que no lo tiene en este momento en sus cuadros locales inmersos en el gobierno estatal..<\/p>\n\n\n\n<p>El hijo del ex gobernador Fidel Herrera Beltr\u00e1n.. Si se pone las \u00abpilas\u00bb.. Camina no s\u00f3lo en CDMX y la c\u00e1mara de diputados federales.. Si le copia un poco a lo que hac\u00eda su pap\u00e1 en operaci\u00f3n pol\u00edtica.. Se puede convertir en ese \u00abfactor\u00bb importante, que hoy es necesario en la 4T en Veracruz.. El de un negociador pol\u00edtico aliado de Roc\u00edo Nahle y de todas las corrientes de MORENA, que ella no puede controlar porque pertenecen a otros grupos pol\u00edticos, pero que Javier Herrera por si puede dialogar porque \u00e9l no les afecta en sus intenciones de poder al interior de MORENA.. Finalmente Javier es \u00abVerde\u00bb, no \u00abMoreno\u00bb.. Pero puede mantener el di\u00e1logo con ellos..<\/p>\n\n\n\n<p>De esa manera, se evitar\u00e1n \u00abfracturas\u00bb en la 4T en Veracruz.. Que pueden provocar graves da\u00f1os electorales en los 30 distritos de Veracruz para la elecci\u00f3n a diputados locales.. Ya que MORENA est\u00e1 empezando a \u00abpagar\u00bb el \u00abderecho de piso\u00bb por el ejercicio de poder en Veracruz, desde hace 7 a\u00f1os, por parte de la ciudadan\u00eda porque los reclamos se han dejado escuchar.. Y adem\u00e1s ya hay muchas inconformidades pol\u00edticas al interior de la 4T.. Que pueden \u00abreventar\u00bb en este 2026 y desde luego se pueden reflejar en los resultados de las urnas en el 2027.. Por ello necesitan operadores que unan, no que dividan m\u00e1s..<\/p>\n\n\n\n<p>Si de por s\u00ed Cuitl\u00e1huac Garc\u00eda, le dej\u00f3 severos conflictos pol\u00edticos abiertos a Roc\u00edo Nahle.. Los cuales ha tenido que ir sorteando la gobernadora en este su primer a\u00f1o de gobierno.. Y que para su mala suerte, esa \u00abfactura\u00bb la tuvo que pagar en la elecci\u00f3n del pasado 1 de junio por las alcald\u00edas en Veracruz.. Donde MORENA no tuvo los resultados esperados en Veracruz, ya que comparados con los obtenidos en el 2024, perdieron casi un mill\u00f3n de votos en menos de un a\u00f1o.. Resultado que tuvo que ver mucho la \u00abherencia\u00bb maldita de Cuitl\u00e1huac.. Por ello, quiz\u00e1s, la APERTURA a Javier Herrera..<\/p>\n\n\n\n<p>Hay que recordar tambi\u00e9n que gracias a Manuel Velasco.. La relaci\u00f3n de Herrera Borunda con la Presidenta Shienbaum es m\u00e1s que buena.. Ella lo tiene identificado muy bien.. M\u00e1s que muchos legisladores federales de Veracruz, con los cuales ni siquiera interact\u00faa.. Pero con el \u00abCachorro Fiel\u00bb si.. Eso es un \u00abpunto extra\u00bb para que con esta coalici\u00f3n del PVEM con MORENA, los pueda ayudar a seguir con la hegemon\u00eda de la 4T en Veracruz.. Por eso, Herrera puede ser ese \u00abnegociador\u00bb que la coalici\u00f3n necesita para que los grupos de la 4T \u00abjalen\u00bb parejo y no haya m\u00e1s deserciones que puedan ponerlos en peligro como paso en Papantla y Poza Rica en meses anteriores..<\/p>\n\n\n\n<p>Uno de esos ejemplos es la relaci\u00f3n personal.. Que Javier Herrera sostiene con el l\u00edder nacional del Partido del Trabajo, Alberto Anaya.. Gracias a la cercan\u00eda que el a\u00f1ejo l\u00edder petista tiene con Ricardo Monreal y Manuel Velasco.. Adem\u00e1s de que Anaya era muy amigo de su padre, Fidel Herrera Beltr\u00e1n.. Javier puede ser el acceso a Alberto Anaya.. Un acceso que no tienen en MORENA Veracruz.. Y que por las grandes diferencias con \u00e9l, fue que se \u00abrompi\u00f3\u00bb la coalici\u00f3n con MORENA y PVEM para la elecci\u00f3n a las alcald\u00edas hace unos meses.. Si alguien v\u00eda negociaciones pol\u00edticas puede hacer que regrese el PT a la 4T en el Estado.. Es el \u00abCachorro Fiel\u00bb..<\/p>\n\n\n\n<p>REFLEXI\u00d3N.. A MORENA no le queda de otra.. Que ocupar todos los medios posibles, para evitar que por \u00abfracturas\u00bb y m\u00e1s divisiones al interior para la elecci\u00f3n intermedia del 2027 al renovar el Congreso del Estado.. Y si este medio, son pol\u00edticos de otros partidos aliados como Javier Herrera Borunda, pues, no deben tener problemas para hacerlo.. Si lo importante para ellos, es seguir en el poder pol\u00edtico.. Y que no tengan \u00absorpresas\u00bb electorales.. El caso es que si Javier Herrera empieza a operar todas estas cuestiones al interior de la 4T en Veracruz y lograr fortalecer la coalici\u00f3n, con el permiso de quien le debe dar ese permiso.. Cu\u00e1l ser\u00e1 el \u00abpremio\u00bb.. La duda ah\u00ed queda.. AMEN..<\/p>\n","protected":false},"excerpt":{"rendered":"<p>Ricardo Chua Sale y Vale Despu\u00e9s del mensaje que dej\u00f3 Javier Herrera Borunda, en su informe legislativo el pasado s\u00e1bado en Veracruz.. Que el PVEM mantendr\u00e1 su alianza electoral con MORENA para la elecci\u00f3n intermedia del 2027.. Ya que la federal fue ratificada en Palacio Nacional con la Presidenta Claudia Shienbaum y el senador Manuel [&hellip;]<\/p>\n","protected":false},"author":2,"featured_media":141434,"comment_status":"closed","ping_status":"closed","sticky":false,"template":"","format":"standard","meta":{"_jetpack_newsletter_access":"","_jetpack_dont_email_post_to_subs":false,"_jetpack_newsletter_tier_id":0,"_jetpack_memberships_contains_paywalled_content":false,"_jetpack_memberships_contains_paid_content":false,"footnotes":""},"categories":[70],"tags":[1124,1026,2289,264],"class_list":["post-157158","post","type-post","status-publish","format-standard","has-post-thumbnail","hentry","category-de-opinion","tag-javier-herrera-borunda","tag-morena","tag-pt","tag-pvem"],"jetpack_featured_media_url":"https:\/\/lospoliticosveracruz.com.mx\/wp-content\/uploads\/2025\/04\/Chua-e1761364658706.jpg","jetpack_sharing_enabled":true,"jetpack_shortlink":"https:\/\/wp.me\/p4Qcd3-ESO","_links":{"self":[{"href":"https:\/\/lospoliticosveracruz.com.mx\/index.php?rest_route=\/wp\/v2\/posts\/157158","targetHints":{"allow":["GET"]}}],"collection":[{"href":"https:\/\/lospoliticosveracruz.com.mx\/index.php?rest_route=\/wp\/v2\/posts"}],"about":[{"href":"https:\/\/lospoliticosveracruz.com.mx\/index.php?rest_route=\/wp\/v2\/types\/post"}],"author":[{"embeddable":true,"href":"https:\/\/lospoliticosveracruz.com.mx\/index.php?rest_route=\/wp\/v2\/users\/2"}],"replies":[{"embeddable":true,"href":"https:\/\/lospoliticosveracruz.com.mx\/index.php?rest_route=%2Fwp%2Fv2%2Fcomments&post=157158"}],"version-history":[{"count":1,"href":"https:\/\/lospoliticosveracruz.com.mx\/index.php?rest_route=\/wp\/v2\/posts\/157158\/revisions"}],"predecessor-version":[{"id":157159,"href":"https:\/\/lospoliticosveracruz.com.mx\/index.php?rest_route=\/wp\/v2\/posts\/157158\/revisions\/157159"}],"wp:featuredmedia":[{"embeddable":true,"href":"https:\/\/lospoliticosveracruz.com.mx\/index.php?rest_route=\/wp\/v2\/media\/141434"}],"wp:attachment":[{"href":"https:\/\/lospoliticosveracruz.com.mx\/index.php?rest_route=%2Fwp%2Fv2%2Fmedia&parent=157158"}],"wp:term":[{"taxonomy":"category","embeddable":true,"href":"https:\/\/lospoliticosveracruz.com.mx\/index.php?rest_route=%2Fwp%2Fv2%2Fcategories&post=157158"},{"taxonomy":"post_tag","embeddable":true,"href":"https:\/\/lospoliticosveracruz.com.mx\/index.php?rest_route=%2Fwp%2Fv2%2Ftags&post=157158"}],"curies":[{"name":"wp","href":"https:\/\/api.w.org\/{rel}","templated":true}]}}