{"id":157167,"date":"2025-11-25T08:07:34","date_gmt":"2025-11-25T14:07:34","guid":{"rendered":"https:\/\/lospoliticosveracruz.com.mx\/?p=157167"},"modified":"2025-11-25T08:08:03","modified_gmt":"2025-11-25T14:08:03","slug":"poderes-plenipotenciarios","status":"publish","type":"post","link":"https:\/\/lospoliticosveracruz.com.mx\/?p=157167","title":{"rendered":"PODERES PLENIPOTENCIARIOS"},"content":{"rendered":"\n<p>S\u00edguenos ahora tambi\u00e9n en WhatsApp.\u00a0\u00a1<a href=\"https:\/\/whatsapp.com\/channel\/0029Va8zRWlEKyZIP3Z1dF0e\"><strong>Da clic aqu\u00ed<\/strong><\/a><strong>!<\/strong><\/p>\n\n\n\n<p><strong>Oved Contreras<br><\/strong><em>Secas Mecas<br><\/em>Si otra cosa no sucede, la mayor\u00eda morenista y sus aliados del Congreso local votar\u00e1n este martes en sesi\u00f3n para que la t\u00eda Corajes tenga poderes plenipotenciarios y ella ponga o quite al fiscal en turno, seg\u00fan ande de \u00e1nimos\u2026y as\u00ed regresaremos a los tiempos de un procurador dependiente del gobernante\u2026El entuerto ser\u00eda remover a Ver\u00f3nica Hern\u00e1ndez, colocada all\u00ed por don Boludo, y poner en su lugar a la ministra Lizbeth Aurelia Jim\u00e9nez que tendr\u00e1 l\u00ednea directa con la t\u00eda Ch\u00edo. Mentira que la fiscal\u00eda ser\u00e1 un \u00f3rgano aut\u00f3nomo m\u00e1s fuerte y m\u00e1s confiable\u2026no quieren entes aut\u00f3nomos sino serviles al poder en turno\u2026una oficial\u00eda de partes, vaya.<\/p>\n\n\n\n<figure class=\"wp-block-image size-full\"><a href=\" https:\/\/legisver.gob.mx\/Inicio.php?p=sliderInfoNP&amp;i=8785682\"><img loading=\"lazy\" decoding=\"async\" width=\"728\" height=\"90\" src=\"https:\/\/lospoliticosveracruz.com.mx\/wp-content\/uploads\/2025\/10\/Legis-Cintillo.png\" alt=\"\" class=\"wp-image-155724\" srcset=\"https:\/\/lospoliticosveracruz.com.mx\/wp-content\/uploads\/2025\/10\/Legis-Cintillo.png 728w, https:\/\/lospoliticosveracruz.com.mx\/wp-content\/uploads\/2025\/10\/Legis-Cintillo-300x37.png 300w\" sizes=\"auto, (max-width: 728px) 100vw, 728px\" \/><\/a><\/figure>\n\n\n\n<p>A ver si no sale peor el remedio: el plan seg\u00fan nos cuentan es quitar a la Ver\u00edn Giadans a quien siguen viendo como pieza clave de Patros\u00edsmico Cisneros, y que su lugar sea ocupado de manera interina por la magistrada Lisbeth Aurelia Jim\u00e9nez Aguirre\u2026que el dictamen se entreg\u00f3 desde el domingo por la noche por diputados locales del PT y este martes se realizar\u00e1 la sesi\u00f3n para la Reforma a la Constituci\u00f3n y el plan es que la magistrada Yeya sea interina y que en cuanto se hagan las reformas necesarias, sea ratificada como fiscal general.<\/p>\n\n\n\n<p>Entonces s\u00ed que se agarren los enemigos de la t\u00eda Berrinches porque van a conocer lo que es amar a Dios en tierra ajena\u2026que las vendetas de Cuitl\u00e1huac Garc\u00eda ser\u00e1n, como dice la licenciada Melchi, cuentos de pescadores que arrulla el mar en comparaci\u00f3n con la mano dura de do\u00f1a Zacatl\u00e1n de las Manzanas.<\/p>\n\n\n\n<p>TUVO PA TODOS\u2026la comadre Claudia Tello compareci\u00f3 este lunes ante el Congreso local como parte de la glosa del Primer Informe de gobierno referente a la Secretar\u00eda de Educaci\u00f3n de Veracruz y aunque no fue un d\u00eda de campo con todo lo que le ten\u00edan preparado los legisladores, lo cierto es que la comadre se defendi\u00f3 como gata boca arriba y pa todos tuvo\u2026hasta al t\u00edo HetorYu que la acusaba de tener propiedades, lo ret\u00f3 a que presentara la denuncia.<\/p>\n\n\n\n<p>Su equipo de trabajo se puso truchas y desactiv\u00f3 un operativo que presuntamente hab\u00eda montado el rey panz\u00f3n para amargarle su comparecencia con protestas afuera del palacio legislativo\u2026incluso los colaboradores de David Jim\u00e9nez difundieron un supuesto contrato firmado por la comadrita para pagar una millonada a medios de comunicaci\u00f3n para atacar al subsecretario de Educaci\u00f3n Media Superior y Superior.<\/p>\n\n\n\n<p>De este tema, la comadrita adelant\u00f3 que presentar\u00e1 una denuncia ante la fiscal\u00eda contra quienes resulten responsables por la falsificaci\u00f3n de su firma en el supuesto que contrat\u00f3 que difundieron las huestes de don panz\u00f3n, que ya tienen en la mira a una mujer que trabaja en la SEV quien habr\u00eda participado en la falsificaci\u00f3n de la firma para hacer pasar el contrato como legal.<\/p>\n\n\n\n<p>Claudia Tello afirm\u00f3 que no ha pagado por publicaciones en medios durante su gesti\u00f3n durante este 2025 como fue la instrucci\u00f3n de la t\u00eda Ch\u00edo a todos sus colaboradores: \u201cNo he sido la que ha pagado un solo peso a medios para que todo eso que est\u00e1n viendo ah\u00ed contin\u00fae. \u00bfQui\u00e9n lo haga? No s\u00e9\u201d.<\/p>\n\n\n\n<p>Aunque no se\u00f1al\u00f3 al rey panz\u00f3n, la comadrita asegur\u00f3 que hay gente que anda en campa\u00f1a para quitarla del cargo pero eso es facultad de la gobernadora Roc\u00edo Nahle y que mientras cuente con su apoyo, se mantiene al frente de la SEV para atender los problemas del sector educativo del estado\u2026 que los chismes, las mentiras y la intriga la tienen sin cuidado, y que desde su llegada trabaja sin v\u00ednculos de intereses internos y que los procedimientos administrativos se ejecutan conforme a derecho, nada de amiguismo, nepotismo, ni influyentismo.<\/p>\n\n\n\n<p>Por all\u00ed le peg\u00f3 su rasp\u00f3n al mu\u00f1ecote Zenyazen Esfobar quien estuvo al frente de la SEV durante el sexenio pasado: \u201cEfectivamente, la Secretar\u00eda de Educaci\u00f3n de Veracruz era el bot\u00edn para meter familiares, amigos, novias y dem\u00e1s. Hoy eso no sucede\u201d, adem\u00e1s afirm\u00f3 que la administraci\u00f3n de Cuitl\u00e1huac Garc\u00eda dej\u00f3 a Veracruz en primer lugar nacional en analfabetismo, adem\u00e1s de altos \u00edndices de abandono escolar y reprobaci\u00f3n.<\/p>\n\n\n\n<p>El t\u00edo HetorYu en el bloque de preguntas, acus\u00f3 a la secretaria de haber adquirido varias casas durante su gesti\u00f3n pero la comadre le respondi\u00f3: \u201cNo soy empresaria inmobiliaria, se\u00f1or H\u00e9ctor, y si lo fuera, por favor den\u00fancieme\u201d.<\/p>\n\n\n\n<p>CHIT\u00d3NNN\u2026a diferencia de otros casos donde revelaba detalles de investigaciones ministeriales en temas que le generaban ruido medi\u00e1tico, la gobernadora Roc\u00edo Nahle, se nego a dar detalles acerca de las investigaciones en torno al asesinato del ex alcalde de Zongolica, Juan carlos Mezhua Campos.<\/p>\n\n\n\n<p>En su tradicional conferencia de prensa, la t\u00eda Ch\u00edo dijo que ser\u00e1 la Fiscal\u00eda General del Estado (FGE) quien d\u00e9 a conocer los detalles sobre los avances del caso aunque adelant\u00f3 que ya hay l\u00edneas de investigaci\u00f3n, \u201cnos informaron ahorita en la ma\u00f1ana, ellos van a informar sobre el trabajo que se est\u00e1 haciendo\u201d.<\/p>\n\n\n\n<p>La mandataria lament\u00f3 el crimen y a\u00f1adi\u00f3 que se comunic\u00f3 con la hermana de Juan Carlos Mezhua para darle las condolencias y asever\u00f3 que en Veracruz hay cero impunidad, por lo que se va a actuar en contra de los responsables. Juan Carlos Mezhua, fue asesinado a balazos la ma\u00f1ana de este domingo en su negocio conocido como La Quebradora, ubicado en la comunidad de Piedras Blancas, en Zongolica. Un comando armado le dispar\u00f3 en al menos 25 ocasiones y tras el ataque, los agresores huyeron y Mezhua Campos perdi\u00f3 la vida en el sitio.<\/p>\n","protected":false},"excerpt":{"rendered":"<p>Oved ContrerasSecas MecasSi otra cosa no sucede, la mayor\u00eda morenista y sus aliados del Congreso local votar\u00e1n este martes en sesi\u00f3n para que la t\u00eda Corajes tenga poderes plenipotenciarios y ella ponga o quite al fiscal en turno, seg\u00fan ande de \u00e1nimos\u2026y as\u00ed regresaremos a los tiempos de un procurador dependiente del gobernante\u2026El entuerto ser\u00eda [&hellip;]<\/p>\n","protected":false},"author":2,"featured_media":141426,"comment_status":"closed","ping_status":"closed","sticky":false,"template":"","format":"standard","meta":{"_jetpack_newsletter_access":"","_jetpack_dont_email_post_to_subs":false,"_jetpack_newsletter_tier_id":0,"_jetpack_memberships_contains_paywalled_content":false,"_jetpack_memberships_contains_paid_content":false,"footnotes":""},"categories":[70],"tags":[19961,819,46124,3578,47558],"class_list":["post-157167","post","type-post","status-publish","format-standard","has-post-thumbnail","hentry","category-de-opinion","tag-claudia-tello","tag-congreso-local","tag-fiscalia-veracruz","tag-rocio-nahle","tag-veracruz-politica"],"jetpack_featured_media_url":"https:\/\/lospoliticosveracruz.com.mx\/wp-content\/uploads\/2025\/04\/Oved-Contreras.jpg","jetpack_sharing_enabled":true,"jetpack_shortlink":"https:\/\/wp.me\/p4Qcd3-ESX","_links":{"self":[{"href":"https:\/\/lospoliticosveracruz.com.mx\/index.php?rest_route=\/wp\/v2\/posts\/157167","targetHints":{"allow":["GET"]}}],"collection":[{"href":"https:\/\/lospoliticosveracruz.com.mx\/index.php?rest_route=\/wp\/v2\/posts"}],"about":[{"href":"https:\/\/lospoliticosveracruz.com.mx\/index.php?rest_route=\/wp\/v2\/types\/post"}],"author":[{"embeddable":true,"href":"https:\/\/lospoliticosveracruz.com.mx\/index.php?rest_route=\/wp\/v2\/users\/2"}],"replies":[{"embeddable":true,"href":"https:\/\/lospoliticosveracruz.com.mx\/index.php?rest_route=%2Fwp%2Fv2%2Fcomments&post=157167"}],"version-history":[{"count":1,"href":"https:\/\/lospoliticosveracruz.com.mx\/index.php?rest_route=\/wp\/v2\/posts\/157167\/revisions"}],"predecessor-version":[{"id":157168,"href":"https:\/\/lospoliticosveracruz.com.mx\/index.php?rest_route=\/wp\/v2\/posts\/157167\/revisions\/157168"}],"wp:featuredmedia":[{"embeddable":true,"href":"https:\/\/lospoliticosveracruz.com.mx\/index.php?rest_route=\/wp\/v2\/media\/141426"}],"wp:attachment":[{"href":"https:\/\/lospoliticosveracruz.com.mx\/index.php?rest_route=%2Fwp%2Fv2%2Fmedia&parent=157167"}],"wp:term":[{"taxonomy":"category","embeddable":true,"href":"https:\/\/lospoliticosveracruz.com.mx\/index.php?rest_route=%2Fwp%2Fv2%2Fcategories&post=157167"},{"taxonomy":"post_tag","embeddable":true,"href":"https:\/\/lospoliticosveracruz.com.mx\/index.php?rest_route=%2Fwp%2Fv2%2Ftags&post=157167"}],"curies":[{"name":"wp","href":"https:\/\/api.w.org\/{rel}","templated":true}]}}