{"id":157205,"date":"2025-11-25T21:03:10","date_gmt":"2025-11-26T03:03:10","guid":{"rendered":"https:\/\/lospoliticosveracruz.com.mx\/?p=157205"},"modified":"2025-11-25T21:03:32","modified_gmt":"2025-11-26T03:03:32","slug":"feminicidios-8","status":"publish","type":"post","link":"https:\/\/lospoliticosveracruz.com.mx\/?p=157205","title":{"rendered":"FEMINICIDIOS\u00a0"},"content":{"rendered":"\n<p><strong>Enrique Yasser Pompeyo&nbsp;<\/strong><\/p>\n\n\n\n<p><em>Mesa de Redacci\u00f3n&nbsp;<\/em><\/p>\n\n\n\n<p>En la entidad veracruzana contin\u00faan los feminicidios. A pesar de las acciones que se han implementado por parte de organismos, dependencias y organizaciones, los cr\u00edmenes contra las mujeres contin\u00faan.<\/p>\n\n\n\n<p>De acuerdo con el Observatorio Universitario de Violencias contra las Mujeres, en lo que va de este 2025 la cifra llega a 59.<\/p>\n\n\n\n<p>Al respecto, en la Regi\u00f3n Centro de la entidad se contabilizan 23 casos.<\/p>\n\n\n\n<p>En el Regi\u00f3n Norte, 19 feminicidios y en la Regi\u00f3n Sur de Veracruz, 17 casos.<\/p>\n\n\n\n<p>En ese contexto, con relaci\u00f3n a los municipios donde se han registrado los cr\u00edmenes contra las mujeres, son los siguientes:<\/p>\n\n\n\n<p>Coatzacoalcos es el municipio con el mayor n\u00famero de casos con 5.<\/p>\n\n\n\n<p>En Actopan, Alvarado, Coatzintla, Emiliano Zapata, Las Choapas, Mart\u00ednez de la Torre y Minatitl\u00e1n se han registrado dos casos en cada demarcaci\u00f3n territorial.<\/p>\n\n\n\n<p>Los municipios que registran un caso son: Acultzingo, Altotonga, Atoyac, Cosoleacaque, Coxquihui, Espinal, Fort\u00edn, Ignacio de la Llave, Ixhuac\u00e1n de los Reyes, Ixtaczoquitl\u00e1n y Nanchital.<\/p>\n\n\n\n<p>Hay un dato que llama la atenci\u00f3n. El mes donde hubo m\u00e1s feminicidios&nbsp;&nbsp;fue septiembre con 12 casos.&nbsp;<\/p>\n\n\n\n<p>En marzo y junio hubo 7 en cada mes; en mayo, julio y agosto 6; en octubre 5; en enero 4; en febrero y abril, 3.<\/p>\n\n\n\n<p>Adem\u00e1s, los casos de feminicidios por edad de la v\u00edctima son de la siguiente manera: Adulta, 42; adulta mayor, 8; menor, 2; y en 7 casos no se especifica.<\/p>\n\n\n\n<p>Como se observa, a\u00fan falta mucho por hacer en la entidad veracruzana para poder eliminar la violencia feminicida, por lo que se esperan acciones reales y contundentes para evitar m\u00e1s cr\u00edmenes contra las mujeres.&nbsp;<\/p>\n\n\n\n<p>enriquepompeyo@hotmail.com<\/p>\n","protected":false},"excerpt":{"rendered":"<p>Enrique Yasser Pompeyo&nbsp; Mesa de Redacci\u00f3n&nbsp; En la entidad veracruzana contin\u00faan los feminicidios. A pesar de las acciones que se han implementado por parte de organismos, dependencias y organizaciones, los cr\u00edmenes contra las mujeres contin\u00faan. De acuerdo con el Observatorio Universitario de Violencias contra las Mujeres, en lo que va de este 2025 la cifra [&hellip;]<\/p>\n","protected":false},"author":2,"featured_media":141425,"comment_status":"closed","ping_status":"closed","sticky":false,"template":"","format":"standard","meta":{"_jetpack_newsletter_access":"","_jetpack_dont_email_post_to_subs":false,"_jetpack_newsletter_tier_id":0,"_jetpack_memberships_contains_paywalled_content":false,"_jetpack_memberships_contains_paid_content":false,"footnotes":""},"categories":[70],"tags":[],"class_list":["post-157205","post","type-post","status-publish","format-standard","has-post-thumbnail","hentry","category-de-opinion"],"jetpack_featured_media_url":"https:\/\/lospoliticosveracruz.com.mx\/wp-content\/uploads\/2025\/04\/Pompeyo.jpg","jetpack_sharing_enabled":true,"jetpack_shortlink":"https:\/\/wp.me\/p4Qcd3-ETz","_links":{"self":[{"href":"https:\/\/lospoliticosveracruz.com.mx\/index.php?rest_route=\/wp\/v2\/posts\/157205","targetHints":{"allow":["GET"]}}],"collection":[{"href":"https:\/\/lospoliticosveracruz.com.mx\/index.php?rest_route=\/wp\/v2\/posts"}],"about":[{"href":"https:\/\/lospoliticosveracruz.com.mx\/index.php?rest_route=\/wp\/v2\/types\/post"}],"author":[{"embeddable":true,"href":"https:\/\/lospoliticosveracruz.com.mx\/index.php?rest_route=\/wp\/v2\/users\/2"}],"replies":[{"embeddable":true,"href":"https:\/\/lospoliticosveracruz.com.mx\/index.php?rest_route=%2Fwp%2Fv2%2Fcomments&post=157205"}],"version-history":[{"count":1,"href":"https:\/\/lospoliticosveracruz.com.mx\/index.php?rest_route=\/wp\/v2\/posts\/157205\/revisions"}],"predecessor-version":[{"id":157206,"href":"https:\/\/lospoliticosveracruz.com.mx\/index.php?rest_route=\/wp\/v2\/posts\/157205\/revisions\/157206"}],"wp:featuredmedia":[{"embeddable":true,"href":"https:\/\/lospoliticosveracruz.com.mx\/index.php?rest_route=\/wp\/v2\/media\/141425"}],"wp:attachment":[{"href":"https:\/\/lospoliticosveracruz.com.mx\/index.php?rest_route=%2Fwp%2Fv2%2Fmedia&parent=157205"}],"wp:term":[{"taxonomy":"category","embeddable":true,"href":"https:\/\/lospoliticosveracruz.com.mx\/index.php?rest_route=%2Fwp%2Fv2%2Fcategories&post=157205"},{"taxonomy":"post_tag","embeddable":true,"href":"https:\/\/lospoliticosveracruz.com.mx\/index.php?rest_route=%2Fwp%2Fv2%2Ftags&post=157205"}],"curies":[{"name":"wp","href":"https:\/\/api.w.org\/{rel}","templated":true}]}}