{"id":157233,"date":"2025-11-25T23:39:00","date_gmt":"2025-11-26T05:39:00","guid":{"rendered":"https:\/\/lospoliticosveracruz.com.mx\/?p=157233"},"modified":"2025-11-26T07:43:24","modified_gmt":"2025-11-26T13:43:24","slug":"aprueban-nueva-forma-para-designar-fiscal","status":"publish","type":"post","link":"https:\/\/lospoliticosveracruz.com.mx\/?p=157233","title":{"rendered":"APRUEBAN NUEVA FORMA PARA DESIGNAR FISCAL"},"content":{"rendered":"\n<p>S\u00edguenos ahora tambi\u00e9n en WhatsApp.\u00a0\u00a1<a href=\"https:\/\/whatsapp.com\/channel\/0029Va8zRWlEKyZIP3Z1dF0e\"><strong>Da clic aqu\u00ed<\/strong><\/a><strong>!<\/strong><\/p>\n\n\n\n<p><\/p>\n\n\n\n<p>Con 42 votos a favor, cinco en contra y cero abstenciones, el Pleno de la <strong>LXVII Legislatura<\/strong> del estado aprob\u00f3 el dictamen por el que se reforman diversas disposiciones de la <strong>Constituci\u00f3n Pol\u00edtica de Veracruz<\/strong> relativas al procedimiento para la designaci\u00f3n de la persona titular de la <strong>Fiscal\u00eda General del Estado (FGE)<\/strong> y la duraci\u00f3n del periodo en el cargo.<\/p>\n\n\n\n<figure class=\"wp-block-image size-full\"><a href=\" https:\/\/legisver.gob.mx\/Inicio.php?p=sliderInfoNP&amp;i=8785682\"><img loading=\"lazy\" decoding=\"async\" width=\"728\" height=\"90\" src=\"https:\/\/lospoliticosveracruz.com.mx\/wp-content\/uploads\/2025\/10\/Legis-Cintillo.png\" alt=\"\" class=\"wp-image-155724\" srcset=\"https:\/\/lospoliticosveracruz.com.mx\/wp-content\/uploads\/2025\/10\/Legis-Cintillo.png 728w, https:\/\/lospoliticosveracruz.com.mx\/wp-content\/uploads\/2025\/10\/Legis-Cintillo-300x37.png 300w\" sizes=\"auto, (max-width: 728px) 100vw, 728px\" \/><\/a><\/figure>\n\n\n\n<p>Este dictamen, presentado durante la Decimasegunda Sesi\u00f3n Ordinaria por las <strong>Comisiones Permanentes Unidas de Justicia y Puntos Constitucionales y de Procuraci\u00f3n de Justicia<\/strong>, es resultado del an\u00e1lisis conjunto de las iniciativas presentadas el 27 de noviembre de 2024, por el diputado <strong>Diego Casta\u00f1eda Aburto<\/strong>, y el 19 de junio de 2025, por la legisladora <strong>Elizabeth Morales Garc\u00eda<\/strong> y el legislador <strong>Ram\u00f3n D\u00edaz \u00c1vila<\/strong>.<\/p>\n\n\n\n<p>De acuerdo con el dictamen, con esta reforma se redefinir\u00eda y fortalecer\u00eda la inserci\u00f3n de la <strong>FGE<\/strong> en la arquitectura del poder p\u00fablico para optimizar su funcionamiento, garantizando su eficacia y asegurando su rendici\u00f3n de cuentas.<\/p>\n\n\n\n<p>Se transitar\u00eda de un modelo de designaci\u00f3n que, en la pr\u00e1ctica, ha demostrado ser susceptible de generar par\u00e1lisis institucional y vac\u00edos de responsabilidad, hacia una nueva visi\u00f3n que privilegiar\u00e1 la colaboraci\u00f3n arm\u00f3nica entre los poderes, la celeridad en las decisiones cr\u00edticas y una clara e inequ\u00edvoca l\u00ednea de responsabilidad pol\u00edtica.<\/p>\n\n\n\n<p>El proyecto considera necesario establecer la obligatoriedad de que la propuesta para ocupar la titularidad del organismo aut\u00f3nomo sea sometida a la aprobaci\u00f3n de las dos terceras partes de las diputadas y los diputados presentes el d\u00eda de la elecci\u00f3n.<\/p>\n\n\n\n<p>De esta manera, se establecer\u00eda en la Constituci\u00f3n que la o el titular de la <strong>FGE<\/strong> dure en el cargo cuatro a\u00f1os, pudiendo ser ratificado o ratificada por la o el titular del <strong>Poder Ejecutivo<\/strong> para un segundo y \u00faltimo periodo de igual duraci\u00f3n, haci\u00e9ndolo del conocimiento del Congreso para la protesta de ley.<\/p>\n\n\n\n<p>El nombramiento de <strong>Fiscal General<\/strong> se realizar\u00e1 a propuesta de la persona titular del <strong>Poder Ejecutivo<\/strong> y sometido a la consideraci\u00f3n del <strong>Congreso del Estado<\/strong>, el cual deber\u00e1 resolver dentro del improrrogable t\u00e9rmino de cinco d\u00edas h\u00e1biles.<\/p>\n\n\n\n<p>El Congreso aprobar\u00e1 la propuesta por las dos terceras partes de las diputadas y los diputados presentes; en caso de que no se pronuncie respecto de la propuesta en el plazo se\u00f1alado para tal efecto, se entender\u00e1 por aprobada. En cualquiera de dichos supuestos se llamar\u00e1 a la persona designada para la debida protesta de ley.<\/p>\n\n\n\n<p>En caso de que la propuesta no sea aprobada, se solicitar\u00e1 al <strong>Poder Ejecutivo<\/strong> que remita una segunda propuesta, misma que ser\u00e1 sometida a votaci\u00f3n en los t\u00e9rminos del p\u00e1rrafo anterior para su aprobaci\u00f3n, dentro de los dos d\u00edas h\u00e1biles siguientes.<\/p>\n\n\n\n<p>De no pronunciarse el Congreso dentro de este plazo, o si esta segunda propuesta no fuese aprobada, la persona titular del <strong>Poder Ejecutivo<\/strong> tendr\u00e1 la facultad de designar la titularidad de la <strong>FGE<\/strong> de entre las dos personas que integraron las propuestas previamente sometidas a la consideraci\u00f3n de la representaci\u00f3n popular.<\/p>\n\n\n\n<p>La persona titular de la <strong>FGE<\/strong> podr\u00e1 ser removida por quien encabece el <strong>Poder Ejecutivo<\/strong> por las causas graves que establezca la ley. La remoci\u00f3n podr\u00e1 ser objetada por el Congreso con la misma votaci\u00f3n requerida para su nombramiento dentro de un plazo de cinco d\u00edas h\u00e1biles, en cuyo caso, el o la titular de la FGE ser\u00e1 restituida en el ejercicio de sus funciones. Si el Congreso no se pronunciare al respecto, se entender\u00e1 que no existe objeci\u00f3n.<\/p>\n\n\n\n<p>Al tratarse de reformas a la Constituci\u00f3n y en apego a lo establecido en la <strong>Ley Reglamentaria del Art\u00edculo 84<\/strong> de la <strong>Carta Magna<\/strong>, tras su aprobaci\u00f3n por parte del Pleno, la presidenta de la <strong>Mesa Directiva<\/strong>, diputada <strong>Naomi Edith G\u00f3mez Santos<\/strong>, instruy\u00f3 remitir el decreto a los municipios del estado, para su valoraci\u00f3n.<\/p>\n\n\n\n<h2 class=\"wp-block-heading\">El debate<\/h2>\n\n\n\n<p>Por el <strong>Grupo Legislativo de Morena<\/strong>, la diputada <strong>Ingrid Jeny Calder\u00f3n Dom\u00ednguez<\/strong> adelant\u00f3 el voto a favor del dictamen, ya que, afirm\u00f3, Veracruz merece un sistema de procuraci\u00f3n de justicia justo, digno e imparcial y que entregue resultados en corto tiempo. Extern\u00f3 que la colaboraci\u00f3n de los poderes <strong>Ejecutivo<\/strong> y <strong>Legislativo<\/strong> refrenda la visi\u00f3n compartida de una cultura de paz impulsada por la gobernadora <strong>Roc\u00edo Nahle Garc\u00eda<\/strong>.<\/p>\n\n\n\n<p>Asever\u00f3 que este nuevo modelo recompensa el resultado de quien est\u00e9 al frente de la <strong>FGE<\/strong> y se pronunci\u00f3 por contar con un servidor p\u00fablico que se deba al pueblo y que entienda el dolor de la gente, que no revictimice y que d\u00e9 atenci\u00f3n a todos los veracruzanos.<\/p>\n\n\n\n<p>El coordinador del <strong>Grupo Legislativo del Partido Verde Ecologista de M\u00e9xico (PVEM)<\/strong>, diputado <strong>Carlos Marcelo Ruiz S\u00e1nchez<\/strong>, indic\u00f3 que este dictamen fortalece a Veracruz, a la procuraci\u00f3n de justicia y a la confianza de la ciudadan\u00eda en las instituciones. A\u00f1adi\u00f3 que se elimina la posibilidad de un vac\u00edo constitucional, se reducen los tiempos inoperantes y se da certeza al proceso y atribuciones a quien por mandato popular es quien asume la atenci\u00f3n b\u00e1sica en materia de seguridad, al <strong>Poder Ejecutivo<\/strong>, quien trabajar\u00e1 en coordinaci\u00f3n con el <strong>Legislativo<\/strong>.<\/p>\n\n\n\n<p>La diputada <strong>Indira de Jes\u00fas Rosales San Rom\u00e1n<\/strong>, del <strong>Grupo Legislativo del Partido Acci\u00f3n Nacional (PAN)<\/strong>, expres\u00f3 que la reforma representa un grave retroceso en la autonom\u00eda del organismo aut\u00f3nomo, se pronunci\u00f3 en contra de que una sola persona tenga la atribuci\u00f3n para elegir a la titularidad de la Fiscal\u00eda y agreg\u00f3 que no hay garant\u00edas para quienes buscan justicia.<\/p>\n\n\n\n<p>En nombre del <strong>Grupo Legislativo Mixto Veracruz Nos Une (VNU)<\/strong>, la diputada <strong>Montserrat Ortega Ruiz<\/strong> expres\u00f3 que el dictamen modifica de manera sustantiva el equilibrio institucional y que la propuesta se opone a los principios rectores de la funci\u00f3n de procuraci\u00f3n de justicia al perder independencia, lo cual, a\u00f1adi\u00f3, impacta de manera directa en la confianza ciudadana en el combate a la impunidad y en la credibilidad de las instituciones encargadas de investigar los delitos.<\/p>\n\n\n\n<p>Por el <strong>Partido del Trabajo (PT)<\/strong>, el legislador <strong>Ram\u00f3n D\u00edaz \u00c1vila<\/strong> se pronunci\u00f3 a favor del dictamen, al considerar que el modelo propuesto presenta una evoluci\u00f3n en la procuraci\u00f3n de justicia y deja atr\u00e1s un modelo est\u00e1tico y obligatorio transexenal por un per\u00edodo m\u00e1s corto, abona a la eficiencia en el trabajo y est\u00e1 m\u00e1s alineado con los cambios y demandas sociales, asegurando que las pol\u00edticas y estrategias institucionales est\u00e9n en sinton\u00eda con las necesidades actuales de la ciudadan\u00eda.<\/p>\n\n\n\n<p>A su vez, el diputado <strong>Adri\u00e1n Sigfrido \u00c1vila Estrada<\/strong>, del partido <strong>Movimiento Ciudadano (MC)<\/strong>, manifest\u00f3 que, tras un an\u00e1lisis jur\u00eddico serio de la propuesta, es concluyente que el modelo propuesto no solo es Constitucionalmente viable, sino que representa un avance necesario en la organizaci\u00f3n de la Procuraci\u00f3n de Justicia en Veracruz. Destac\u00f3 la modificaci\u00f3n del periodo de ejercicio del cargo, que \u201cpermitir\u00e1 mayor estabilidad y mejor evaluaci\u00f3n del desempe\u00f1o\u201d. Adelant\u00f3 el voto a favor de la reforma que, dijo, abre paso a un esquema m\u00e1s directo, basado en propuestas y di\u00e1logo constructivo.<\/p>\n\n\n\n<p>En el debate en lo general participaron las diputadas <strong>Mar\u00eda Elena C\u00f3rdova Molina<\/strong> y <strong>Elizabeth Morales Garc\u00eda<\/strong> y el diputado <strong>Luis Vicente Aguilar Castillo<\/strong>.<\/p>\n","protected":false},"excerpt":{"rendered":"<p>Con 42 votos a favor, cinco en contra y cero abstenciones, el Pleno de la LXVII Legislatura del estado aprob\u00f3 el dictamen por el que se reforman diversas disposiciones de la Constituci\u00f3n Pol\u00edtica de Veracruz relativas al procedimiento para la designaci\u00f3n de la persona titular de la Fiscal\u00eda General del Estado (FGE) y la duraci\u00f3n [&hellip;]<\/p>\n","protected":false},"author":2,"featured_media":157230,"comment_status":"closed","ping_status":"closed","sticky":false,"template":"","format":"standard","meta":{"_jetpack_newsletter_access":"","_jetpack_dont_email_post_to_subs":false,"_jetpack_newsletter_tier_id":0,"_jetpack_memberships_contains_paywalled_content":false,"_jetpack_memberships_contains_paid_content":false,"footnotes":""},"categories":[43718],"tags":[1570,47570,468,47572,47569],"class_list":["post-157233","post","type-post","status-publish","format-standard","has-post-thumbnail","hentry","category-elpalaciodeencanto","tag-congreso-veracruz","tag-fge-designacion","tag-poder-ejecutivo","tag-procuracion-justicia","tag-reforma-fiscalia-veracruz"],"jetpack_featured_media_url":"https:\/\/lospoliticosveracruz.com.mx\/wp-content\/uploads\/2025\/11\/WhatsApp-Image-2025-11-26-at-07.33.25.jpeg","jetpack_sharing_enabled":true,"jetpack_shortlink":"https:\/\/wp.me\/p4Qcd3-EU1","_links":{"self":[{"href":"https:\/\/lospoliticosveracruz.com.mx\/index.php?rest_route=\/wp\/v2\/posts\/157233","targetHints":{"allow":["GET"]}}],"collection":[{"href":"https:\/\/lospoliticosveracruz.com.mx\/index.php?rest_route=\/wp\/v2\/posts"}],"about":[{"href":"https:\/\/lospoliticosveracruz.com.mx\/index.php?rest_route=\/wp\/v2\/types\/post"}],"author":[{"embeddable":true,"href":"https:\/\/lospoliticosveracruz.com.mx\/index.php?rest_route=\/wp\/v2\/users\/2"}],"replies":[{"embeddable":true,"href":"https:\/\/lospoliticosveracruz.com.mx\/index.php?rest_route=%2Fwp%2Fv2%2Fcomments&post=157233"}],"version-history":[{"count":1,"href":"https:\/\/lospoliticosveracruz.com.mx\/index.php?rest_route=\/wp\/v2\/posts\/157233\/revisions"}],"predecessor-version":[{"id":157234,"href":"https:\/\/lospoliticosveracruz.com.mx\/index.php?rest_route=\/wp\/v2\/posts\/157233\/revisions\/157234"}],"wp:featuredmedia":[{"embeddable":true,"href":"https:\/\/lospoliticosveracruz.com.mx\/index.php?rest_route=\/wp\/v2\/media\/157230"}],"wp:attachment":[{"href":"https:\/\/lospoliticosveracruz.com.mx\/index.php?rest_route=%2Fwp%2Fv2%2Fmedia&parent=157233"}],"wp:term":[{"taxonomy":"category","embeddable":true,"href":"https:\/\/lospoliticosveracruz.com.mx\/index.php?rest_route=%2Fwp%2Fv2%2Fcategories&post=157233"},{"taxonomy":"post_tag","embeddable":true,"href":"https:\/\/lospoliticosveracruz.com.mx\/index.php?rest_route=%2Fwp%2Fv2%2Ftags&post=157233"}],"curies":[{"name":"wp","href":"https:\/\/api.w.org\/{rel}","templated":true}]}}