{"id":157245,"date":"2025-11-26T08:30:17","date_gmt":"2025-11-26T14:30:17","guid":{"rendered":"https:\/\/lospoliticosveracruz.com.mx\/?p=157245"},"modified":"2025-11-26T08:30:50","modified_gmt":"2025-11-26T14:30:50","slug":"revocacion-y-el-dilema-en-palacio-nacional","status":"publish","type":"post","link":"https:\/\/lospoliticosveracruz.com.mx\/?p=157245","title":{"rendered":"REVOCACI\u00d3N Y EL DILEMA EN PALACIO NACIONAL"},"content":{"rendered":"\n<p>S\u00edguenos ahora tambi\u00e9n en WhatsApp.\u00a0\u00a1<a href=\"https:\/\/whatsapp.com\/channel\/0029Va8zRWlEKyZIP3Z1dF0e\"><strong>Da clic aqu\u00ed<\/strong><\/a><strong>!<\/strong><\/p>\n\n\n\n<p><strong>Alejandro Aguirre Guerrero<br><\/strong><\/p>\n\n\n\n<p><em>Al respecto\u2026<br><\/em><\/p>\n\n\n\n<p>Cuando AMLO se someti\u00f3 a su consulta de revocaci\u00f3n de mandato, aquel 10 de abril de 2022 (y que \u00e9l mismo decidi\u00f3 cambiar su nombre a \u201cratificaci\u00f3n\u201d), fue porque la entonces mayor\u00eda opositora en el congreso le impidi\u00f3 realizarla a la par de las elecciones intermedias, es decir, en el 2021.<\/p>\n\n\n\n<figure class=\"wp-block-image size-full\"><a href=\" https:\/\/legisver.gob.mx\/Inicio.php?p=sliderInfoNP&amp;i=8785682\"><img loading=\"lazy\" decoding=\"async\" width=\"728\" height=\"90\" src=\"https:\/\/lospoliticosveracruz.com.mx\/wp-content\/uploads\/2025\/10\/Legis-Cintillo.png\" alt=\"\" class=\"wp-image-155724\" srcset=\"https:\/\/lospoliticosveracruz.com.mx\/wp-content\/uploads\/2025\/10\/Legis-Cintillo.png 728w, https:\/\/lospoliticosveracruz.com.mx\/wp-content\/uploads\/2025\/10\/Legis-Cintillo-300x37.png 300w\" sizes=\"auto, (max-width: 728px) 100vw, 728px\" \/><\/a><\/figure>\n\n\n\n<p>En los relevantes comicios de ese entonces se renovaban 500 diputaciones federales, 15 gubernaturas, 30 congresos estatales y m\u00e1s de mil 900 presidenciales municipales. L\u00f3pez Obrador no pudo solicitar el \u201cvoto alineado\u201d porque aquella oposici\u00f3n (que hoy ya no existe), logr\u00f3 cruzarse.<\/p>\n\n\n\n<p>En aquella revocaci\u00f3n de mandato particip\u00f3 poco menos del 18 por ciento del padr\u00f3n, y no pudo \u201cofilcializarse\u201d o hacerse vinculatoria porque la Constituci\u00f3n ped\u00eda el 40 por ciento del electorado. Fue as\u00ed como dicha consulta, sin importar el n\u00famero de personas que sufragaron, vot\u00f3 mayoritariamente por AMLO, aunque se qued\u00f3 (de manera formal) en la an\u00e9cdota.<\/p>\n\n\n\n<p>Ya en el presente, es claro que la Presidenta Sheinbaum se someter\u00e1 a la revocaci\u00f3n de mandato porque as\u00ed est\u00e1 en la Constituci\u00f3n, pero a\u00fan no decide si buscar\u00e1 adelantarla un a\u00f1o, es decir, al 2027, haci\u00e9ndola coincidir con la gran elecci\u00f3n intermedia, o bien, efectuarla como se encuentra estipulada: en el 2028.<\/p>\n\n\n\n<p>Y aunque la intenci\u00f3n real de la presidenta sea la de optimizar los recursos econ\u00f3micos (juntando su consulta de revocaci\u00f3n con las intermedias), despu\u00e9s de lo intentado por AMLO puede pensarse que se trata de algo similar.<\/p>\n\n\n\n<p>Por eso la presidenta se dar\u00e1 el tiempo (y as\u00ed lo ha comunicado), de quitarle la aprobaci\u00f3n \u201cvaporizada\u201d al tema en la c\u00e1mara, someterlo a una discusi\u00f3n amplia y as\u00ed, darse un tiempo para pensarlo, pues su gesti\u00f3n no tiene que parecerse a la de AMLO (ni debe serlo), aunque entre ellos exista profundo aprecio y respeto.<\/p>\n\n\n\n<p>\u201cNo se trata de que alguien est\u00e9 pidiendo una revocaci\u00f3n de mandato, eso ya est\u00e1 en la Constituci\u00f3n. Lo que se discute es cu\u00e1ndo se llevar\u00eda a cabo: si en 2027 o en 2028, como ocurri\u00f3 en el caso de L\u00f3pez Obrador\u201d, explic\u00f3 en alguna de sus conferencias.<\/p>\n\n\n\n<p>Al tema le queda cuerda, pues la presidenta pidi\u00f3 que se analice bastante antes de votarse en el pr\u00f3ximo periodo legislativo.<\/p>\n\n\n\n<p>Veremos qu\u00e9 ocurre, y si de verdad ocurre.<\/p>\n\n\n\n<p>X: @aaguirre_g<\/p>\n","protected":false},"excerpt":{"rendered":"<p>Alejandro Aguirre Guerrero Al respecto\u2026 Cuando AMLO se someti\u00f3 a su consulta de revocaci\u00f3n de mandato, aquel 10 de abril de 2022 (y que \u00e9l mismo decidi\u00f3 cambiar su nombre a \u201cratificaci\u00f3n\u201d), fue porque la entonces mayor\u00eda opositora en el congreso le impidi\u00f3 realizarla a la par de las elecciones intermedias, es decir, en el [&hellip;]<\/p>\n","protected":false},"author":2,"featured_media":141373,"comment_status":"closed","ping_status":"closed","sticky":false,"template":"","format":"standard","meta":{"_jetpack_newsletter_access":"","_jetpack_dont_email_post_to_subs":false,"_jetpack_newsletter_tier_id":0,"_jetpack_memberships_contains_paywalled_content":false,"_jetpack_memberships_contains_paid_content":false,"footnotes":""},"categories":[70],"tags":[47589,9627,47587,1003,47588,14240],"class_list":["post-157245","post","type-post","status-publish","format-standard","has-post-thumbnail","hentry","category-de-opinion","tag-analisis-politico","tag-claudia-sheinbaum","tag-elecciones-intermedias","tag-lopez-obrador","tag-politica-nacional-mexico","tag-revocacion-de-mandato"],"jetpack_featured_media_url":"https:\/\/lospoliticosveracruz.com.mx\/wp-content\/uploads\/2025\/04\/Alejandro-Aguirre-Guerrero.jpg","jetpack_sharing_enabled":true,"jetpack_shortlink":"https:\/\/wp.me\/p4Qcd3-EUd","_links":{"self":[{"href":"https:\/\/lospoliticosveracruz.com.mx\/index.php?rest_route=\/wp\/v2\/posts\/157245","targetHints":{"allow":["GET"]}}],"collection":[{"href":"https:\/\/lospoliticosveracruz.com.mx\/index.php?rest_route=\/wp\/v2\/posts"}],"about":[{"href":"https:\/\/lospoliticosveracruz.com.mx\/index.php?rest_route=\/wp\/v2\/types\/post"}],"author":[{"embeddable":true,"href":"https:\/\/lospoliticosveracruz.com.mx\/index.php?rest_route=\/wp\/v2\/users\/2"}],"replies":[{"embeddable":true,"href":"https:\/\/lospoliticosveracruz.com.mx\/index.php?rest_route=%2Fwp%2Fv2%2Fcomments&post=157245"}],"version-history":[{"count":1,"href":"https:\/\/lospoliticosveracruz.com.mx\/index.php?rest_route=\/wp\/v2\/posts\/157245\/revisions"}],"predecessor-version":[{"id":157246,"href":"https:\/\/lospoliticosveracruz.com.mx\/index.php?rest_route=\/wp\/v2\/posts\/157245\/revisions\/157246"}],"wp:featuredmedia":[{"embeddable":true,"href":"https:\/\/lospoliticosveracruz.com.mx\/index.php?rest_route=\/wp\/v2\/media\/141373"}],"wp:attachment":[{"href":"https:\/\/lospoliticosveracruz.com.mx\/index.php?rest_route=%2Fwp%2Fv2%2Fmedia&parent=157245"}],"wp:term":[{"taxonomy":"category","embeddable":true,"href":"https:\/\/lospoliticosveracruz.com.mx\/index.php?rest_route=%2Fwp%2Fv2%2Fcategories&post=157245"},{"taxonomy":"post_tag","embeddable":true,"href":"https:\/\/lospoliticosveracruz.com.mx\/index.php?rest_route=%2Fwp%2Fv2%2Ftags&post=157245"}],"curies":[{"name":"wp","href":"https:\/\/api.w.org\/{rel}","templated":true}]}}