{"id":157247,"date":"2025-11-26T08:55:28","date_gmt":"2025-11-26T14:55:28","guid":{"rendered":"https:\/\/lospoliticosveracruz.com.mx\/?p=157247"},"modified":"2025-11-26T08:55:43","modified_gmt":"2025-11-26T14:55:43","slug":"veracruz-el-estado-del-8","status":"publish","type":"post","link":"https:\/\/lospoliticosveracruz.com.mx\/?p=157247","title":{"rendered":"VERACRUZ, EL ESTADO DEL 8"},"content":{"rendered":"\n<p><\/p>\n\n\n\n<p>S\u00edguenos ahora tambi\u00e9n en WhatsApp.\u00a0\u00a1<a href=\"https:\/\/whatsapp.com\/channel\/0029Va8zRWlEKyZIP3Z1dF0e\"><strong>Da clic aqu\u00ed<\/strong><\/a><strong>!<\/strong><\/p>\n\n\n\n<p>El Centro M\u00e9xico Eval\u00faa ubic\u00f3 a Veracruz entre las primeras siete entidades del pa\u00eds con menos violencia letal durante los \u00faltimos 10 meses.<\/p>\n\n\n\n<p>Luego de que se diera a conocer que Veracruz es el octavo estado m\u00e1s seguro, este centro de an\u00e1lisis hizo una evaluaci\u00f3n y monitoreo colocando a la entidad detr\u00e1s de Yucat\u00e1n, Tlaxcala, Coahuila, Durango, Chiapas y San Luis Potos\u00ed, las cuales registran la violencia letal m\u00e1s baja en la Rep\u00fablica Mexicana.<\/p>\n\n\n\n<p>De esta manera, durante el primer a\u00f1o de la gobernadora Roc\u00edo Nahle Garc\u00eda este rubro tuvo un decremento del 4.6 por ciento en la variaci\u00f3n respecto al 2024, con una tasa de 26.8 por ciento, la cual es inferior al promedio nacional de 55.8 por ciento respecto a v\u00edctimas letales por cada 100 mil habitantes.<\/p>\n\n\n\n<p>El Centro M\u00e9xico Eval\u00faa precis\u00f3 que la informaci\u00f3n proviene del Secretariado Ejecutivo del Sistema Nacional de Seguridad P\u00fablica con corte a octubre del 2025.<\/p>\n\n\n\n<p>La semana pasada, el Secretaro de Seguridad P\u00fablica en Veracruz, Alfonso Reyes Garc\u00e9s, confirm\u00f3 que la incidencia total de delitos en el estado present\u00f3 una disminuci\u00f3n del 11 por ciento por 100 mil habitantes y de ocho por ciento en el total de delitos cometidos, resultado que lo ubica como la octava entidad m\u00e1s segura del pa\u00eds<\/p>\n","protected":false},"excerpt":{"rendered":"<p>El Centro M\u00e9xico Eval\u00faa ubic\u00f3 a Veracruz entre las primeras siete entidades del pa\u00eds con menos violencia letal durante los \u00faltimos 10 meses. Luego de que se diera a conocer que Veracruz es el octavo estado m\u00e1s seguro, este centro de an\u00e1lisis hizo una evaluaci\u00f3n y monitoreo colocando a la entidad detr\u00e1s de Yucat\u00e1n, Tlaxcala, [&hellip;]<\/p>\n","protected":false},"author":2,"featured_media":157248,"comment_status":"closed","ping_status":"closed","sticky":false,"template":"","format":"standard","meta":{"_jetpack_newsletter_access":"","_jetpack_dont_email_post_to_subs":false,"_jetpack_newsletter_tier_id":0,"_jetpack_memberships_contains_paywalled_content":false,"_jetpack_memberships_contains_paid_content":false,"footnotes":""},"categories":[72],"tags":[47593,47592,25063,47590,3578,47591],"class_list":["post-157247","post","type-post","status-publish","format-standard","has-post-thumbnail","hentry","category-palomazos","tag-cifras-oficiales-seguridad","tag-incidencia-delictiva-veracruz","tag-mexico-evalua","tag-reduccion-violencia-letal","tag-rocio-nahle","tag-veracruz-seguridad"],"jetpack_featured_media_url":"https:\/\/lospoliticosveracruz.com.mx\/wp-content\/uploads\/2025\/11\/Mexico-Evalua.jpeg","jetpack_sharing_enabled":true,"jetpack_shortlink":"https:\/\/wp.me\/p4Qcd3-EUf","_links":{"self":[{"href":"https:\/\/lospoliticosveracruz.com.mx\/index.php?rest_route=\/wp\/v2\/posts\/157247","targetHints":{"allow":["GET"]}}],"collection":[{"href":"https:\/\/lospoliticosveracruz.com.mx\/index.php?rest_route=\/wp\/v2\/posts"}],"about":[{"href":"https:\/\/lospoliticosveracruz.com.mx\/index.php?rest_route=\/wp\/v2\/types\/post"}],"author":[{"embeddable":true,"href":"https:\/\/lospoliticosveracruz.com.mx\/index.php?rest_route=\/wp\/v2\/users\/2"}],"replies":[{"embeddable":true,"href":"https:\/\/lospoliticosveracruz.com.mx\/index.php?rest_route=%2Fwp%2Fv2%2Fcomments&post=157247"}],"version-history":[{"count":1,"href":"https:\/\/lospoliticosveracruz.com.mx\/index.php?rest_route=\/wp\/v2\/posts\/157247\/revisions"}],"predecessor-version":[{"id":157249,"href":"https:\/\/lospoliticosveracruz.com.mx\/index.php?rest_route=\/wp\/v2\/posts\/157247\/revisions\/157249"}],"wp:featuredmedia":[{"embeddable":true,"href":"https:\/\/lospoliticosveracruz.com.mx\/index.php?rest_route=\/wp\/v2\/media\/157248"}],"wp:attachment":[{"href":"https:\/\/lospoliticosveracruz.com.mx\/index.php?rest_route=%2Fwp%2Fv2%2Fmedia&parent=157247"}],"wp:term":[{"taxonomy":"category","embeddable":true,"href":"https:\/\/lospoliticosveracruz.com.mx\/index.php?rest_route=%2Fwp%2Fv2%2Fcategories&post=157247"},{"taxonomy":"post_tag","embeddable":true,"href":"https:\/\/lospoliticosveracruz.com.mx\/index.php?rest_route=%2Fwp%2Fv2%2Ftags&post=157247"}],"curies":[{"name":"wp","href":"https:\/\/api.w.org\/{rel}","templated":true}]}}