{"id":157250,"date":"2025-11-26T09:04:53","date_gmt":"2025-11-26T15:04:53","guid":{"rendered":"https:\/\/lospoliticosveracruz.com.mx\/?p=157250"},"modified":"2025-11-26T09:05:16","modified_gmt":"2025-11-26T15:05:16","slug":"la-ceapp-un-bien-necesario","status":"publish","type":"post","link":"https:\/\/lospoliticosveracruz.com.mx\/?p=157250","title":{"rendered":"LA CEAPP, UN BIEN NECESARIO"},"content":{"rendered":"\n<p>S\u00edguenos ahora tambi\u00e9n en WhatsApp.\u00a0\u00a1<a href=\"https:\/\/whatsapp.com\/channel\/0029Va8zRWlEKyZIP3Z1dF0e\"><strong>Da clic aqu\u00ed<\/strong><\/a><strong>!<\/strong><\/p>\n\n\n\n<p><strong>Sergio Gonz\u00e1lez Levet<\/strong><\/p>\n\n\n\n<p><em>Sin tacto<br><\/em><br>Cuando atendemos a las dif\u00edciles y complicadas condiciones en que se tiene que ejercer el periodismo en M\u00e9xico y particularmente en Veracruz, no es nada gratuito que deba existir una instancia oficial que se encargue de dar atenci\u00f3n a los reporteros y comunic\u00f3logos que por una de tantas razones caen en alguna situaci\u00f3n delicada.<\/p>\n\n\n\n<figure class=\"wp-block-image size-full\"><a href=\" https:\/\/legisver.gob.mx\/Inicio.php?p=sliderInfoNP&amp;i=8785682\"><img loading=\"lazy\" decoding=\"async\" width=\"728\" height=\"90\" src=\"https:\/\/lospoliticosveracruz.com.mx\/wp-content\/uploads\/2025\/10\/Legis-Cintillo.png\" alt=\"\" class=\"wp-image-155724\" srcset=\"https:\/\/lospoliticosveracruz.com.mx\/wp-content\/uploads\/2025\/10\/Legis-Cintillo.png 728w, https:\/\/lospoliticosveracruz.com.mx\/wp-content\/uploads\/2025\/10\/Legis-Cintillo-300x37.png 300w\" sizes=\"auto, (max-width: 728px) 100vw, 728px\" \/><\/a><\/figure>\n\n\n\n<pre class=\"wp-block-code\"><code> En nuestro estado funciona desde el 29 de noviembre de 2012 la Comisi\u00f3n Estatal para la Atenci\u00f3n y Protecci\u00f3n de los Periodistas (CEAPP), cuya primera titular fue la doctora Namiko Matsumoto Ben\u00edtez, una acad\u00e9mica de altos vuelos, especializada en el asunto pedregoso de los derechos humanos, que le infundi\u00f3 a la naciente \u00e1rea su personalidad y su \u00edmpetu. Debe decirse que esos tiempos eran de violencia inusitada en contra de los periodistas veracruzanos y la Comisi\u00f3n tuvo que entrar al quite en situaciones de extrema peligrosidad, cuando perdimos a muy valiosos colegas que dieron la vida en las batallas para garantizar la comunicaci\u00f3n.\n\n Lo que pudo hacer Namiko Matsumoto en esas condiciones fue mucho dentro del clima de enfrentamiento entre las autoridades responsables y las c\u00e9lulas del crimen organizado que pululaban y se peleaban la plaza de Veracruz con especial violencia.\n\n Con el t\u00e9rmino de la administraci\u00f3n de Javier Duarte en 2016, la inseguridad para los comunic\u00f3logos pas\u00f3 de insoportable a simplemente alt\u00edsima y la CEAPP sigui\u00f3 cumpliendo su funci\u00f3n de atender y en lo posible proteger a reporteros y fot\u00f3grafos que segu\u00edan teniendo que arriesgar la vida para poder contarle a la gente y registrar en la memoria colectiva las historias de nuestra terrible realidad.\n\n Tiempo despu\u00e9s, el ligero descenso de la peligrosidad dio p\u00e1bulo a que la CEAPP pudiera dedicarse tambi\u00e9n a otras necesidades de la prensa, y as\u00ed muchos reporteros se vieron beneficiados -y lo siguen haciendo- con otro tipo de atenciones que si no son tan estruendosas como la protecci\u00f3n de la vida, s\u00ed hacen mella en ciertas condiciones profesionales y cotidianas que mejoran sensiblemente las oportunidades para desarrollar su trabajo en condiciones m\u00e1s aceptables.\n\n Cursos de capacitaci\u00f3n, diplomados sobre temas de gran actualidad, apoyo en situaciones de enfermedad, seguimiento en algunos tr\u00e1mites, asesor\u00eda y apoyo jur\u00eddico son acciones que se enderezan en favor de los reporteros de a pie, \u00e9sos que cotidianamente hacen su labor con vocaci\u00f3n y sacrificio, pero tambi\u00e9n con un fervor digno de uno de los mejores derechos del hombre, el de estar debidamente informado.\n\n No pongo nombres para evitar olvidos injustos, pero quienes ahora est\u00e1n al frente de la Comisi\u00f3n -consejeros y funcionarios- han conseguido que se mantenga un nivel de atenci\u00f3n a la altura de las crecientes necesidades de la prensa en el estado.\n\n Hay CEAPP para rato, y lo pueden signar quienes han sido objeto de sus atenciones y su protecci\u00f3n, que no son pocos.<\/code><\/pre>\n\n\n\n<p>sglevet@gmail.com<\/p>\n","protected":false},"excerpt":{"rendered":"<p>Sergio Gonz\u00e1lez Levet Sin tactoCuando atendemos a las dif\u00edciles y complicadas condiciones en que se tiene que ejercer el periodismo en M\u00e9xico y particularmente en Veracruz, no es nada gratuito que deba existir una instancia oficial que se encargue de dar atenci\u00f3n a los reporteros y comunic\u00f3logos que por una de tantas razones caen en [&hellip;]<\/p>\n","protected":false},"author":2,"featured_media":141432,"comment_status":"closed","ping_status":"closed","sticky":false,"template":"","format":"standard","meta":{"_jetpack_newsletter_access":"","_jetpack_dont_email_post_to_subs":false,"_jetpack_newsletter_tier_id":0,"_jetpack_memberships_contains_paywalled_content":false,"_jetpack_memberships_contains_paid_content":false,"footnotes":""},"categories":[70],"tags":[45074,47595,4467,47594,47596],"class_list":["post-157250","post","type-post","status-publish","format-standard","has-post-thumbnail","hentry","category-de-opinion","tag-ceapp-veracruz","tag-derechos-humanos-prensa","tag-namiko-matsumoto","tag-proteccion-periodistas","tag-seguridad-periodistas-veracruz"],"jetpack_featured_media_url":"https:\/\/lospoliticosveracruz.com.mx\/wp-content\/uploads\/2025\/04\/Levet.jpg","jetpack_sharing_enabled":true,"jetpack_shortlink":"https:\/\/wp.me\/p4Qcd3-EUi","_links":{"self":[{"href":"https:\/\/lospoliticosveracruz.com.mx\/index.php?rest_route=\/wp\/v2\/posts\/157250","targetHints":{"allow":["GET"]}}],"collection":[{"href":"https:\/\/lospoliticosveracruz.com.mx\/index.php?rest_route=\/wp\/v2\/posts"}],"about":[{"href":"https:\/\/lospoliticosveracruz.com.mx\/index.php?rest_route=\/wp\/v2\/types\/post"}],"author":[{"embeddable":true,"href":"https:\/\/lospoliticosveracruz.com.mx\/index.php?rest_route=\/wp\/v2\/users\/2"}],"replies":[{"embeddable":true,"href":"https:\/\/lospoliticosveracruz.com.mx\/index.php?rest_route=%2Fwp%2Fv2%2Fcomments&post=157250"}],"version-history":[{"count":1,"href":"https:\/\/lospoliticosveracruz.com.mx\/index.php?rest_route=\/wp\/v2\/posts\/157250\/revisions"}],"predecessor-version":[{"id":157251,"href":"https:\/\/lospoliticosveracruz.com.mx\/index.php?rest_route=\/wp\/v2\/posts\/157250\/revisions\/157251"}],"wp:featuredmedia":[{"embeddable":true,"href":"https:\/\/lospoliticosveracruz.com.mx\/index.php?rest_route=\/wp\/v2\/media\/141432"}],"wp:attachment":[{"href":"https:\/\/lospoliticosveracruz.com.mx\/index.php?rest_route=%2Fwp%2Fv2%2Fmedia&parent=157250"}],"wp:term":[{"taxonomy":"category","embeddable":true,"href":"https:\/\/lospoliticosveracruz.com.mx\/index.php?rest_route=%2Fwp%2Fv2%2Fcategories&post=157250"},{"taxonomy":"post_tag","embeddable":true,"href":"https:\/\/lospoliticosveracruz.com.mx\/index.php?rest_route=%2Fwp%2Fv2%2Ftags&post=157250"}],"curies":[{"name":"wp","href":"https:\/\/api.w.org\/{rel}","templated":true}]}}