{"id":157252,"date":"2025-11-26T10:15:00","date_gmt":"2025-11-26T16:15:00","guid":{"rendered":"https:\/\/lospoliticosveracruz.com.mx\/?p=157252"},"modified":"2025-11-26T10:15:21","modified_gmt":"2025-11-26T16:15:21","slug":"lo-aprueban","status":"publish","type":"post","link":"https:\/\/lospoliticosveracruz.com.mx\/?p=157252","title":{"rendered":"LO APRUEBAN"},"content":{"rendered":"\n<p>S\u00edguenos ahora tambi\u00e9n en WhatsApp.\u00a0\u00a1<a href=\"https:\/\/whatsapp.com\/channel\/0029Va8zRWlEKyZIP3Z1dF0e\"><strong>Da clic aqu\u00ed<\/strong><\/a><strong>!<\/strong><\/p>\n\n\n\n<p><strong>Oved Contreras<\/strong><\/p>\n\n\n\n<p><em>Secas Mecas<\/em><\/p>\n\n\n\n<p>LO APRUEBAN\u2026 Se termin\u00f3 la \u00e9poca de <strong>Ver\u00f3nica Hern\u00e1ndez<\/strong> en la fiscal\u00eda estatal\u2026hasta mucho se tardaron dicen sus cr\u00edticos\u2026la mayor\u00eda morenista y sus aliados aprobaron anoche reformas a la <strong>Constituci\u00f3n del estado<\/strong> que permite un nuevo procedimiento para designaci\u00f3n del fiscal donde el gobernante en turno tendr\u00e1 hasta dos oportunidades para enviar sus propuestas y en caso de no aprobarse en el <strong>Congreso<\/strong>, el <strong>Ejecutivo<\/strong>, podr\u00e1 hacer la designaci\u00f3n de manera unilateral. Por m\u00e1s que adornen la reforma desde el <strong>Congreso<\/strong>, se concentra demasiado poder en el <strong>Ejecutivo<\/strong> al permitirle designar al Fiscal si el Congreso rechaza dos propuestas o si no resuelve en un plazo muy corto, lo que debilita el equilibrio entre poderes y reduce la autonom\u00eda real de la <strong>Fiscal\u00eda<\/strong>. Lo publicado ayer en este espacio: el Congreso le concedi\u00f3 poderes plenipotenciarios a la t\u00eda Corajes.<\/p>\n\n\n\n<figure class=\"wp-block-image size-full\"><a href=\" https:\/\/legisver.gob.mx\/Inicio.php?p=sliderInfoNP&amp;i=8785682\"><img loading=\"lazy\" decoding=\"async\" width=\"728\" height=\"90\" src=\"https:\/\/lospoliticosveracruz.com.mx\/wp-content\/uploads\/2025\/10\/Legis-Cintillo.png\" alt=\"\" class=\"wp-image-155724\" srcset=\"https:\/\/lospoliticosveracruz.com.mx\/wp-content\/uploads\/2025\/10\/Legis-Cintillo.png 728w, https:\/\/lospoliticosveracruz.com.mx\/wp-content\/uploads\/2025\/10\/Legis-Cintillo-300x37.png 300w\" sizes=\"auto, (max-width: 728px) 100vw, 728px\" \/><\/a><\/figure>\n\n\n\n<p>Ya solo falta ver si dejan a <strong>Ver\u00f3nica Hern\u00e1ndez<\/strong> hasta que comparezca y de all\u00ed le cantan las golondrinas, y ver qui\u00e9n llega en su lugar\u2026hasta anoche llevaba la delantera la magistrada <strong>Aurelia Lizbeth Jim\u00e9nez<\/strong> pero sus malquerientes hicieron circular una foto ayer donde aparece junto a la Ver\u00edn Hern\u00e1ndez y a Don Boludo como para bajarle sus bonos.<\/p>\n\n\n\n<p>Con 42 votos a favor, cinco en contra y cero abstenciones, el Pleno de la <strong>Legislatura del estado<\/strong> aprob\u00f3 el dictamen por el que se reforman diversas disposiciones de la <strong>Constituci\u00f3n Pol\u00edtica de Veracruz<\/strong> relativas al procedimiento para la designaci\u00f3n de la persona titular de la <strong>Fiscal\u00eda General del Estado (FGE)<\/strong> y la duraci\u00f3n del periodo en el cargo. Este dict\u00e1menes resultado del an\u00e1lisis conjunto de las iniciativas presentadas el 27 de noviembre de 2024, por el diputado <strong>Diego Casta\u00f1eda Aburto<\/strong>, <strong>Elizabeth Morales Garc\u00eda<\/strong> y el legislador <strong>Ram\u00f3n D\u00edaz \u00c1vila<\/strong>.<\/p>\n\n\n\n<p>El proyecto considera necesario establecer la obligatoriedad de que la propuesta para ocupar la titularidad del organismo aut\u00f3nomo sea sometida a la aprobaci\u00f3n de las dos terceras partes de las diputadas y los diputados presentes el d\u00eda de la elecci\u00f3n. El titular de la fiscal\u00eda durar\u00eda hasta cuatro a\u00f1os en el cargo pudiendo ser ratificado por el <strong>Ejecutivo<\/strong> para un segundo y \u00faltimo periodo de igual duraci\u00f3n.<\/p>\n\n\n\n<p>El nombramiento de Fiscal General se realizar\u00e1 a propuesta del gobernador o gobernadora pero en caso de que se hayan discutido hasta dos propuestas y no se apruebe por dos terceras partes del <strong>Congreso<\/strong> en un plazo de cinco d\u00edas, el <strong>Ejecutivo<\/strong> podr\u00e1 hacer la designaci\u00f3n directa del fiscal, quien podr\u00e1 ser removida por el gobernante en turno por las causas graves que establezca la ley.<\/p>\n\n\n\n<p>En resumen, el Congreso deja de ratificar y ahora debe aprobar la propuesta de nombramiento del Fiscal General enviada por el Ejecutivo, con mayor\u00eda calificada de dos terceras partes. El Ejecutivo ya no designa directamente al Fiscal, solo env\u00eda propuestas; sin embargo, si el Congreso rechaza dos propuestas o no resuelve en el plazo de cinco d\u00edas, el Ejecutivo puede designar directamente para evitar vacantes.<\/p>\n\n\n\n<p>Se crean nuevas facultades del Ejecutivo: Remover al Fiscal General cuando existan causas graves. El Congreso puede objetar esa remoci\u00f3n con la misma mayor\u00eda calificada del nombramiento. Se modifican los requisitos para ser Fiscal: Se reduce la edad m\u00ednima de 35 a 30 a\u00f1os. Se mantienen requisitos como t\u00edtulo en Derecho de 5 a\u00f1os, buena reputaci\u00f3n y controles de confianza. Se elimina el sistema de terna y los plazos largos; ahora el proceso tiene plazos cortos y perentorios, principalmente cinco d\u00edas h\u00e1biles para que el Congreso decida.<\/p>\n\n\n\n<p>La reforma concentra demasiado poder en el Ejecutivo al permitirle designar al Fiscal General si el Congreso rechaza dos propuestas o si no resuelve en un plazo muy corto, lo que debilita el equilibrio entre poderes y reduce la autonom\u00eda real de la Fiscal\u00eda. Lo publicado ayer en este espacio: el Congreso le concedi\u00f3 poderes plenipotenciarios a la t\u00eda Corajes.<\/p>\n\n\n\n<p>Lo manifest\u00f3 la diputada panista <strong>Indira de Jes\u00fas Rosales San Rom\u00e1n<\/strong>, al considerar que la reforma representa un grave retroceso en la autonom\u00eda del organismo aut\u00f3nomo, se pronunci\u00f3 en contra de que una sola persona tenga la atribuci\u00f3n para elegir a la titularidad de la Fiscal\u00eda y agreg\u00f3 que no hay garant\u00edas para quienes buscan justicia.<\/p>\n\n\n\n<p>LE QUED\u00d3 GRANDE LA YEGUA\u2026 le dieron duro y bonito al secretario de <strong>Infraestructura y Obras P\u00fablicas (SIOP)<\/strong>, <strong>Leonardo Cornejo Serrano<\/strong>, en su comparecencia al Congreso\u2026no ata ni desata, no resuelve ninguna petici\u00f3n de obra p\u00fablica es m\u00e1s ni siquiera recibe en audiencia a los diputados de oposici\u00f3n quesque por \u00f3rdenes de la t\u00eda Corajes\u2026los legisladores le dijeron en su cara que \u201cle qued\u00f3 grande la yegua\u201d, mientras crece la molestia ciudadana por la falta de obra p\u00fablica.<\/p>\n\n\n\n<p>Adem\u00e1s, los legisladores agregaron que el funcionario \u201cdebe de ponerse las pilas\u201d, pues \u201cno aprieta ni tantito\u201d en su cargo, seg\u00fan expres\u00f3 el diputado <strong>H\u00e9ctor Yunes Landa<\/strong>\u2026los diputados le pidieron tambi\u00e9n \u201cayudar a la gobernadora <strong>Roc\u00edo Nahle<\/strong>\u201d y mantener un di\u00e1logo m\u00e1s abierto con representantes distritales que no han recibido respuesta a sus gestiones en ninguna ocasi\u00f3n, sin importar que sean de Morena.<\/p>\n\n\n\n<p>Aunque el funcionario presume que este a\u00f1o se realizaron cerca de 300 obras y acciones con una inversi\u00f3n cercana a los 3 mil millones de pesos, lo cierto es que las obras m\u00e1s rimbombantes son la remodelaci\u00f3n del <strong>Palacio de Gobierno<\/strong> que fue recubierto con m\u00e1rmol, y de la <strong>Casa Veracruz<\/strong> con una inversi\u00f3n superior a los 60 millones de pesos\u2026pero nada de grandes obras que tengan impacto entre la poblaci\u00f3n.<\/p>\n\n\n\n<p>Los legisladores de oposici\u00f3n le echaron en cara que las grandes obras de <strong>Cuitl\u00e1huac Garc\u00eda<\/strong> consumieron presupuestos millonarios y fueron mal hechas o est\u00e1n inconclusas como es el caso del \u201cNido del Halc\u00f3n\u201d en <strong>Xalapa<\/strong> y el estado de futbol \u201cLuis \u2018Pirata\u2019 Fuente\u201d, sin que aprieten a los ex funcionarios responsables del pasado sexenio. El titular de la <strong>Secretar\u00eda de Infraestructura y Obra P\u00fablica<\/strong> revel\u00f3 que se han presentado un total de 16 denuncias penales por la mala calidad de las obras que fueron entregadas por el gobierno de <strong>Cuitl\u00e1huac Garc\u00eda<\/strong>.<\/p>\n\n\n\n<p>EL INFORME DE MELINA\u2026 La presidenta del <strong>DIF Municipal de Boca del R\u00edo<\/strong>, <strong>Melina Rivera de Un\u00e1nue<\/strong>, present\u00f3 su Cuarto Informe de labores, realizando un recuento de los programas, servicios y acciones que durante el \u00faltimo a\u00f1o, fortalecieron la atenci\u00f3n social, la inclusi\u00f3n y el bienestar de las familias boque\u00f1as.<\/p>\n\n\n\n<p>Durante su mensaje, la presidenta agradeci\u00f3 el apoyo del alcalde <strong>Juan Manuel Unanue<\/strong> para que la ni\u00f1ez haya sido el eje central de la instituci\u00f3n. Mil 200 ni\u00f1as y ni\u00f1os recibieron lentes graduados gratuitos; adem\u00e1s se realizaron jornadas de cirug\u00edas correctivas de estrabismo, labio y paladar hendido, con el apoyo de la asociaci\u00f3n <strong>Austin Smiles<\/strong>, el <strong>Club Rotario Costa de Oro<\/strong> y <strong>Hospital Covadonga<\/strong>.<\/p>\n\n\n\n<p>En materia de educaci\u00f3n, destac\u00f3 la rehabilitaci\u00f3n integral de los <strong>CADIs<\/strong> y <strong>CAICs<\/strong> que durante a\u00f1os hab\u00edan permanecido cerrados; en estos centros educativos se realizaron valoraciones nutricionales, dentales, capacitaciones docentes, talleres, actividades deportivas y festivales. En materia de protecci\u00f3n infantil, mencion\u00f3 que la <strong>Procuradur\u00eda de Protecci\u00f3n a Ni\u00f1os, Ni\u00f1as y Adolescentes<\/strong>, otorg\u00f3 m\u00e1s de 2,000 asistencias jur\u00eddicas, realiz\u00f3 150 conciliaciones, atendi\u00f3 200 reportes con supervisi\u00f3n social y acompa\u00f1\u00f3 casi 100 denuncias por maltrato.<\/p>\n\n\n\n<p>Asimismo, la presidenta destac\u00f3 de manera emotiva la rehabilitaci\u00f3n del <strong>Albergue Santa Ana<\/strong>: \u201ccada uno de estos chiquitos se ha vuelto parte de m\u00ed, trabaj\u00e9 cada d\u00eda para protegerlos y hacerles sus d\u00edas felices y llenos de amor\u201d, y menci\u00f3n especial mereci\u00f3 el trabajo conjunto con <strong>AMANC Veracruz<\/strong>, con donativos anuales, carreras con causa, recolecci\u00f3n de tapitas y entrega de aparatos funcionales. Adem\u00e1s afirm\u00f3 que otra de las campa\u00f1as ejes de esta administraci\u00f3n fue la de <strong>Aparatos Funcionales<\/strong> que benefici\u00f3 a 2 mil personas con alguna discapacidad.<\/p>\n","protected":false},"excerpt":{"rendered":"<p>Oved Contreras Secas Mecas LO APRUEBAN\u2026 Se termin\u00f3 la \u00e9poca de Ver\u00f3nica Hern\u00e1ndez en la fiscal\u00eda estatal\u2026hasta mucho se tardaron dicen sus cr\u00edticos\u2026la mayor\u00eda morenista y sus aliados aprobaron anoche reformas a la Constituci\u00f3n del estado que permite un nuevo procedimiento para designaci\u00f3n del fiscal donde el gobernante en turno tendr\u00e1 hasta dos oportunidades para [&hellip;]<\/p>\n","protected":false},"author":2,"featured_media":141426,"comment_status":"closed","ping_status":"closed","sticky":false,"template":"","format":"standard","meta":{"_jetpack_newsletter_access":"","_jetpack_dont_email_post_to_subs":false,"_jetpack_newsletter_tier_id":0,"_jetpack_memberships_contains_paywalled_content":false,"_jetpack_memberships_contains_paid_content":false,"footnotes":""},"categories":[70],"tags":[1217,35325,47598,47599,47601,47600],"class_list":["post-157252","post","type-post","status-publish","format-standard","has-post-thumbnail","hentry","category-de-opinion","tag-congreso-estatal","tag-dif-boca-del-rio","tag-fiscalia-veracruz-reforma","tag-melina-rivera-unanue","tag-politica-veracruz-actualidad","tag-siop-leonardo-cornejo"],"jetpack_featured_media_url":"https:\/\/lospoliticosveracruz.com.mx\/wp-content\/uploads\/2025\/04\/Oved-Contreras.jpg","jetpack_sharing_enabled":true,"jetpack_shortlink":"https:\/\/wp.me\/p4Qcd3-EUk","_links":{"self":[{"href":"https:\/\/lospoliticosveracruz.com.mx\/index.php?rest_route=\/wp\/v2\/posts\/157252","targetHints":{"allow":["GET"]}}],"collection":[{"href":"https:\/\/lospoliticosveracruz.com.mx\/index.php?rest_route=\/wp\/v2\/posts"}],"about":[{"href":"https:\/\/lospoliticosveracruz.com.mx\/index.php?rest_route=\/wp\/v2\/types\/post"}],"author":[{"embeddable":true,"href":"https:\/\/lospoliticosveracruz.com.mx\/index.php?rest_route=\/wp\/v2\/users\/2"}],"replies":[{"embeddable":true,"href":"https:\/\/lospoliticosveracruz.com.mx\/index.php?rest_route=%2Fwp%2Fv2%2Fcomments&post=157252"}],"version-history":[{"count":1,"href":"https:\/\/lospoliticosveracruz.com.mx\/index.php?rest_route=\/wp\/v2\/posts\/157252\/revisions"}],"predecessor-version":[{"id":157253,"href":"https:\/\/lospoliticosveracruz.com.mx\/index.php?rest_route=\/wp\/v2\/posts\/157252\/revisions\/157253"}],"wp:featuredmedia":[{"embeddable":true,"href":"https:\/\/lospoliticosveracruz.com.mx\/index.php?rest_route=\/wp\/v2\/media\/141426"}],"wp:attachment":[{"href":"https:\/\/lospoliticosveracruz.com.mx\/index.php?rest_route=%2Fwp%2Fv2%2Fmedia&parent=157252"}],"wp:term":[{"taxonomy":"category","embeddable":true,"href":"https:\/\/lospoliticosveracruz.com.mx\/index.php?rest_route=%2Fwp%2Fv2%2Fcategories&post=157252"},{"taxonomy":"post_tag","embeddable":true,"href":"https:\/\/lospoliticosveracruz.com.mx\/index.php?rest_route=%2Fwp%2Fv2%2Ftags&post=157252"}],"curies":[{"name":"wp","href":"https:\/\/api.w.org\/{rel}","templated":true}]}}