{"id":157260,"date":"2025-11-26T12:12:04","date_gmt":"2025-11-26T18:12:04","guid":{"rendered":"https:\/\/lospoliticosveracruz.com.mx\/?p=157260"},"modified":"2025-11-26T12:12:46","modified_gmt":"2025-11-26T18:12:46","slug":"el-espejito-de-la-senora-presidenta","status":"publish","type":"post","link":"https:\/\/lospoliticosveracruz.com.mx\/?p=157260","title":{"rendered":"EL ESPEJITO DE LA SE\u00d1ORA PRESIDENTA"},"content":{"rendered":"\n<p>S\u00edguenos ahora tambi\u00e9n en WhatsApp.\u00a0\u00a1<a href=\"https:\/\/whatsapp.com\/channel\/0029Va8zRWlEKyZIP3Z1dF0e\"><strong>Da clic aqu\u00ed<\/strong><\/a><strong>!<\/strong><\/p>\n\n\n\n<p><strong>Bernardo Guti\u00e9rrez Parra<\/strong><\/p>\n\n\n\n<p><em>Desde el Caf\u00e9<br><\/em><\/p>\n\n\n\n<p>Al igual que su jefe L\u00f3pez Obrador, Claudia Sheinbaum es aficionada a verse en el espejo de las encuestas. Cada principio de mes se asoma a tres: la encuesta de El Universal, la de El Financiero y la de la encuestadora internacional Morning Consult.<\/p>\n\n\n\n<figure class=\"wp-block-image size-full\"><a href=\" https:\/\/legisver.gob.mx\/Inicio.php?p=sliderInfoNP&amp;i=8785682\"><img loading=\"lazy\" decoding=\"async\" width=\"728\" height=\"90\" src=\"https:\/\/lospoliticosveracruz.com.mx\/wp-content\/uploads\/2025\/10\/Legis-Cintillo.png\" alt=\"\" class=\"wp-image-155724\" srcset=\"https:\/\/lospoliticosveracruz.com.mx\/wp-content\/uploads\/2025\/10\/Legis-Cintillo.png 728w, https:\/\/lospoliticosveracruz.com.mx\/wp-content\/uploads\/2025\/10\/Legis-Cintillo-300x37.png 300w\" sizes=\"auto, (max-width: 728px) 100vw, 728px\" \/><\/a><\/figure>\n\n\n\n<p>De esas tres, la que ve\u00eda con especial inter\u00e9s era la de Morning Consult que por seis a\u00f1os tuvo a L\u00f3pez Obrador como el segundo presidente m\u00e1s popular del mundo, solo debajo de Narendra Modi, primer ministro de la India que hasta la fecha sigue ocupando el primer lugar.<\/p>\n\n\n\n<p>Antes de dejar la presidencia, Andr\u00e9s Manuel vaticin\u00f3 que Claudia llegar\u00eda a ser tan buena mandataria que desbancar\u00eda a Narendra del primer lugar y\u2026<\/p>\n\n\n\n<p>En el primer mes de su gobierno Sheinbaum ocup\u00f3 el lugar que tuvo su antecesor y lo cacare\u00f3 en su ma\u00f1anera como lo hac\u00eda L\u00f3pez Obrador. Pero poco le dur\u00f3 el gusto.<\/p>\n\n\n\n<p>Hace unos d\u00edas Morning Consult dio a conocer que Claudia ocupa el s\u00e9ptimo lugar y bajando. En un a\u00f1o cay\u00f3 21 puntos porcentuales ya que de empezar con un 62 por ciento de aceptaci\u00f3n, en la actualidad tiene el 41 por ciento.<\/p>\n\n\n\n<p>Y sucedi\u00f3 lo que ten\u00eda que suceder; la presidenta dej\u00f3 de ver y cacarear esa encuesta.<\/p>\n\n\n\n<p>Ac\u00e1 en la aldea, la popularidad de Sheinbaum que lleg\u00f3 a tener un envidiable 71.6 por ciento, sufri\u00f3 su primera merma el 13 de octubre cuando visit\u00f3 Poza Rica tras la inundaci\u00f3n de esa ciudad y un joven la increp\u00f3 a gritos. La imagen donde se lleva el \u00edndice a los labios para pedirle al joven \u201cpor favor d\u00e9jame hablar\u201d sus enemigos (que los tiene a pasto) la manejaron como \u201cc\u00e1llate, que no te dejar\u00e9 hablar\u201d.<\/p>\n\n\n\n<p>Y de ah\u00ed pal real porque su posici\u00f3n respecto a la marcha de la Generaci\u00f3n Z la desbarranc\u00f3 de su pedestal.<\/p>\n\n\n\n<p>\u00bfQu\u00e9 ped\u00edan los chavos de la Generaci\u00f3n Z? Seguridad para ellos, sus familias y amigos y el cese de la violencia (lo mismo que est\u00e1n pidiendo los transportistas que tienen tomadas gran parte de las carreteras del norte del pa\u00eds y las mujeres que ayer salieron a manifestarse). Pero los minimizaron, descalificaron y denostaron: \u201cFue una marcha de la derecha que perdi\u00f3 sus privilegios\u2026 Hubo mucho adulto y poco joven\u2026 muchos pertenecen a la Marea Rosa que a\u00fan no acepta su derrota\u201d.<\/p>\n\n\n\n<p>Lo dije anteriormente y lo repito; esa marcha fue la primera gran protesta contra su Gobierno y Claudia desperdici\u00f3 una oportunidad de oro para mostrar su visi\u00f3n de estadista.<\/p>\n\n\n\n<p>Un mensaje de esperanza la hubiera congraciado incluso con sus enemigos: \u201cMi gobierno se une al reclamo de los j\u00f3venes. A pesar de que estamos combatiendo a los criminales sin descanso, a\u00fan nos falta mucho por hacer. Esta marcha nos compromete a redoblar esfuerzos para devolverles a ellos y a todos los mexicanos la paz y tranquilidad a la que tienen derecho\u201d.<\/p>\n\n\n\n<p>Pero le sali\u00f3 lo pendenciera. \u201cNos atacan porque no aceptan los avances de la 4T, es gente que no quiere que sigamos levantando el segundo piso de la transformaci\u00f3n, es la oposici\u00f3n que est\u00e1 moralmente derrotada\u201d Y a los transportistas: \u201cAguas porque tenemos carpetas de investigaci\u00f3n contra ustedes y las podemos reabrir\u201d.<\/p>\n\n\n\n<p>Y no tuvo que esperar mucho por la respuesta.<\/p>\n\n\n\n<p>Ayer se dio a conocer el resultado de una encuesta realizada del 15 al 20 de noviembre por la organizaci\u00f3n M\u00e9xico Elige con una sola pregunta: \u201cSi la Constituci\u00f3n lo permitiera, \u00bfvotar\u00eda por Claudia Sheinbaum como Presidenta de M\u00e9xico para el periodo 2030-2036?\u201d y el resultado debi\u00f3 espantarla.<\/p>\n\n\n\n<p>El 67.3 por ciento de los encuestados dijeron que no; el 26.6 por ciento dijo que s\u00ed y el 6.1 por ciento restante contest\u00f3 que no sabe. En n\u00fameros redondos, 7 de cada 10 mexicanos no volver\u00e1n a votar por ella.<\/p>\n\n\n\n<p>Pero a pesar de eso la presidenta sigue confundiendo las cosas. Ni la derecha le est\u00e1 moviendo el tapete ni la oposici\u00f3n quiere derrocarla. Lo que desean y anhelan los j\u00f3venes de la Generaci\u00f3n Z, los transportistas, las mujeres y todos los habitantes de este pa\u00eds, es que se acabe la violencia y regrese la paz.<\/p>\n\n\n\n<p>No piden otra cosa.<\/p>\n\n\n\n<p>M\u00e1s que el espejito al que se asoma cada treinta d\u00edas y con manifiesta curiosidad para saber qu\u00e9 tanto ha crecido su popularidad, lo que deber\u00eda preocuparle es que no crezca el descontento social. Porque si eso sucede, entonces s\u00ed \u00a1aguas!<\/p>\n\n\n\n<p>bernagup28@gmail.com<\/p>\n","protected":false},"excerpt":{"rendered":"<p>Bernardo Guti\u00e9rrez Parra Desde el Caf\u00e9 Al igual que su jefe L\u00f3pez Obrador, Claudia Sheinbaum es aficionada a verse en el espejo de las encuestas. Cada principio de mes se asoma a tres: la encuesta de El Universal, la de El Financiero y la de la encuestadora internacional Morning Consult. De esas tres, la que [&hellip;]<\/p>\n","protected":false},"author":2,"featured_media":141479,"comment_status":"closed","ping_status":"closed","sticky":false,"template":"","format":"standard","meta":{"_jetpack_newsletter_access":"","_jetpack_dont_email_post_to_subs":false,"_jetpack_newsletter_tier_id":0,"_jetpack_memberships_contains_paywalled_content":false,"_jetpack_memberships_contains_paid_content":false,"footnotes":""},"categories":[70],"tags":[34206],"class_list":["post-157260","post","type-post","status-publish","format-standard","has-post-thumbnail","hentry","category-de-opinion","tag-bernardo-gutierrez-parra"],"jetpack_featured_media_url":"https:\/\/lospoliticosveracruz.com.mx\/wp-content\/uploads\/2025\/04\/Bernardo-Gutierrez-Parra.jpg","jetpack_sharing_enabled":true,"jetpack_shortlink":"https:\/\/wp.me\/p4Qcd3-EUs","_links":{"self":[{"href":"https:\/\/lospoliticosveracruz.com.mx\/index.php?rest_route=\/wp\/v2\/posts\/157260","targetHints":{"allow":["GET"]}}],"collection":[{"href":"https:\/\/lospoliticosveracruz.com.mx\/index.php?rest_route=\/wp\/v2\/posts"}],"about":[{"href":"https:\/\/lospoliticosveracruz.com.mx\/index.php?rest_route=\/wp\/v2\/types\/post"}],"author":[{"embeddable":true,"href":"https:\/\/lospoliticosveracruz.com.mx\/index.php?rest_route=\/wp\/v2\/users\/2"}],"replies":[{"embeddable":true,"href":"https:\/\/lospoliticosveracruz.com.mx\/index.php?rest_route=%2Fwp%2Fv2%2Fcomments&post=157260"}],"version-history":[{"count":1,"href":"https:\/\/lospoliticosveracruz.com.mx\/index.php?rest_route=\/wp\/v2\/posts\/157260\/revisions"}],"predecessor-version":[{"id":157261,"href":"https:\/\/lospoliticosveracruz.com.mx\/index.php?rest_route=\/wp\/v2\/posts\/157260\/revisions\/157261"}],"wp:featuredmedia":[{"embeddable":true,"href":"https:\/\/lospoliticosveracruz.com.mx\/index.php?rest_route=\/wp\/v2\/media\/141479"}],"wp:attachment":[{"href":"https:\/\/lospoliticosveracruz.com.mx\/index.php?rest_route=%2Fwp%2Fv2%2Fmedia&parent=157260"}],"wp:term":[{"taxonomy":"category","embeddable":true,"href":"https:\/\/lospoliticosveracruz.com.mx\/index.php?rest_route=%2Fwp%2Fv2%2Fcategories&post=157260"},{"taxonomy":"post_tag","embeddable":true,"href":"https:\/\/lospoliticosveracruz.com.mx\/index.php?rest_route=%2Fwp%2Fv2%2Ftags&post=157260"}],"curies":[{"name":"wp","href":"https:\/\/api.w.org\/{rel}","templated":true}]}}