{"id":157262,"date":"2025-11-26T12:43:07","date_gmt":"2025-11-26T18:43:07","guid":{"rendered":"https:\/\/lospoliticosveracruz.com.mx\/?p=157262"},"modified":"2025-11-26T12:43:27","modified_gmt":"2025-11-26T18:43:27","slug":"en-la-calle-y-en-palacio-invita-un-slim","status":"publish","type":"post","link":"https:\/\/lospoliticosveracruz.com.mx\/?p=157262","title":{"rendered":"EN LA CALLE Y EN PALACIO\u2026 INVITA UN SLIM"},"content":{"rendered":"\n<p>S\u00edguenos ahora tambi\u00e9n en WhatsApp.\u00a0\u00a1<a href=\"https:\/\/whatsapp.com\/channel\/0029Va8zRWlEKyZIP3Z1dF0e\"><strong>Da clic aqu\u00ed<\/strong><\/a><strong>!<\/strong><\/p>\n\n\n\n<p><strong>Vicente Luna Hern\u00e1ndez<\/strong><\/p>\n\n\n\n<p>La \u201cmafia del poder\u201d nunca se fue solo se transform\u00f3, antier de playera roja pas\u00f3 a saco azul, ayer dej\u00f3 el saco azul y corri\u00f3 por sus playeras rojas y hoy viste chaleco guinda, no se fue ni se escondi\u00f3 solo cambio de vestuario, \u00bfqu\u00e9 de raro tiene?<\/p>\n\n\n\n<figure class=\"wp-block-image size-full\"><a href=\" https:\/\/legisver.gob.mx\/Inicio.php?p=sliderInfoNP&amp;i=8785682\"><img loading=\"lazy\" decoding=\"async\" width=\"728\" height=\"90\" src=\"https:\/\/lospoliticosveracruz.com.mx\/wp-content\/uploads\/2025\/10\/Legis-Cintillo.png\" alt=\"\" class=\"wp-image-155724\" srcset=\"https:\/\/lospoliticosveracruz.com.mx\/wp-content\/uploads\/2025\/10\/Legis-Cintillo.png 728w, https:\/\/lospoliticosveracruz.com.mx\/wp-content\/uploads\/2025\/10\/Legis-Cintillo-300x37.png 300w\" sizes=\"auto, (max-width: 728px) 100vw, 728px\" \/><\/a><\/figure>\n\n\n\n<p>Bien dicen que el empresario no tiene amigos solo tiene intereses y el gobierno siempre le apuesta a sus \u201camigos\u201d empresarios, aquellos que han sido o ser\u00e1n beneficiados con la inversi\u00f3n p\u00fablica que todo gobierno piensa llevar a cabo para impulsar el desarrollo del pa\u00eds, \u00bfqui\u00e9n necesita m\u00e1s a qui\u00e9n?<\/p>\n\n\n\n<p>Lo cierto es que todo gobierno habla de las bondades de sus pol\u00edticas publicas hinchado de orgullo y una de sus principales tareas es crear las condiciones de gobernabilidad para la inversi\u00f3n privada e invitar a los due\u00f1os del dinero, &#8211; no importa que sean integrantes de la \u201cmafia del poder\u201d \u2013 para que inviertan y den signos de confianza al segundo gobierno de la llama transformaci\u00f3n, para ello la presidenta de M\u00e9xico, Claudia Sheinbaum Pardo, \u201cacelera el paso para construir un \u201cgran acuerdo nacional\u201d con el empresariado para reflotar una econom\u00eda con marcados signos de debilidad\u201d como lo se\u00f1ala la prensa nacional, para ello, se reuni\u00f3 con Carlos Slim, presidente del Grupo Carso, con Francisco Cervantes, presidente del Consejo Coordinador Empresarial y directivos de HSBC para dialogar sobre los pron\u00f3sticos de la econom\u00eda en el pa\u00eds al final de 2025 y para el 2026, lo cierto es que los programas sociales \u201cjalan\u201d mucho presupuesto p\u00fablico y algo se tendr\u00e1 que hacer al respecto.<\/p>\n\n\n\n<p>Lo cierto es que algunos analistas financieros hablan de llevar a cabo una reforma fiscal, sin embargo, esas palabras causan escozor, irritaci\u00f3n, comez\u00f3n, alergia y \u201cespanto\u201d en todo gobierno, ll\u00e1mese gobierno neoliberal, populista o humanista, para \u201cregalar\u201d dinero a trav\u00e9s de programas sociales todo mundo alza la mano pero para decir la realidad social y econ\u00f3mica al pueblo bueno y sabio\u2026todo mundo voltea a ver a la \u201cmafia del poder\u201d.<\/p>\n\n\n\n<p>\u00bfEn serio ser\u00e1 el pueblo bueno y sabio al saber que es necesario una reforma fiscal? \u00bfEl pueblo sacar\u00e1 su lado m\u00e1s patri\u00f3tico o har\u00e1 como que la \u201cvirgen le habla\u201d? \u00bfEn serio solo con el combate a la corrupci\u00f3n se puede sacar adelante a M\u00e9xico? \u00bfEntre \u201cbonanza econ\u00f3mica y \u201cdeuda moral\u201d el pueblo bueno y sabio con cual se quedar\u00e1?<\/p>\n\n\n\n<p>La realidad es que el gobierno debe hacer ajustes y cobro de facturas a quienes a trav\u00e9s de la llamada transformaci\u00f3n siguen llevando a la pr\u00e1ctica pol\u00edticas corruptas al igual que ayer, la evasi\u00f3n de impuestos con el huachicol fiscal, el robo de combustible, la corrupci\u00f3n gubernamental, el \u201cpago ilegal\u201d que se debe hacer al crimen organizado a trav\u00e9s de la extorsi\u00f3n, cobro de piso y derecho de paso, est\u00e1 asfixiando la econom\u00eda de todo el mundo emprendedor con el consecuente da\u00f1o a las finanzas nacionales y familiares, \u00bfqu\u00e9 se puede hacer al respecto? La respuesta es una: La consolidaci\u00f3n de un verdadero Estado de Derecho en M\u00e9xico.<\/p>\n\n\n\n<p>La realidad es que para que haya un crecimiento econ\u00f3mico &#8211; m\u00e1s all\u00e1 de los programas sociales \u2013 se necesita que exista en M\u00e9xico un gobierno que cumpla y haga cumplir la Constituci\u00f3n del pa\u00eds y las leyes que de ella emanen, no hay que ser un sabio en la materia sino ser un patriota en el ejercicio del poder m\u00e1s all\u00e1 de discursos en defensa de la Soberan\u00eda y de Independencia nacional, el discurso \u201cpatriotero \u201cle hace da\u00f1o al pa\u00eds pero todo gobierno lo lleva a la pr\u00e1ctica, le hace da\u00f1o por que se trata de culpar al exterior de los errores que se cometen en el interior, esto es, \u00bfes culpa de un gobernante extranjero que el empresario nacional o internacional no invierta lo necesario en el pa\u00eds por el temor al crimen organizado? \u00bfEs culpa de un gobierno extranjero que el empresario no conf\u00ede en el sistema de justicia en M\u00e9xico? \u00bfEs culpa de los neoliberales de ayer el robo de combustible y huachicol fiscal de hoy?<\/p>\n\n\n\n<p>M\u00e1s all\u00e1 de ideolog\u00edas pol\u00edticas y discursos nacionalistas lo cierto es que el empresario &#8211; sea de la \u201cmafia del poder\u201d o no lo sea, es necesario en todo momento, la inversi\u00f3n privada debe ir acompa\u00f1ada por gobernabilidad y un Estado de Derecho digno de toda verdadera transformaci\u00f3n, sea la 4, 5 o 6, el n\u00famero es lo de menos, lo importante es llevar a cabo \u2013 al interior del gobierno \u2013 la cr\u00edtica m\u00e1s constructiva y dejar la zalamer\u00eda, lambisconer\u00eda y barber\u00eda que suele rodear a quien sea Titular del Poder Ejecutivo Federal para que no le nuble la vista ni le tape los o\u00eddos a la realidad que recorre el pa\u00eds.<\/p>\n\n\n\n<p>Hoy se \u201ccorre\u201d a los brazos de la \u201cmafia del poder\u201d para apuntalar el \u201csegundo piso\u201d de la transformaci\u00f3n \u2013 desde el puesto de vista de morena \u2013 sin reforma fiscal que afecte al partido en el poder de cara al pr\u00f3ximo proceso electoral, que nadie se diga sorprendido, toda acci\u00f3n de gobierno en M\u00e9xico se lleva a cabo pensando en ganar votos, el Himno Nacional esta presente todos los d\u00edas y a toda hora:<\/p>\n\n\n\n<p>\u201cM\u00e1s si osare un extra\u00f1o enemigo<\/p>\n\n\n\n<p>Profanar con su planta tu suelo,<\/p>\n\n\n\n<p>Piensa \u00a1Oh Patria querida! Que el cielo<\/p>\n\n\n\n<p>Un soldado en cada hijo te dio\u201d<\/p>\n\n\n\n<p>Perdona si te hago otra pregunta: \u00bfacaso se debe decir:<\/p>\n\n\n\n<p>\u201dun voto en cada hijo te dio\u201d?<\/p>\n\n\n\n<p>Lo cierto es que Carlos Slim representa lo que m\u00e1s requiere el segundo gobierno de morena\u2026dinero acordado en Palacio para recibir porras en el Z\u00f3calo.<\/p>\n\n\n\n<p>P.D.- Con el \u00e1nimo que la inversi\u00f3n privada sea tan fuerte como el \u00e1nimo para apoyar a M\u00e9xico en el pr\u00f3ximo mundial de futbol\u2026Escribir\u00e9 otro d\u00eda.<\/p>\n","protected":false},"excerpt":{"rendered":"<p>Vicente Luna Hern\u00e1ndez La \u201cmafia del poder\u201d nunca se fue solo se transform\u00f3, antier de playera roja pas\u00f3 a saco azul, ayer dej\u00f3 el saco azul y corri\u00f3 por sus playeras rojas y hoy viste chaleco guinda, no se fue ni se escondi\u00f3 solo cambio de vestuario, \u00bfqu\u00e9 de raro tiene? Bien dicen que el [&hellip;]<\/p>\n","protected":false},"author":2,"featured_media":141415,"comment_status":"closed","ping_status":"closed","sticky":false,"template":"","format":"standard","meta":{"_jetpack_newsletter_access":"","_jetpack_dont_email_post_to_subs":false,"_jetpack_newsletter_tier_id":0,"_jetpack_memberships_contains_paywalled_content":false,"_jetpack_memberships_contains_paid_content":false,"footnotes":""},"categories":[70],"tags":[47609],"class_list":["post-157262","post","type-post","status-publish","format-standard","has-post-thumbnail","hentry","category-de-opinion","tag-en-la-calle-y-en-palacio-invita-un-slim"],"jetpack_featured_media_url":"https:\/\/lospoliticosveracruz.com.mx\/wp-content\/uploads\/2025\/04\/Vicente-Luna-Hernandez.jpg","jetpack_sharing_enabled":true,"jetpack_shortlink":"https:\/\/wp.me\/p4Qcd3-EUu","_links":{"self":[{"href":"https:\/\/lospoliticosveracruz.com.mx\/index.php?rest_route=\/wp\/v2\/posts\/157262","targetHints":{"allow":["GET"]}}],"collection":[{"href":"https:\/\/lospoliticosveracruz.com.mx\/index.php?rest_route=\/wp\/v2\/posts"}],"about":[{"href":"https:\/\/lospoliticosveracruz.com.mx\/index.php?rest_route=\/wp\/v2\/types\/post"}],"author":[{"embeddable":true,"href":"https:\/\/lospoliticosveracruz.com.mx\/index.php?rest_route=\/wp\/v2\/users\/2"}],"replies":[{"embeddable":true,"href":"https:\/\/lospoliticosveracruz.com.mx\/index.php?rest_route=%2Fwp%2Fv2%2Fcomments&post=157262"}],"version-history":[{"count":2,"href":"https:\/\/lospoliticosveracruz.com.mx\/index.php?rest_route=\/wp\/v2\/posts\/157262\/revisions"}],"predecessor-version":[{"id":157264,"href":"https:\/\/lospoliticosveracruz.com.mx\/index.php?rest_route=\/wp\/v2\/posts\/157262\/revisions\/157264"}],"wp:featuredmedia":[{"embeddable":true,"href":"https:\/\/lospoliticosveracruz.com.mx\/index.php?rest_route=\/wp\/v2\/media\/141415"}],"wp:attachment":[{"href":"https:\/\/lospoliticosveracruz.com.mx\/index.php?rest_route=%2Fwp%2Fv2%2Fmedia&parent=157262"}],"wp:term":[{"taxonomy":"category","embeddable":true,"href":"https:\/\/lospoliticosveracruz.com.mx\/index.php?rest_route=%2Fwp%2Fv2%2Fcategories&post=157262"},{"taxonomy":"post_tag","embeddable":true,"href":"https:\/\/lospoliticosveracruz.com.mx\/index.php?rest_route=%2Fwp%2Fv2%2Ftags&post=157262"}],"curies":[{"name":"wp","href":"https:\/\/api.w.org\/{rel}","templated":true}]}}