{"id":157335,"date":"2025-11-27T10:04:30","date_gmt":"2025-11-27T16:04:30","guid":{"rendered":"https:\/\/lospoliticosveracruz.com.mx\/?p=157335"},"modified":"2025-11-27T10:04:38","modified_gmt":"2025-11-27T16:04:38","slug":"un-dialogo-de-ciegos-a-senas","status":"publish","type":"post","link":"https:\/\/lospoliticosveracruz.com.mx\/?p=157335","title":{"rendered":"UN DI\u00c1LOGO DE CIEGOS, A SE\u00d1AS\u2026"},"content":{"rendered":"\n<p>S\u00edguenos ahora tambi\u00e9n en WhatsApp.\u00a0\u00a1<a href=\"https:\/\/whatsapp.com\/channel\/0029Va8zRWlEKyZIP3Z1dF0e\"><strong>Da clic aqu\u00ed<\/strong><\/a><strong>!<\/strong><\/p>\n\n\n\n<p><strong>Sergio Gonz\u00e1lez Levet<\/strong><br>Sin tacto<\/p>\n\n\n\n<p>La comunicaci\u00f3n entre el <strong>Gobierno de la Rep\u00fablica<\/strong> y la ciudadan\u00eda est\u00e1 perdida por completo. Es como un di\u00e1logo de ciegos que se quisieran comunicar a se\u00f1as.<\/p>\n\n\n\n<p>La sociedad ha entrado en una pendiente de incredulidad y cr\u00edtica ante cualquier acci\u00f3n de <strong>Gobierno<\/strong>. Y por su parte, la autoridad solamente responde a los se\u00f1alamientos populares con el discurso vac\u00edo del manual lopezobradorista, que consiste en culpar de todos los males al ante-antepasado (<strong>Calder\u00f3n<\/strong> y <strong>Garc\u00eda Luna<\/strong>; los neoliberales salinistas), tapar con mentiras manifiestas los hechos reales m\u00e1s tajantes, culpar a los dem\u00e1s de los errores propios y acusar a la ultraderecha de cualquier manifestaci\u00f3n que haya contra acciones gubernamentales.<\/p>\n\n\n\n<figure class=\"wp-block-image size-full\"><a href=\" https:\/\/legisver.gob.mx\/Inicio.php?p=sliderInfoNP&amp;i=8785682\"><img loading=\"lazy\" decoding=\"async\" width=\"728\" height=\"90\" src=\"https:\/\/lospoliticosveracruz.com.mx\/wp-content\/uploads\/2025\/10\/Legis-Cintillo.png\" alt=\"\" class=\"wp-image-155724\" srcset=\"https:\/\/lospoliticosveracruz.com.mx\/wp-content\/uploads\/2025\/10\/Legis-Cintillo.png 728w, https:\/\/lospoliticosveracruz.com.mx\/wp-content\/uploads\/2025\/10\/Legis-Cintillo-300x37.png 300w\" sizes=\"auto, (max-width: 728px) 100vw, 728px\" \/><\/a><\/figure>\n\n\n\n<p>Las respuestas que est\u00e1 ofreciendo el <strong>Gobierno de Claudia Sheinbaum<\/strong> causan cada d\u00eda una mayor exasperaci\u00f3n popular. El triunfalismo de la <strong>Presidenta<\/strong> y de sus allegados ha llegado a colmar el hartazgo de los actores hegem\u00f3nicos de la vida nacional, pero tambi\u00e9n de las buenas gentes que conforman la patria mexicana de a pie.<\/p>\n\n\n\n<p>La simpat\u00eda presidencial va en ca\u00edda libre y pierde puntos a cada ma\u00f1anera en que se sucede el mismo discurso de odio en contra de todo lo que siga el guion lopezobradorista y de enfrentamiento brutal contra las opiniones que no contienen un elogio desmedido a la causa del s\u00f3tano y los dos supuestos pisos de la <strong>Cuarta Transformaci\u00f3n<\/strong>.<\/p>\n\n\n\n<p>Las instituciones que quedan, cooptadas y avasalladas por el r\u00e9gimen, no son m\u00e1s que fachadas impert\u00e9rritas que dejan hacer y dejan pasar las exageraciones mayores del autoritarismo.<\/p>\n\n\n\n<p>Con sus golpecitos de Estado, la <strong>4T<\/strong> logr\u00f3 tomar el control absoluto del <strong>Gobierno<\/strong> y de todos los poderes de la naci\u00f3n. Sin embargo, en el pecado llev\u00f3 la penitencia porque perdi\u00f3 al mismo tiempo el control sobre la gobernanza del pa\u00eds. Hoy nada funciona bien en la administraci\u00f3n p\u00fablica, y si algo parece que va a servir es corro\u00eddo de inmediato por el \u00f3xido de la corrupci\u00f3n. El para\u00edso del poder coloc\u00f3 al morenismo tambi\u00e9n en el purgatorio de su ineficiencia.<\/p>\n\n\n\n<p>Se est\u00e1 cumpliendo en ellos la sentencia de <strong>Isa\u00edas<\/strong>:<\/p>\n\n\n\n<p>\u201cPor mucho que oigan, no entender\u00e1n; por mucho que vean, no comprender\u00e1n. Porque el coraz\u00f3n de este [Gobierno] se ha vuelto insensible; se les han tapado los o\u00eddos y se les han cerrado los ojos. De lo contrario, ver\u00edan con los ojos, oir\u00edan con los o\u00eddos, entender\u00edan con el coraz\u00f3n, se arrepentir\u00edan y yo los sanar\u00eda\u201d.<\/p>\n\n\n\n<p>sglevet@gmail.com<\/p>\n","protected":false},"excerpt":{"rendered":"<p>Sergio Gonz\u00e1lez LevetSin tacto La comunicaci\u00f3n entre el Gobierno de la Rep\u00fablica y la ciudadan\u00eda est\u00e1 perdida por completo. Es como un di\u00e1logo de ciegos que se quisieran comunicar a se\u00f1as. La sociedad ha entrado en una pendiente de incredulidad y cr\u00edtica ante cualquier acci\u00f3n de Gobierno. Y por su parte, la autoridad solamente responde [&hellip;]<\/p>\n","protected":false},"author":2,"featured_media":141432,"comment_status":"closed","ping_status":"closed","sticky":false,"template":"","format":"standard","meta":{"_jetpack_newsletter_access":"","_jetpack_dont_email_post_to_subs":false,"_jetpack_newsletter_tier_id":0,"_jetpack_memberships_contains_paywalled_content":false,"_jetpack_memberships_contains_paid_content":false,"footnotes":""},"categories":[70],"tags":[47629,47631,47632,47628,47630,1282],"class_list":["post-157335","post","type-post","status-publish","format-standard","has-post-thumbnail","hentry","category-de-opinion","tag-claudia-sheinbaum-criticas","tag-comunicacion-gobierno-ciudadania","tag-crisis-gobernanza-mexico","tag-cuarta-transformacion-analisis","tag-gobierno-federal-mexico","tag-sergio-gonzalez-levet"],"jetpack_featured_media_url":"https:\/\/lospoliticosveracruz.com.mx\/wp-content\/uploads\/2025\/04\/Levet.jpg","jetpack_sharing_enabled":true,"jetpack_shortlink":"https:\/\/wp.me\/p4Qcd3-EVF","_links":{"self":[{"href":"https:\/\/lospoliticosveracruz.com.mx\/index.php?rest_route=\/wp\/v2\/posts\/157335","targetHints":{"allow":["GET"]}}],"collection":[{"href":"https:\/\/lospoliticosveracruz.com.mx\/index.php?rest_route=\/wp\/v2\/posts"}],"about":[{"href":"https:\/\/lospoliticosveracruz.com.mx\/index.php?rest_route=\/wp\/v2\/types\/post"}],"author":[{"embeddable":true,"href":"https:\/\/lospoliticosveracruz.com.mx\/index.php?rest_route=\/wp\/v2\/users\/2"}],"replies":[{"embeddable":true,"href":"https:\/\/lospoliticosveracruz.com.mx\/index.php?rest_route=%2Fwp%2Fv2%2Fcomments&post=157335"}],"version-history":[{"count":1,"href":"https:\/\/lospoliticosveracruz.com.mx\/index.php?rest_route=\/wp\/v2\/posts\/157335\/revisions"}],"predecessor-version":[{"id":157336,"href":"https:\/\/lospoliticosveracruz.com.mx\/index.php?rest_route=\/wp\/v2\/posts\/157335\/revisions\/157336"}],"wp:featuredmedia":[{"embeddable":true,"href":"https:\/\/lospoliticosveracruz.com.mx\/index.php?rest_route=\/wp\/v2\/media\/141432"}],"wp:attachment":[{"href":"https:\/\/lospoliticosveracruz.com.mx\/index.php?rest_route=%2Fwp%2Fv2%2Fmedia&parent=157335"}],"wp:term":[{"taxonomy":"category","embeddable":true,"href":"https:\/\/lospoliticosveracruz.com.mx\/index.php?rest_route=%2Fwp%2Fv2%2Fcategories&post=157335"},{"taxonomy":"post_tag","embeddable":true,"href":"https:\/\/lospoliticosveracruz.com.mx\/index.php?rest_route=%2Fwp%2Fv2%2Ftags&post=157335"}],"curies":[{"name":"wp","href":"https:\/\/api.w.org\/{rel}","templated":true}]}}