{"id":157337,"date":"2025-11-27T10:10:48","date_gmt":"2025-11-27T16:10:48","guid":{"rendered":"https:\/\/lospoliticosveracruz.com.mx\/?p=157337"},"modified":"2025-11-27T10:11:01","modified_gmt":"2025-11-27T16:11:01","slug":"dona-rocio-nahle-garcia-malditas-comparaciones","status":"publish","type":"post","link":"https:\/\/lospoliticosveracruz.com.mx\/?p=157337","title":{"rendered":"DO\u00d1A ROC\u00cdO NAHLE GARC\u00cdA\u2026 MALDITAS COMPARACIONES"},"content":{"rendered":"\n<p>S\u00edguenos ahora tambi\u00e9n en WhatsApp.\u00a0\u00a1<a href=\"https:\/\/whatsapp.com\/channel\/0029Va8zRWlEKyZIP3Z1dF0e\"><strong>Da clic aqu\u00ed<\/strong><\/a><strong>!<\/strong><\/p>\n\n\n\n<p><strong>Arturo Reyes Gonz\u00e1lez<\/strong><\/p>\n\n\n\n<p><em>Burladero<br><\/em><br>A ver, a ver, a ver, estimado, fino y caro lector, \u00bfle ha tocado a usted escuchar que a la se\u00f1ora gobernadora constitucional del estado de Veracruz de Ignacio de la Llave, la ingeniero do\u00f1a Roc\u00edo Nahle Garc\u00eda, le hayan llamado \u201cla t\u00eda Ch\u00edo\u201d?<br>Seguramente s\u00ed. Y si no, ya lo enteramos de que a la mandataria le han llamado en alg\u00fan momento de la manera en que lo hicieron en tiempos pasados con el extinto exgobernador Herrera, el \u201ct\u00edo Fide\u201d.<br>El hecho de que algunos veracruzanos (\u00bfser\u00e1n muchos?) le llamen o le hayan llamado en alg\u00fan momento a la se\u00f1ora gobernadora \u201cla t\u00eda Ch\u00edo\u201d, en clara referencia a la manera en que se le llam\u00f3 al tambi\u00e9n entonces gobernador, Fidel Herrera Beltr\u00e1n, reitero, \u201cel t\u00edo Fide\u201d (QEPD), considero en lo personal resulta una comparaci\u00f3n injusta que no dudo debe resultar hasta incomoda o no descarte desagradable para ella.<\/p>\n\n\n\n<figure class=\"wp-block-image size-full\"><a href=\" https:\/\/legisver.gob.mx\/Inicio.php?p=sliderInfoNP&amp;i=8785682\"><img loading=\"lazy\" decoding=\"async\" width=\"728\" height=\"90\" src=\"https:\/\/lospoliticosveracruz.com.mx\/wp-content\/uploads\/2025\/10\/Legis-Cintillo.png\" alt=\"\" class=\"wp-image-155724\" srcset=\"https:\/\/lospoliticosveracruz.com.mx\/wp-content\/uploads\/2025\/10\/Legis-Cintillo.png 728w, https:\/\/lospoliticosveracruz.com.mx\/wp-content\/uploads\/2025\/10\/Legis-Cintillo-300x37.png 300w\" sizes=\"auto, (max-width: 728px) 100vw, 728px\" \/><\/a><\/figure>\n\n\n\n<p><br>Pero, \u00bfPor qu\u00e9 lo hacemos? \u00bfUsted, tiene idea?<br>Cree que pudiera ser por:<br>A) Modismo<br>B) Costumbre<br>C) Cotorreo<br>D) A y C, pero no B<br>E) Otros<\/p>\n\n\n\n<p>Tambi\u00e9n a nivel nacional<br>Ahora, en el aspecto netamente medi\u00e1tico algunos hemos le\u00eddo que se le ha comparado, al menos en sus primeros meses de gobierno, con el exprejidente Andr\u00e9s Manuel L\u00f3pez Obrador (AMLO); \u00bfde veras? \u00a1S\u00ed!<br>Pero, por qu\u00e9, se preguntar\u00e1 usted, si ella habla fluido y con pausas como el otro; pues por c\u00f3mo lleg\u00f3 \u00e9l al poder (el \u201cPrejidente\u201d), sin el \u201capoyo\u201d de varios-muchos medios de comunicaci\u00f3n de la entidad y por supuesto del pa\u00eds, los cuales hasta hoy se lo recuerdan a cada oportunidad que tienen de difundir en sus espacios, que no hay dialogo, trato, acuerdo pues, y que -adem\u00e1s- ella est\u00e1 muy lejos de ser si quiera una partecita de lo que fue y es su mecenas.<br>\u00bfCu\u00e1l? \u00a1ohhh!, ya, es en serio, o sea un cachito, \u00bfQue cu\u00e1l? la parte corporal que usted quiera, eso se lo dejamos a usted, pero la cosa es que no le llega ni se le acerca ni se asemeja nadita.<br>\u00bfO sea que segundas partes nunca fueron mejores? As\u00ed es, y menos malas copias, copias, copias, no copas, de eso no se le sabe nada y dudamos sea aficionada, no, hasta ahora cualquiera asegurar\u00eda que solo es adicta al trabajo y nada m\u00e1s, \u00a1de eso no hay la menor duda!<br>Pero regresando al tema principal, se da cuenta de que de entrada a la mandataria ya se le compar\u00f3 con el Fide y con el \u201cPeje\u201d, y eso es recurrente; inconsciente o no, pero frecuente.<br>Una comparaci\u00f3n m\u00e1s<br>Ahora, por si eso no bastase, cuando hay fuertes vientos o \u201cnorte\u201d en nuestro bello estado, que muchas veces o en la enorme mayor\u00eda el impacto m\u00e1s fuerte sucede en la zona conurbada Veracruz-Boca del R\u00edo-Alvarado, algunos, creo m\u00e1s bien que son muchos, quisieran que el tiempo volviera y hubiera suspensi\u00f3n de clases, como suced\u00eda tambi\u00e9n en otro momento del pasado; As\u00ed es, ahora la comparamos con Javier Duarte de Ochoa, alias \u201cJavidu\u201d.<br>Cuando queremos que se nos cancelen clases, varios padres de familia, lo primero que pensamos es en el gordito exgobernador Duarte: \u201cAh, ese gordito que cancelaba clases\u201d y al otro d\u00eda, solazo y calor a todo lo que daba.<br>En lo personal he llegado a creer que con el pretexto del clima, en varias ocasiones queriendo quedar \u201cbien\u201d con muchos veracruzanos, Javidu autoriz\u00f3 dicha suspensi\u00f3n m\u00e1s all\u00e1 de que en realidad hubiera alg\u00fan riesgo real.<br>Lo que son las cosas, se le critic\u00f3 hasta el cansancio, a veces se le llega a extra\u00f1ar; \u00bfno? \u00bfexagero? No le ha tocado alguna imagen (\u00bftambi\u00e9n se le llama meme?) donde el rostro de la se\u00f1ora Nahle acaba siendo el de Javidu y viceversa.<br>En la pr\u00e1ctica ella ya corri\u00f3 el riesgo, ya sucedi\u00f3 una vez, autoriz\u00f3 una cancelaci\u00f3n y al otro d\u00eda, soleado; El resultado: en las redes sociales m\u00e1s populares enseguida la compararon con Javidu, se llenaron de la de imagen de ambos.<br>\u201cLa burra no era arisca\u201d dice el viejo refr\u00e1n; Quer\u00edamos suspensi\u00f3n y luego a fregar, somos canijos. Ella seguro ya tom\u00f3 nota. Segur\u00edsimo.<br>Ella es ella y punto<br>As\u00ed que demos oportunidad a que cree su propia historia; Acaba de empezar, por favor, no seamos severos, \u00a1ya estuvo bueno! Que mal educados, va a pensar que todos somos casi casi de la regi\u00f3n de Alvarado.<br>\u00bfC\u00f3mo dec\u00edan por ah\u00ed?, ah, s\u00ed, \u201cPaciencia, prudencia, verbal contingencia, dominio de ciencia, presencia o ausencia, seg\u00fan conveniencia\u201d.<br>Y\u2026 Cantaba el inolvidable Pedro Infante: \u201cYo soy quien soy, y no me parezco a nairen\u2026 mis compa\u00f1eros son mis buenos animales, chivos y mulas y uno que otro viejo buey\u2026\u201d, \u00bfpens\u00f3 lo mismo que yo? \u00a1Ah que caray con las hist\u00f3ricas comparecencias que estamos viviendo! Pero esa es otra historia\u2026<br>Veracruz, rinconcito donde hacen sus nidos las olas del mar<br>El siguiente es un dato que nos puede ayudar a entender mejor el grado de responsabilidad que tiene hoy en sus manos la ingeniera Nahle Garc\u00eda.<br>En este mes, noviembre del 2025, existen 237 pa\u00edses registrados en el mundo; Como naci\u00f3n (M\u00e9xico) somos el 11 con aproximadamente 139 millones ,598, 944 habitantes, de esas 237 naciones solo 102 tienen m\u00e1s de ocho millones de habitantes.<br>Esto es, la se\u00f1ora Nahle tutela, cuida y dirige el destino de un estado con m\u00e1s habitantes que 135 pa\u00edses del globo terr\u00e1queo, entre ellos, algunos como Hong Kong, Paraguay, Dinamarca, Noruega, Irlanda y Croacia, entre muchos, muchos otros.<br>\u00danica en un estado \u00fanico<br>Lecci\u00f3n de vida, nos guste o no, ella es \u00fanica, la comparan con Fidel, la comparan con Duarte, la comparan con el Prejidente; No, ella no.<br>A estas alturas del partido, la mandataria debe de tener mucho m\u00e1s claro el tipo de pueblo (todooo no solo las tribus de la zona sur) que gobierna, que aparte de su diversidad (es sui generis) nada, nada que ver con los de otros estados, mucho menos Zacatecas.<br>Debe ser principalmente por la rica y basta extensi\u00f3n territorial con la que contamos se\u00f1ora, aqu\u00ed s\u00ed, cuando decimos nada nos embona (\u00bfle suena?) es que a unos s\u00ed nos embona, pero a otros no; a unos s\u00ed nos llena el ojo, pero a otra parte del estado no, somos muchos, eso lo hace todo m\u00e1s dif\u00edcil habiendo tantos \u201cveracruces\u201d, como ahora lo ha constatado: Los del norte, los del sur, los del centro, los de la sierra, los de la costa.<br>Somos pues dif\u00edciles por naturaleza, por eso varios no creemos que la abierta y clara referencia de \u201ccontentitllos\u201d nos alcance a todos, \u00a1hasta eso! O sea unos s\u00ed, pero otros no. \u00bfVe?<br>Si de por s\u00ed somos demasiado complicados de complacer, por lo que haga, dif\u00edcilmente nos tendr\u00e1 a \u201ctodos\u201d los veracruzanos contentos.<br>Y luego somos m\u00e1s de ocho millones de almas en esta bella y hermosa y diversa tierra, \u00a1m\u00e1s de ocho millones!<br>Mire, hasta en el caso del mism\u00edsimo \u201ct\u00edo Fide\u201d que andaba literal regalando y tirando el dinero, obvio, no suyo, no nos tenia a todos contentos; hab\u00edamos quienes cuestion\u00e1bamos severamente dicha acci\u00f3n, y no porque a nosotros no nos tocara, sino porque al final, como sucedi\u00f3, ning\u00fan recurso iba a alcanzar para tener a todos contentos mientras la deuda creci\u00f3 m\u00e1s que exponencialmente.<br>Y como fue: Para algunos hoy bien, para otros excelente, para el resto, el peor.<br>Por cierto, se\u00f1ora gobernadora, que el segundo a\u00f1o que esta a la vuelta de la esquina sea de un \u00a1\u00e9xito rotundo!<\/p>\n","protected":false},"excerpt":{"rendered":"<p>Arturo Reyes Gonz\u00e1lez BurladeroA ver, a ver, a ver, estimado, fino y caro lector, \u00bfle ha tocado a usted escuchar que a la se\u00f1ora gobernadora constitucional del estado de Veracruz de Ignacio de la Llave, la ingeniero do\u00f1a Roc\u00edo Nahle Garc\u00eda, le hayan llamado \u201cla t\u00eda Ch\u00edo\u201d?Seguramente s\u00ed. Y si no, ya lo enteramos de [&hellip;]<\/p>\n","protected":false},"author":2,"featured_media":141375,"comment_status":"closed","ping_status":"closed","sticky":false,"template":"","format":"standard","meta":{"_jetpack_newsletter_access":"","_jetpack_dont_email_post_to_subs":false,"_jetpack_newsletter_tier_id":0,"_jetpack_memberships_contains_paywalled_content":false,"_jetpack_memberships_contains_paid_content":false,"footnotes":""},"categories":[70],"tags":[47636,47634,44801,47637,47635],"class_list":["post-157337","post","type-post","status-publish","format-standard","has-post-thumbnail","hentry","category-de-opinion","tag-comparaciones-politicas-veracruz","tag-fidel-herrera-duarte-nahle","tag-gobierno-estatal-veracruz","tag-opinion-politica-columnistas","tag-rocio-nahle-veracruz-2"],"jetpack_featured_media_url":"https:\/\/lospoliticosveracruz.com.mx\/wp-content\/uploads\/2025\/04\/Arturo-Reyes.jpg","jetpack_sharing_enabled":true,"jetpack_shortlink":"https:\/\/wp.me\/p4Qcd3-EVH","_links":{"self":[{"href":"https:\/\/lospoliticosveracruz.com.mx\/index.php?rest_route=\/wp\/v2\/posts\/157337","targetHints":{"allow":["GET"]}}],"collection":[{"href":"https:\/\/lospoliticosveracruz.com.mx\/index.php?rest_route=\/wp\/v2\/posts"}],"about":[{"href":"https:\/\/lospoliticosveracruz.com.mx\/index.php?rest_route=\/wp\/v2\/types\/post"}],"author":[{"embeddable":true,"href":"https:\/\/lospoliticosveracruz.com.mx\/index.php?rest_route=\/wp\/v2\/users\/2"}],"replies":[{"embeddable":true,"href":"https:\/\/lospoliticosveracruz.com.mx\/index.php?rest_route=%2Fwp%2Fv2%2Fcomments&post=157337"}],"version-history":[{"count":1,"href":"https:\/\/lospoliticosveracruz.com.mx\/index.php?rest_route=\/wp\/v2\/posts\/157337\/revisions"}],"predecessor-version":[{"id":157338,"href":"https:\/\/lospoliticosveracruz.com.mx\/index.php?rest_route=\/wp\/v2\/posts\/157337\/revisions\/157338"}],"wp:featuredmedia":[{"embeddable":true,"href":"https:\/\/lospoliticosveracruz.com.mx\/index.php?rest_route=\/wp\/v2\/media\/141375"}],"wp:attachment":[{"href":"https:\/\/lospoliticosveracruz.com.mx\/index.php?rest_route=%2Fwp%2Fv2%2Fmedia&parent=157337"}],"wp:term":[{"taxonomy":"category","embeddable":true,"href":"https:\/\/lospoliticosveracruz.com.mx\/index.php?rest_route=%2Fwp%2Fv2%2Fcategories&post=157337"},{"taxonomy":"post_tag","embeddable":true,"href":"https:\/\/lospoliticosveracruz.com.mx\/index.php?rest_route=%2Fwp%2Fv2%2Ftags&post=157337"}],"curies":[{"name":"wp","href":"https:\/\/api.w.org\/{rel}","templated":true}]}}