{"id":157339,"date":"2025-11-27T10:17:16","date_gmt":"2025-11-27T16:17:16","guid":{"rendered":"https:\/\/lospoliticosveracruz.com.mx\/?p=157339"},"modified":"2025-11-27T10:17:34","modified_gmt":"2025-11-27T16:17:34","slug":"apenas-lleva-600-mil","status":"publish","type":"post","link":"https:\/\/lospoliticosveracruz.com.mx\/?p=157339","title":{"rendered":"APENAS LLEVA 600 MIL!"},"content":{"rendered":"\n<p>S\u00edguenos ahora tambi\u00e9n en WhatsApp.\u00a0\u00a1<a href=\"https:\/\/whatsapp.com\/channel\/0029Va8zRWlEKyZIP3Z1dF0e\"><strong>Da clic aqu\u00ed<\/strong><\/a><strong>!<\/strong><\/p>\n\n\n\n<p><strong>Karla M\u00e9ndez<br><\/strong>Hasta el momento se tienen m\u00e1s de 600 mil afiliados a MORENA, solo en el estado de Veracruz y se espera llegar a la meta de un mill\u00f3n de afiliaciones, as\u00ed lo inform\u00f3 el dirigente estatal Esteban Ram\u00edrez Zepeta.<\/p>\n\n\n\n<p>En entrevista, mencion\u00f3 que en los temas propios del partido y la afiliaci\u00f3n se contin\u00faa trabajando muy bien recorriendo todo el estado y se esta a la espera de que el Instituto Nacional Electoral(INE), valide todas las afiliaciones para llegar a la meta.<\/p>\n\n\n\n<p>\u00abEn los temas propios de los comit\u00e9s seccionales vamos muy bien y vamos a seguir trabajando todo lo que resta del a\u00f1o\u2026. Hasta ahorita ya damos un poco m\u00e1s de 600 mil afiliados. Est\u00e1 todav\u00eda en espera de que el INE los autorice, pero se est\u00e1 haciendo trabajo para que podamos completar la meta.\u00bb<\/p>\n\n\n\n<p>De igual manera, el dirigente estatal de MORENA, puntualiz\u00f3 que a\u00fan faltan cinco municipios por resolver su impugnaci\u00f3n, sin embargo en pr\u00f3ximo d\u00edas ya comenzar\u00e1 una gira por el estado para hacer entrega de las regidurias con reuniones en la zona norte, sur y centro.<\/p>\n\n\n\n<p>\u00abNos faltan 5 municipios por resolver, desde lo que tienen todav\u00eda imputaciones, pero nosotros ya vamos a empezar a entregar las constancias a los regidores electos y ediles electos.\u00bb<\/p>\n\n\n\n<p>\u00abNos faltan 5 municipios por resolver, desde lo que tienen todav\u00eda imputaciones, pero nosotros ya vamos a empezar a entregar las constancias a los regidores electos y ediles electos.\u00bb<\/p>\n\n\n\n<p>Finalmente, Esteban Ram\u00edrez Zepeta, invit\u00f3 a la ciudadan\u00eda para que asista y est\u00e9 pendiente del mensaje que dar\u00e1 la Gobernadora Roc\u00edo Nahle Garc\u00eda, como parte de la entrega de su Primer Informe de Gobierno, este domingo 30 de noviembre a las 11:00 horas desde Plaza Lerdo.<\/p>\n","protected":false},"excerpt":{"rendered":"<p>Karla M\u00e9ndezHasta el momento se tienen m\u00e1s de 600 mil afiliados a MORENA, solo en el estado de Veracruz y se espera llegar a la meta de un mill\u00f3n de afiliaciones, as\u00ed lo inform\u00f3 el dirigente estatal Esteban Ram\u00edrez Zepeta. En entrevista, mencion\u00f3 que en los temas propios del partido y la afiliaci\u00f3n se contin\u00faa [&hellip;]<\/p>\n","protected":false},"author":2,"featured_media":142085,"comment_status":"closed","ping_status":"closed","sticky":false,"template":"","format":"standard","meta":{"_jetpack_newsletter_access":"","_jetpack_dont_email_post_to_subs":false,"_jetpack_newsletter_tier_id":0,"_jetpack_memberships_contains_paywalled_content":false,"_jetpack_memberships_contains_paid_content":false,"footnotes":""},"categories":[6446],"tags":[17053,47640,47642,47639,47641],"class_list":["post-157339","post","type-post","status-publish","format-standard","has-post-thumbnail","hentry","category-la-nota","tag-esteban-ramirez-zepeta","tag-ine-validacion-afiliados","tag-morena-comites-seccionales","tag-morena-veracruz-afiliaciones","tag-rocio-nahle-informe-gobierno"],"jetpack_featured_media_url":"https:\/\/lospoliticosveracruz.com.mx\/wp-content\/uploads\/2025\/04\/Morena-Esteban-Ramirez-Zepeta.jpg","jetpack_sharing_enabled":true,"jetpack_shortlink":"https:\/\/wp.me\/p4Qcd3-EVJ","_links":{"self":[{"href":"https:\/\/lospoliticosveracruz.com.mx\/index.php?rest_route=\/wp\/v2\/posts\/157339","targetHints":{"allow":["GET"]}}],"collection":[{"href":"https:\/\/lospoliticosveracruz.com.mx\/index.php?rest_route=\/wp\/v2\/posts"}],"about":[{"href":"https:\/\/lospoliticosveracruz.com.mx\/index.php?rest_route=\/wp\/v2\/types\/post"}],"author":[{"embeddable":true,"href":"https:\/\/lospoliticosveracruz.com.mx\/index.php?rest_route=\/wp\/v2\/users\/2"}],"replies":[{"embeddable":true,"href":"https:\/\/lospoliticosveracruz.com.mx\/index.php?rest_route=%2Fwp%2Fv2%2Fcomments&post=157339"}],"version-history":[{"count":2,"href":"https:\/\/lospoliticosveracruz.com.mx\/index.php?rest_route=\/wp\/v2\/posts\/157339\/revisions"}],"predecessor-version":[{"id":157341,"href":"https:\/\/lospoliticosveracruz.com.mx\/index.php?rest_route=\/wp\/v2\/posts\/157339\/revisions\/157341"}],"wp:featuredmedia":[{"embeddable":true,"href":"https:\/\/lospoliticosveracruz.com.mx\/index.php?rest_route=\/wp\/v2\/media\/142085"}],"wp:attachment":[{"href":"https:\/\/lospoliticosveracruz.com.mx\/index.php?rest_route=%2Fwp%2Fv2%2Fmedia&parent=157339"}],"wp:term":[{"taxonomy":"category","embeddable":true,"href":"https:\/\/lospoliticosveracruz.com.mx\/index.php?rest_route=%2Fwp%2Fv2%2Fcategories&post=157339"},{"taxonomy":"post_tag","embeddable":true,"href":"https:\/\/lospoliticosveracruz.com.mx\/index.php?rest_route=%2Fwp%2Fv2%2Ftags&post=157339"}],"curies":[{"name":"wp","href":"https:\/\/api.w.org\/{rel}","templated":true}]}}