{"id":157349,"date":"2025-11-27T11:49:58","date_gmt":"2025-11-27T17:49:58","guid":{"rendered":"https:\/\/lospoliticosveracruz.com.mx\/?p=157349"},"modified":"2025-11-27T11:50:16","modified_gmt":"2025-11-27T17:50:16","slug":"abuso-de-su-cargo","status":"publish","type":"post","link":"https:\/\/lospoliticosveracruz.com.mx\/?p=157349","title":{"rendered":"ABUS\u00d3 DE SU CARGO\u2026"},"content":{"rendered":"\n<p><strong>Bernardo Guti\u00e9rrez Parra<\/strong><\/p>\n\n\n\n<p><em>Desde el Caf\u00e9&nbsp;<\/em><\/p>\n\n\n\n<p>De diez a\u00f1os a la fecha, Veracruz ha tenido tres Fiscales \u201caut\u00f3nomos\u201d que de aut\u00f3nomos tuvieron o han tenido lo que Andy L\u00f3pez Beltr\u00e1n tiene de honrado y trabajador.&nbsp;<\/p>\n\n\n\n<p>Luis \u00c1ngel Bravo Contreras, ten\u00eda cuatro a\u00f1os como Procurador General del Estado, cuando el 30 de enero del 2015 Javier Duarte lo nombr\u00f3 Fiscal General para un periodo de nueve a\u00f1os; periodo que no cumpli\u00f3 porque el sucesor de Duarte, Miguel \u00c1ngel Yunes Linares, lo \u201cconvenci\u00f3\u201d de cederle la fiscal\u00eda a Jorge Winckler a cambio de no meterlo en prisi\u00f3n. Bravo Contreras cumpli\u00f3, pero al \u00e9l no le cumplieron. El 17 de junio del 2018 fue detenido en la Ciudad de M\u00e9xico y trasladado al penal de Pacho Viejo.<\/p>\n\n\n\n<p>Como Fiscal estatal, Winckler fue el verdugo que necesitaba su jefe para satisfacer su sed de venganza. El joven abogado meti\u00f3 en prisi\u00f3n a docenas de enemigos de Yunes con acusaciones falsas y carpetas de investigaci\u00f3n hechas (literalmente) con las patas. Nada de eso le import\u00f3 porque ten\u00eda la certeza que su jefe alargar\u00eda su bienio al dejarle la gubernatura a su hijo mayor. Pero Miguel \u00c1ngel junior perdi\u00f3 y desde entonces Winckler vive la peor de sus pesadillas porque a\u00fan permanece en prisi\u00f3n.&nbsp;<\/p>\n\n\n\n<p>El gobernador de facto, Eric Cisneros y su ayudante Cuitl\u00e1huac Garc\u00eda, que cobraba como gobernador constitucional, emprendieron una brutal cacer\u00eda contra el fiscal yunista hasta que lo corrieron e impusieron a Ver\u00f3nica Hern\u00e1ndez Giad\u00e1ns como la nueva Fiscal.&nbsp;<\/p>\n\n\n\n<p>Si Jorge Winkler fue represor y arbitrario, Ver\u00f3nica le dijo \u201cqu\u00edtate que ah\u00ed te voy\u201d porque desde el 3 de septiembre del 2019 en que la nombraron Encargada del Despacho de la Fiscal\u00eda y tras su ratificaci\u00f3n como Fiscal General el 28 de mayo del 2020, aprovech\u00f3 su cargo para delinquir y violar la ley.&nbsp;<\/p>\n\n\n\n<p>Sin perfil para el puesto pero bien apadrinada, Hern\u00e1ndez Giad\u00e1ns se ha caracterizado por ser arbitraria, represora, d\u00e9spota, opresora, autoritaria y siempre dispuesta a obedecer las \u00f3rdenes del tirano represor Eric Cisneros y su ayudante Cuitl\u00e1huac Garc\u00eda.&nbsp;<\/p>\n\n\n\n<p>Sin m\u00e1s pruebas que sus dichos, encarcel\u00f3 a personas inocentes. Dos casos paradigm\u00e1ticos fueron los de Rogelio Franco Cast\u00e1n y Jos\u00e9 Manuel del R\u00edo Virgen. Pero hubo muchos, decenas o quiz\u00e1 cientos que fueron encerrados, pagaron un dineral por salir y otros que a\u00fan permanecen en prisi\u00f3n.&nbsp;<\/p>\n\n\n\n<p>As\u00ed se manejaba la se\u00f1ora en los tiempos del cuitlahuismo.<\/p>\n\n\n\n<p>Hern\u00e1ndez Giad\u00e1ns es desde hace cinco a\u00f1os la peor Fiscal del pa\u00eds, t\u00edtulo que no parece molestarle, tambi\u00e9n es la Fiscal con m\u00e1s recomendaciones sin atender de la Comisi\u00f3n Estatal de Derechos Humanos. S\u00f3lo en 2024 mand\u00f3 al diablo m\u00e1s de 130. Tambi\u00e9n ha sido se\u00f1alada de proteger a varios de sus familiares que tienen nexos con el narco.<\/p>\n\n\n\n<p>Peor fiscal imposible, pero bendito sea Dios ahora s\u00ed ya se va.&nbsp;<\/p>\n\n\n\n<p>Este martes el Congreso aprob\u00f3 reformas a la Constituci\u00f3n local relativas al procedimiento para designar al nuevo (o nueva) titular de la Fiscal\u00eda y su duraci\u00f3n en el cargo.&nbsp;<\/p>\n\n\n\n<p>La designaci\u00f3n la har\u00e1 el gobernador o en este caso la gobernadora Roc\u00edo Nahle y el periodo se acorta de nueve a cuatro a\u00f1os con chance de que se reelijan por un periodo de otros cuatro a\u00f1os.&nbsp;<\/p>\n\n\n\n<p>Como ya hubo quien brinc\u00f3 al manifestar que las reformas le quitar\u00e1n autonom\u00eda a la Fiscal\u00eda, es bueno recordar que al menos aqu\u00ed en Veracruz, ni la Fiscal\u00eda ni los fiscales han sido aut\u00f3nomos jam\u00e1s. Siempre han estado a lo que ordene el gobernador en turno.&nbsp;<\/p>\n\n\n\n<p>Como paradoja, Luis \u00c1ngel Bravo, Jorge Wincker y Ver\u00f3nica Hern\u00e1ndez que supuestamente fueron \u201caut\u00f3nomos\u201d, resultaron de lo m\u00e1s sumisos.<\/p>\n\n\n\n<p>Ver\u00f3nica ya limpi\u00f3 su escritorio, ya se despidi\u00f3 de sus colaboradores m\u00e1s cercanos y est\u00e1 a la espera del nuevo o la nueva Fiscal para entregarle la oficina, y regresar a su natal Santiago Tuxtla a ponerse al frente de su Notar\u00eda.&nbsp;<\/p>\n\n\n\n<p>\u201cA ver a ver un momentito. Esta sujeta cometi\u00f3 graves delitos que afectaron a cientos de personas. Lo justo es que se le acuse penalmente, se le juzgue y pase el resto de su vida en prisi\u00f3n\u201d, escribi\u00f3 alguien en sus redes.&nbsp;<\/p>\n\n\n\n<p>Iluso.&nbsp;<\/p>\n\n\n\n<p>La se\u00f1ora Hern\u00e1ndez Giad\u00e1ns sirvi\u00f3 a sus superiores con sumisa fidelidad, es militante distinguida o al menos simpatizante de la 4T. Y la 4T y jam\u00e1s ha enviado a prisi\u00f3n a quienes le sirven de esa manera, por muy ladrones, corruptos y gandallas que sean.&nbsp;<\/p>\n\n\n\n<p>bernagup28@gmail.com<\/p>\n","protected":false},"excerpt":{"rendered":"<p>Bernardo Guti\u00e9rrez Parra Desde el Caf\u00e9&nbsp; De diez a\u00f1os a la fecha, Veracruz ha tenido tres Fiscales \u201caut\u00f3nomos\u201d que de aut\u00f3nomos tuvieron o han tenido lo que Andy L\u00f3pez Beltr\u00e1n tiene de honrado y trabajador.&nbsp; Luis \u00c1ngel Bravo Contreras, ten\u00eda cuatro a\u00f1os como Procurador General del Estado, cuando el 30 de enero del 2015 Javier [&hellip;]<\/p>\n","protected":false},"author":2,"featured_media":141479,"comment_status":"closed","ping_status":"closed","sticky":false,"template":"","format":"standard","meta":{"_jetpack_newsletter_access":"","_jetpack_dont_email_post_to_subs":false,"_jetpack_newsletter_tier_id":0,"_jetpack_memberships_contains_paywalled_content":false,"_jetpack_memberships_contains_paid_content":false,"footnotes":""},"categories":[70],"tags":[],"class_list":["post-157349","post","type-post","status-publish","format-standard","has-post-thumbnail","hentry","category-de-opinion"],"jetpack_featured_media_url":"https:\/\/lospoliticosveracruz.com.mx\/wp-content\/uploads\/2025\/04\/Bernardo-Gutierrez-Parra.jpg","jetpack_sharing_enabled":true,"jetpack_shortlink":"https:\/\/wp.me\/p4Qcd3-EVT","_links":{"self":[{"href":"https:\/\/lospoliticosveracruz.com.mx\/index.php?rest_route=\/wp\/v2\/posts\/157349","targetHints":{"allow":["GET"]}}],"collection":[{"href":"https:\/\/lospoliticosveracruz.com.mx\/index.php?rest_route=\/wp\/v2\/posts"}],"about":[{"href":"https:\/\/lospoliticosveracruz.com.mx\/index.php?rest_route=\/wp\/v2\/types\/post"}],"author":[{"embeddable":true,"href":"https:\/\/lospoliticosveracruz.com.mx\/index.php?rest_route=\/wp\/v2\/users\/2"}],"replies":[{"embeddable":true,"href":"https:\/\/lospoliticosveracruz.com.mx\/index.php?rest_route=%2Fwp%2Fv2%2Fcomments&post=157349"}],"version-history":[{"count":1,"href":"https:\/\/lospoliticosveracruz.com.mx\/index.php?rest_route=\/wp\/v2\/posts\/157349\/revisions"}],"predecessor-version":[{"id":157351,"href":"https:\/\/lospoliticosveracruz.com.mx\/index.php?rest_route=\/wp\/v2\/posts\/157349\/revisions\/157351"}],"wp:featuredmedia":[{"embeddable":true,"href":"https:\/\/lospoliticosveracruz.com.mx\/index.php?rest_route=\/wp\/v2\/media\/141479"}],"wp:attachment":[{"href":"https:\/\/lospoliticosveracruz.com.mx\/index.php?rest_route=%2Fwp%2Fv2%2Fmedia&parent=157349"}],"wp:term":[{"taxonomy":"category","embeddable":true,"href":"https:\/\/lospoliticosveracruz.com.mx\/index.php?rest_route=%2Fwp%2Fv2%2Fcategories&post=157349"},{"taxonomy":"post_tag","embeddable":true,"href":"https:\/\/lospoliticosveracruz.com.mx\/index.php?rest_route=%2Fwp%2Fv2%2Ftags&post=157349"}],"curies":[{"name":"wp","href":"https:\/\/api.w.org\/{rel}","templated":true}]}}