{"id":157354,"date":"2025-11-27T12:06:05","date_gmt":"2025-11-27T18:06:05","guid":{"rendered":"https:\/\/lospoliticosveracruz.com.mx\/?p=157354"},"modified":"2025-11-27T12:06:17","modified_gmt":"2025-11-27T18:06:17","slug":"evita-ser-tapia","status":"publish","type":"post","link":"https:\/\/lospoliticosveracruz.com.mx\/?p=157354","title":{"rendered":"EVITA SER TAPIA!"},"content":{"rendered":"\n<p>En el marco del D\u00eda Mundial de las Personas Sordas, la Unidad M\u00e9dica de Alta Especialidad (UMAE) Hospital de Especialidades (HE) No. 14 del Centro M\u00e9dico Nacional (CMN) \u201cAdolfo Ru\u00edz Cortines\u201d, del Instituto Mexicano del Seguro Social (IMSS) en Veracruz Norte invita a la poblaci\u00f3n en general a identificar se\u00f1ales tempranas de p\u00e9rdida auditiva, condici\u00f3n que puede afectar a ni\u00f1as, ni\u00f1os, j\u00f3venes y personas adultas.<\/p>\n\n\n\n<p>\u201cLa sordera o hipoacusia es la p\u00e9rdida parcial o total de la audici\u00f3n en uno o ambos o\u00eddos. Sus causas pueden ser cong\u00e9nitas, relacionadas con factores gen\u00e9ticos, infecciones durante el embarazo, nacimiento prematuro; o adquiridas, como infecciones del o\u00eddo, exposici\u00f3n prolongada a ruido intenso, envejecimiento, traumatismos, uso de medicamentos otot\u00f3xicos o enfermedades cr\u00f3nicas\u201d, explic\u00f3 el jefe de servicio de Otorrinolaringolog\u00eda, doctor Josu\u00e9 Javier Escobedo Lara.<\/p>\n\n\n\n<p>Esta condici\u00f3n puede desarrollarse de forma gradual, por lo que es com\u00fan que pase desapercibida. Entre los signos de alerta destacan: dificultad para entender conversaciones, necesidad de subir el volumen de dispositivos, zumbido en los o\u00eddos y, en el caso de la infancia, retraso en el lenguaje o falta de respuesta a sonidos.<\/p>\n\n\n\n<p>Si no se detecta de manera oportuna, la p\u00e9rdida auditiva puede generar dificultades en el aprendizaje, bajo rendimiento acad\u00e9mico o laboral, aislamiento social, depresi\u00f3n y barreras en la comunicaci\u00f3n.<\/p>\n\n\n\n<p>Escobedo Lara destac\u00f3 que, la prevenci\u00f3n es clave para proteger la salud auditiva, por lo que se recomienda evitar la exposici\u00f3n continua a ruidos fuertes, usar protecci\u00f3n auditiva en ambientes laborales con maquinaria, tratar oportunamente infecciones del o\u00eddo, vigilar el uso de medicamentos y acudir a revisiones m\u00e9dicas peri\u00f3dicas.<\/p>\n\n\n\n<p>El IMSS ofrece diversos servicios para la atenci\u00f3n de la p\u00e9rdida auditiva, entre ellos: tamiz auditivo neonatal, consulta especializada en otorrinolaringolog\u00eda y audiolog\u00eda, estudios diagn\u00f3sticos, rehabilitaci\u00f3n del lenguaje, adaptaci\u00f3n de auxiliares auditivos e implante coclear en casos seleccionados.<\/p>\n\n\n\n<p>\u201cNo todas las p\u00e9rdidas auditivas son permanentes, y cuando lo son, existen alternativas para mejorar la audici\u00f3n y la comunicaci\u00f3n. Solicitar atenci\u00f3n m\u00e9dica ante los primeros s\u00edntomas puede hacer una diferencia significativa en la calidad de vida\u201d, reiter\u00f3 el especialista.<\/p>\n","protected":false},"excerpt":{"rendered":"<p>En el marco del D\u00eda Mundial de las Personas Sordas, la Unidad M\u00e9dica de Alta Especialidad (UMAE) Hospital de Especialidades (HE) No. 14 del Centro M\u00e9dico Nacional (CMN) \u201cAdolfo Ru\u00edz Cortines\u201d, del Instituto Mexicano del Seguro Social (IMSS) en Veracruz Norte invita a la poblaci\u00f3n en general a identificar se\u00f1ales tempranas de p\u00e9rdida auditiva, condici\u00f3n [&hellip;]<\/p>\n","protected":false},"author":2,"featured_media":157356,"comment_status":"closed","ping_status":"closed","sticky":false,"template":"","format":"standard","meta":{"_jetpack_newsletter_access":"","_jetpack_dont_email_post_to_subs":false,"_jetpack_newsletter_tier_id":0,"_jetpack_memberships_contains_paywalled_content":false,"_jetpack_memberships_contains_paid_content":false,"footnotes":""},"categories":[73],"tags":[],"class_list":["post-157354","post","type-post","status-publish","format-standard","has-post-thumbnail","hentry","category-de-boleto"],"jetpack_featured_media_url":"https:\/\/lospoliticosveracruz.com.mx\/wp-content\/uploads\/2025\/11\/IMG_4540.jpeg","jetpack_sharing_enabled":true,"jetpack_shortlink":"https:\/\/wp.me\/p4Qcd3-EVY","_links":{"self":[{"href":"https:\/\/lospoliticosveracruz.com.mx\/index.php?rest_route=\/wp\/v2\/posts\/157354","targetHints":{"allow":["GET"]}}],"collection":[{"href":"https:\/\/lospoliticosveracruz.com.mx\/index.php?rest_route=\/wp\/v2\/posts"}],"about":[{"href":"https:\/\/lospoliticosveracruz.com.mx\/index.php?rest_route=\/wp\/v2\/types\/post"}],"author":[{"embeddable":true,"href":"https:\/\/lospoliticosveracruz.com.mx\/index.php?rest_route=\/wp\/v2\/users\/2"}],"replies":[{"embeddable":true,"href":"https:\/\/lospoliticosveracruz.com.mx\/index.php?rest_route=%2Fwp%2Fv2%2Fcomments&post=157354"}],"version-history":[{"count":1,"href":"https:\/\/lospoliticosveracruz.com.mx\/index.php?rest_route=\/wp\/v2\/posts\/157354\/revisions"}],"predecessor-version":[{"id":157357,"href":"https:\/\/lospoliticosveracruz.com.mx\/index.php?rest_route=\/wp\/v2\/posts\/157354\/revisions\/157357"}],"wp:featuredmedia":[{"embeddable":true,"href":"https:\/\/lospoliticosveracruz.com.mx\/index.php?rest_route=\/wp\/v2\/media\/157356"}],"wp:attachment":[{"href":"https:\/\/lospoliticosveracruz.com.mx\/index.php?rest_route=%2Fwp%2Fv2%2Fmedia&parent=157354"}],"wp:term":[{"taxonomy":"category","embeddable":true,"href":"https:\/\/lospoliticosveracruz.com.mx\/index.php?rest_route=%2Fwp%2Fv2%2Fcategories&post=157354"},{"taxonomy":"post_tag","embeddable":true,"href":"https:\/\/lospoliticosveracruz.com.mx\/index.php?rest_route=%2Fwp%2Fv2%2Ftags&post=157354"}],"curies":[{"name":"wp","href":"https:\/\/api.w.org\/{rel}","templated":true}]}}