{"id":157462,"date":"2025-11-28T19:49:34","date_gmt":"2025-11-29T01:49:34","guid":{"rendered":"https:\/\/lospoliticosveracruz.com.mx\/?p=157462"},"modified":"2025-11-28T19:49:47","modified_gmt":"2025-11-29T01:49:47","slug":"le-ponen-10-2","status":"publish","type":"post","link":"https:\/\/lospoliticosveracruz.com.mx\/?p=157462","title":{"rendered":"LE PONEN 10!"},"content":{"rendered":"\n<p>S\u00edguenos ahora tambi\u00e9n en WhatsApp.\u00a0\u00a1<a href=\"https:\/\/whatsapp.com\/channel\/0029Va8zRWlEKyZIP3Z1dF0e\"><strong>Da clic aqu\u00ed<\/strong><\/a><strong>!<\/strong><\/p>\n\n\n\n<p><\/p>\n\n\n\n<p>El Grupo Legislativo del Partido Verde Ecologista de M\u00e9xico (PVEM) en el Congreso de Veracruz, calific\u00f3 como positivo el nuevo formato de comparecencias de los secretarios de Despacho ante la LXVII Legislatura, al considerar que permiti\u00f3 una comunicaci\u00f3n m\u00e1s clara, directa y eficiente sobre los avances de los programas gubernamentales en beneficio de la ciudadan\u00eda.<\/p>\n\n\n\n<figure class=\"wp-block-image size-full\"><a href=\" https:\/\/legisver.gob.mx\/Inicio.php?p=sliderInfoNP&amp;i=8785682\"><img loading=\"lazy\" decoding=\"async\" width=\"728\" height=\"90\" src=\"https:\/\/lospoliticosveracruz.com.mx\/wp-content\/uploads\/2025\/10\/Legis-Cintillo.png\" alt=\"\" class=\"wp-image-155724\" srcset=\"https:\/\/lospoliticosveracruz.com.mx\/wp-content\/uploads\/2025\/10\/Legis-Cintillo.png 728w, https:\/\/lospoliticosveracruz.com.mx\/wp-content\/uploads\/2025\/10\/Legis-Cintillo-300x37.png 300w\" sizes=\"auto, (max-width: 728px) 100vw, 728px\" \/><\/a><\/figure>\n\n\n\n<p>El coordinador del Grupo Legislativo del Partido Verde Ecologista de M\u00e9xico (PVEM), diputado Carlos Marcelo Ruiz S\u00e1nchez, se\u00f1al\u00f3 que la din\u00e1mica implementada este a\u00f1o favoreci\u00f3 el intercambio de informaci\u00f3n y una evaluaci\u00f3n m\u00e1s precisa del desempe\u00f1o de cada dependencia estatal.<\/p>\n\n\n\n<p>Destac\u00f3 que el esquema permiti\u00f3 a los funcionarios exponer logros y desaf\u00edos de manera puntual, fortaleciendo as\u00ed la transparencia y la rendici\u00f3n de cuentas en este primer a\u00f1o de gobierno de la ingeniera Roc\u00edo Nahle Garc\u00eda.<\/p>\n\n\n\n<p>El primero en comparecer fue el secretario de Gobierno, Ricardo Ahued Bardahuil, quien inform\u00f3 los avances alcanzados durante el primer a\u00f1o de administraci\u00f3n, dando como resultado que en Veracruz prevalece el orden y la gobernabilidad.<\/p>\n\n\n\n<p>En las comparecencias subsecuentes, los titulares de las diversas dependencias destacaron que en 11 meses la entidad logr\u00f3 una inversi\u00f3n hist\u00f3rica de 4 mil 380 millones de pesos y consolid\u00f3 un nuevo polo de desarrollo. Tambi\u00e9n resaltaron que Veracruz cuenta con un Gobierno garante de derechos, que impulsa la soberan\u00eda financiera y mantiene una creciente presencia tur\u00edstica, gracias a la mayor conectividad y promoci\u00f3n.<\/p>\n\n\n\n<p>Entre los mensajes centrales expuestos estuvieron: la construcci\u00f3n de un Veracruz en paz mediante disciplina, lealtad y trabajo cercano al pueblo; el impulso a pol\u00edticas sociales que generan bienestar y reducen desigualdades; la visi\u00f3n de futuro para el desarrollo ambiental; y el fortalecimiento del sector educativo como motor de la transformaci\u00f3n.<\/p>\n\n\n\n<p>As\u00ed como en un a\u00f1o, Veracruz consolid\u00f3 su sistema de salud equitativo, cercano y eficiente, su comunicaci\u00f3n ha sido m\u00e1s veraz, inclusiva y democr\u00e1tica y en Protecci\u00f3n Civil se habl\u00f3 de la cultura de la prevenci\u00f3n y apoyos en municipios afectados por las recientes inundaciones.<\/p>\n\n\n\n<p>El diputado Carlos Marcelo Ruiz S\u00e1nchez afirm\u00f3 que junto con los dem\u00e1s legisladores del PVEM, Estefan\u00eda Bastida Cuevas, Tania Mar\u00eda Cruz Mej\u00eda, Ang\u00e9lica Pe\u00f1a Mart\u00ednez y Urbano Bautista Mart\u00ednez, tuvieron una activa participaci\u00f3n en las 16 comparecencias de las dependencias del Poder Ejecutivo, que se llevaron a cabo como parte de la glosa del primer informe de la administraci\u00f3n de Roc\u00edo Nahle Garc\u00eda.<\/p>\n\n\n\n<p>Asimismo, se enfatiz\u00f3 que el estado avanza hacia una administraci\u00f3n m\u00e1s honesta, profesional y cercana a la gente, al tiempo que se construye un campo m\u00e1s justo e igualitario, y se refuerza la identidad cultural de Veracruz, que \u201cest\u00e1 de moda\u201d por su dinamismo y diversidad.<\/p>\n\n\n\n<p>Puntualiz\u00f3 que este nuevo formato de comparecencias busca agilizar las sesiones y mejorar la rendici\u00f3n de cuentas, privilegiando preguntas m\u00e1s concretas y respuestas m\u00e1s puntuales, evitando repeticiones y evasivas. Con este esquema, se garantiza un ejercicio legislativo m\u00e1s ordenado, eficiente y enfocado en los temas prioritarios para la ciudadan\u00eda.<\/p>\n","protected":false},"excerpt":{"rendered":"<p>El Grupo Legislativo del Partido Verde Ecologista de M\u00e9xico (PVEM) en el Congreso de Veracruz, calific\u00f3 como positivo el nuevo formato de comparecencias de los secretarios de Despacho ante la LXVII Legislatura, al considerar que permiti\u00f3 una comunicaci\u00f3n m\u00e1s clara, directa y eficiente sobre los avances de los programas gubernamentales en beneficio de la ciudadan\u00eda. [&hellip;]<\/p>\n","protected":false},"author":2,"featured_media":157463,"comment_status":"closed","ping_status":"closed","sticky":false,"template":"","format":"standard","meta":{"_jetpack_newsletter_access":"","_jetpack_dont_email_post_to_subs":false,"_jetpack_newsletter_tier_id":0,"_jetpack_memberships_contains_paywalled_content":false,"_jetpack_memberships_contains_paid_content":false,"footnotes":""},"categories":[73],"tags":[],"class_list":["post-157462","post","type-post","status-publish","format-standard","has-post-thumbnail","hentry","category-de-boleto"],"jetpack_featured_media_url":"https:\/\/lospoliticosveracruz.com.mx\/wp-content\/uploads\/2025\/11\/WhatsApp-Image-2025-11-28-at-19.39.44.jpeg","jetpack_sharing_enabled":true,"jetpack_shortlink":"https:\/\/wp.me\/p4Qcd3-EXI","_links":{"self":[{"href":"https:\/\/lospoliticosveracruz.com.mx\/index.php?rest_route=\/wp\/v2\/posts\/157462","targetHints":{"allow":["GET"]}}],"collection":[{"href":"https:\/\/lospoliticosveracruz.com.mx\/index.php?rest_route=\/wp\/v2\/posts"}],"about":[{"href":"https:\/\/lospoliticosveracruz.com.mx\/index.php?rest_route=\/wp\/v2\/types\/post"}],"author":[{"embeddable":true,"href":"https:\/\/lospoliticosveracruz.com.mx\/index.php?rest_route=\/wp\/v2\/users\/2"}],"replies":[{"embeddable":true,"href":"https:\/\/lospoliticosveracruz.com.mx\/index.php?rest_route=%2Fwp%2Fv2%2Fcomments&post=157462"}],"version-history":[{"count":2,"href":"https:\/\/lospoliticosveracruz.com.mx\/index.php?rest_route=\/wp\/v2\/posts\/157462\/revisions"}],"predecessor-version":[{"id":157465,"href":"https:\/\/lospoliticosveracruz.com.mx\/index.php?rest_route=\/wp\/v2\/posts\/157462\/revisions\/157465"}],"wp:featuredmedia":[{"embeddable":true,"href":"https:\/\/lospoliticosveracruz.com.mx\/index.php?rest_route=\/wp\/v2\/media\/157463"}],"wp:attachment":[{"href":"https:\/\/lospoliticosveracruz.com.mx\/index.php?rest_route=%2Fwp%2Fv2%2Fmedia&parent=157462"}],"wp:term":[{"taxonomy":"category","embeddable":true,"href":"https:\/\/lospoliticosveracruz.com.mx\/index.php?rest_route=%2Fwp%2Fv2%2Fcategories&post=157462"},{"taxonomy":"post_tag","embeddable":true,"href":"https:\/\/lospoliticosveracruz.com.mx\/index.php?rest_route=%2Fwp%2Fv2%2Ftags&post=157462"}],"curies":[{"name":"wp","href":"https:\/\/api.w.org\/{rel}","templated":true}]}}