{"id":157496,"date":"2025-11-30T10:51:38","date_gmt":"2025-11-30T16:51:38","guid":{"rendered":"https:\/\/lospoliticosveracruz.com.mx\/?p=157496"},"modified":"2025-11-30T10:51:50","modified_gmt":"2025-11-30T16:51:50","slug":"banquetazo-de-sabor","status":"publish","type":"post","link":"https:\/\/lospoliticosveracruz.com.mx\/?p=157496","title":{"rendered":"BANQUETAZO DE SABOR!"},"content":{"rendered":"\n<p>S\u00edguenos ahora tambi\u00e9n en WhatsApp.\u00a0\u00a1<a href=\"https:\/\/whatsapp.com\/channel\/0029Va8zRWlEKyZIP3Z1dF0e\"><strong>Da clic aqu\u00ed<\/strong><\/a><strong>!<\/strong><\/p>\n\n\n\n<p>Veracruz: Con un lleno total en el reci\u00e9n renovado Z\u00f3calo de la ciudad, el Quinto Festival del Esquite tuvo un \u00e9xito rotundo, registrando una derrama econ\u00f3mica de 600 mil pesos y la venta de miles de productos entre esquites, elotes y una gran variedad de snacks tradicionales.<\/p>\n\n\n\n<p>Con la participaci\u00f3n de 48 expositores y m\u00e1s de 25 mil asistentes entre locales y turistas, este s\u00e1bado se vendieron esquites, elotes y sopas preparadas, adem\u00e1s de una amplia oferta de antojitos como chicharrones, tostitos, nachos, tortas de elote, banderillas, marquesitas, pays, fresas con crema, glorias, raspados, bebidas, entre otros.<\/p>\n\n\n\n<p>La alcaldesa Paty Lobeira destac\u00f3 la positiva respuesta de la ciudadan\u00eda y la importancia de estas actividades para impulsar la econom\u00eda local. \u201cMuy contentos con esta respuesta. Venden muy bien; cuando vienen, salen muy contentos, es un empuje a la econom\u00eda local. Por eso hacemos tantas ferias de este estilo, porque as\u00ed se dan a conocer\u201d, expres\u00f3.<\/p>\n\n\n\n<p>Manifest\u00f3 que algunos de los expositores ya los contratan para eventos, lo cual est\u00e1 muy bien porque empiezan a diversificarse y esa es la parte positiva: que tengan otra percepci\u00f3n y nuevas oportunidades.<\/p>\n\n\n\n<p>Los expositores son de distintas zonas del municipio, desde Tejer\u00eda, Santa Fe, Dos Lomas y Villar\u00edn, tambi\u00e9n de la zona centro, zona norte, Infonavit Buenavista y El Coyol. Adem\u00e1s de los esquites tradicionales, tambi\u00e9n hab\u00eda de camar\u00f3n, de res, de tu\u00e9tano, de patitas de pollo, rojos y verdes.<\/p>\n\n\n\n<p>La alcaldesa tambi\u00e9n resalt\u00f3 el atractivo del Centro Hist\u00f3rico, que ya luce renovado y en preparaci\u00f3n para la temporada navide\u00f1a. \u201cEl centro est\u00e1 s\u00faper bonito, pr\u00e1cticamente listo. Es una oportunidad para que vean lo que estamos haciendo y c\u00f3mo va la decoraci\u00f3n de Navidad, que est\u00e1 quedando muy bonita\u201d, indic\u00f3.<\/p>\n\n\n\n<p>Actividad previa del viernes<\/p>\n\n\n\n<p>A pesar de que el festival se hab\u00eda cancelado el d\u00eda viernes por condiciones meteorol\u00f3gicas, 19 expositores acudieron al Z\u00f3calo para vender sus productos, logrando una derrama de 147,800 pesos, con la venta de esquites, elotes, adem\u00e1s de sopas preparadas y snacks como chicharrones, nachos, tostitos, banderillas, marquesitas, pays, ensalada rusa, fresas con crema, glorias, raspados y bebidas.<\/p>\n","protected":false},"excerpt":{"rendered":"<p>Veracruz: Con un lleno total en el reci\u00e9n renovado Z\u00f3calo de la ciudad, el Quinto Festival del Esquite tuvo un \u00e9xito rotundo, registrando una derrama econ\u00f3mica de 600 mil pesos y la venta de miles de productos entre esquites, elotes y una gran variedad de snacks tradicionales. Con la participaci\u00f3n de 48 expositores y m\u00e1s [&hellip;]<\/p>\n","protected":false},"author":2,"featured_media":157497,"comment_status":"closed","ping_status":"closed","sticky":false,"template":"","format":"standard","meta":{"_jetpack_newsletter_access":"","_jetpack_dont_email_post_to_subs":false,"_jetpack_newsletter_tier_id":0,"_jetpack_memberships_contains_paywalled_content":false,"_jetpack_memberships_contains_paid_content":false,"footnotes":""},"categories":[73],"tags":[47660,47659,47656,47661,47657,47658],"class_list":["post-157496","post","type-post","status-publish","format-standard","has-post-thumbnail","hentry","category-de-boleto","tag-economia-local-veracruz","tag-expositores-esquites-veracruz","tag-festival-del-esquite-veracruz","tag-festival-gastronomico-veracruz","tag-paty-lobeira-alcaldesa","tag-zocalo-de-veracruz-evento"],"jetpack_featured_media_url":"https:\/\/lospoliticosveracruz.com.mx\/wp-content\/uploads\/2025\/11\/WhatsApp-Image-2025-11-30-at-10.50.29.jpeg","jetpack_sharing_enabled":true,"jetpack_shortlink":"https:\/\/wp.me\/p4Qcd3-EYg","_links":{"self":[{"href":"https:\/\/lospoliticosveracruz.com.mx\/index.php?rest_route=\/wp\/v2\/posts\/157496","targetHints":{"allow":["GET"]}}],"collection":[{"href":"https:\/\/lospoliticosveracruz.com.mx\/index.php?rest_route=\/wp\/v2\/posts"}],"about":[{"href":"https:\/\/lospoliticosveracruz.com.mx\/index.php?rest_route=\/wp\/v2\/types\/post"}],"author":[{"embeddable":true,"href":"https:\/\/lospoliticosveracruz.com.mx\/index.php?rest_route=\/wp\/v2\/users\/2"}],"replies":[{"embeddable":true,"href":"https:\/\/lospoliticosveracruz.com.mx\/index.php?rest_route=%2Fwp%2Fv2%2Fcomments&post=157496"}],"version-history":[{"count":1,"href":"https:\/\/lospoliticosveracruz.com.mx\/index.php?rest_route=\/wp\/v2\/posts\/157496\/revisions"}],"predecessor-version":[{"id":157498,"href":"https:\/\/lospoliticosveracruz.com.mx\/index.php?rest_route=\/wp\/v2\/posts\/157496\/revisions\/157498"}],"wp:featuredmedia":[{"embeddable":true,"href":"https:\/\/lospoliticosveracruz.com.mx\/index.php?rest_route=\/wp\/v2\/media\/157497"}],"wp:attachment":[{"href":"https:\/\/lospoliticosveracruz.com.mx\/index.php?rest_route=%2Fwp%2Fv2%2Fmedia&parent=157496"}],"wp:term":[{"taxonomy":"category","embeddable":true,"href":"https:\/\/lospoliticosveracruz.com.mx\/index.php?rest_route=%2Fwp%2Fv2%2Fcategories&post=157496"},{"taxonomy":"post_tag","embeddable":true,"href":"https:\/\/lospoliticosveracruz.com.mx\/index.php?rest_route=%2Fwp%2Fv2%2Ftags&post=157496"}],"curies":[{"name":"wp","href":"https:\/\/api.w.org\/{rel}","templated":true}]}}