{"id":157499,"date":"2025-11-30T11:36:23","date_gmt":"2025-11-30T17:36:23","guid":{"rendered":"https:\/\/lospoliticosveracruz.com.mx\/?p=157499"},"modified":"2025-11-30T11:36:48","modified_gmt":"2025-11-30T17:36:48","slug":"felicitaciones-verdes","status":"publish","type":"post","link":"https:\/\/lospoliticosveracruz.com.mx\/?p=157499","title":{"rendered":"FELICITACIONES VERDES!"},"content":{"rendered":"\n<p>S\u00edguenos ahora tambi\u00e9n en WhatsApp.\u00a0\u00a1<a href=\"https:\/\/whatsapp.com\/channel\/0029Va8zRWlEKyZIP3Z1dF0e\"><strong>Da clic aqu\u00ed<\/strong><\/a><strong>!<\/strong><\/p>\n\n\n\n<p><strong>Ingeniera Roc\u00edo Nahle Garc\u00eda<\/strong><br><strong>Gobernadora Constitucional del Estado Libre y Soberano de Veracruz de Ignacio de la Llave<\/strong><\/p>\n\n\n\n<p>Como aliados de la <strong>Cuarta Transformaci\u00f3n<\/strong> la felicitamos y reconocemos por su<\/p>\n\n\n\n<p>Primer Informe de Gobierno<\/p>\n\n\n\n<p>Constatamos su entrega y dedicaci\u00f3n para velar por el bienestar de los veracruzanos; con<br>acciones contundentes, est\u00e1 dando un sentido humano al desarrollo de nuestra tierra.<\/p>\n\n\n\n<p>Reciba nuestro reconocimiento por los m\u00faltiples resultados que contiene ese documento<br>que reflejan su enorme capacidad de trabajo, dinamismo y liderazgo. Estamos ciertos de<br>que con las acciones decididas que hoy se desarrollan bajo su conducci\u00f3n, <strong>Veracruz<\/strong><br>trascender\u00e1 los retos presentes para convertirse en un Estado modelo en nuestro pa\u00eds.<\/p>\n\n\n\n<p>Cuente con nuestro apoyo y trabajo coordinado, en unidad con la <strong>C. Presidenta de la<br>Rep\u00fablica, Dra. Claudia Sheinbaum Pardo<\/strong> y con usted por Amor a Veracruz.<\/p>\n\n\n\n<p>FRATERNALMENTE<\/p>\n\n\n\n<p><strong>Dip. Javier Herrera Borunda<\/strong><br><strong>Edgar Jos\u00e9 Herrera Lendechy<\/strong><br>Secretario General del Comit\u00e9 Ejecutivo Estatal<br>del <strong>PVEM<\/strong>.<br><strong>Dip. Carlos Marcelo Ruiz S\u00e1nchez<\/strong><br>Coordinador de los Diputados Locales del <strong>PVEM<\/strong><br>de la LXVII Legislatura del Estado de Veracruz<br><strong>Blanca Estela Hern\u00e1ndez Rodr\u00edguez<\/strong><br>Diputada Federal Distrito 13<br><strong>Dip. Estefan\u00eda Bastida Cuevas<\/strong><br>Vicepresidenta de la Mesa Directiva de la LXVII<br>Legislatura del Estado de Veracruz<br><strong>Jonatan Puertos Chimalhua<\/strong><br>Diputado Federal Distrito 18<br><strong>Ang\u00e9lica Pe\u00f1a Mart\u00ednez<\/strong><br>Diputada Local Distrito 17<br><strong>Tania Mar\u00eda Cruz Mej\u00eda<\/strong><br>Diputada Local Distrito 21<br><strong>Urbano Bautista Mart\u00ednez<\/strong><br>Diputado Local Distrito 27<br><strong>Lizzette \u00c1lvarez Vera<\/strong><br>Presidenta Municipal de Alvarado<br><strong>Eder Humberto Flores Ortega<\/strong><br>Presidente Municipal de Chalma<br><strong>Ernesto Ruiz Garc\u00eda<\/strong><br>Presidente Municipal de Chocam\u00e1n<br><strong>Paulino Roberto Salinas Salgado<\/strong><br>Presidente Municipal de Espinal<br><strong>Abad Tadeo Cort\u00e9s<\/strong><br>Presidente Municipal de Ilamatl\u00e1n<br><strong>Andr\u00e9s Chac\u00f3n Hern\u00e1ndez<\/strong><br>Presidente Municipal de Ignacio de la Llave<br><strong>Roberto Perdomo Chino<\/strong><br>Presidente Municipal de Jalacingo<br><strong>Balbino Castillo Murrieta<\/strong><br>Presidente Municipal de Jilotepec<br><strong>Ricardo Farf\u00e1n Guti\u00e9rrez<\/strong><br>Presidente Municipal de Jos\u00e9 Azueta<br><strong>Marcos Isle\u00f1o Andrade<\/strong><br>Presidente Municipal de Medell\u00edn de Bravo<br><strong>Ernesto Torres Navarro<\/strong><br>Presidente Municipal de Nogales<br><strong>Agust\u00edn Ramos Hern\u00e1ndez<\/strong><br>Presidente Municipal de Ozuluama<br><strong>Mar\u00eda de los \u00c1ngeles V\u00e1zquez V\u00e1zquez<\/strong><br>Presidenta Municipal de Paso del Macho<br><strong>Elvis Mart\u00ednez Luis<\/strong><br>Presidente Municipal de Playa Vicente<br><strong>Roberto Montiel Montiel<\/strong><br>Presidente Municipal de Puente Nacional<br><strong>Nora Mar\u00eda Acosta Gamboa<\/strong><br>Presidenta Municipal de Totutla<br><strong>Gabriela Valdez Santes<\/strong><br>Presidenta Municipal de Tecolutla<br><strong>Milen Cuevas Dom\u00ednguez<\/strong><br>Presidenta Municipal de Vega de Alatorre<\/p>\n\n\n\n<p><strong>Alberto \u00c1ngel Cobos M\u00e1rquez<\/strong><br>Presidente Municipal Electo de Alvarado<br><strong>Horacio Aguirre Galo<\/strong><br>Presidente Municipal Electo de Amatitl\u00e1n<br><strong>Edvino Hern\u00e1ndez Hern\u00e1ndez<\/strong><br>Presidente Municipal Electo de Benito Ju\u00e1rez<br><strong>Maria Petra Alonso Vazquez<\/strong><br>Presidenta Municipal Electa de Aquila<br><strong>Mar\u00eda Luisa Bautista Hern\u00e1ndez<\/strong><br>Presidenta Municipal Electa de Chiconamel<br><strong>Nazario Emmanuel Perea Morales<\/strong><br>Presidente Municipal Electo de Chiconquiaco<br><strong>Aristea Fern\u00e1ndez de la Cruz<\/strong><br>Presidenta Municipal Electa de Chicontepec<br><strong>Jorge Alberto Villegas Cazares<\/strong><br>Presidente Municipal Electo de Cosamaloapan<br><strong>Yamuri Emmanuel Palacio Aldana<\/strong><br>Presidente Municipal Electo de Coyutla<br><strong>Viridiana P\u00e9rez Pati\u00f1o<\/strong><br>Presidenta Municipal Electa de Espinal<br><strong>Mar\u00eda de la Luz Santiago Ponce<\/strong><br>Presidenta Municipal Electa de Ignacio de la Llave<br><strong>Yuridia In\u00e9s Santiago Gopar<\/strong><br>Presidenta Municipal Electa de Ilamatl\u00e1n<br><strong>Jos\u00e9 Antonio Bello Ram\u00edrez<\/strong><br>Presidente Municipal Electo de Jos\u00e9 Azueta<br><strong>Ramiro Mart\u00ednez Amezcua<\/strong><br>Presidente Electo de Playa Vicente<br><strong>Rafael Gustavo Fararoni Maga\u00f1a<\/strong><br>Presidente Municipal Electo de San Andr\u00e9s Tuxtla<br><strong>Eloisa Zetina Gomez<\/strong><br>Presidenta Municipal Electa de San Juan Evangelista<br><strong>Crispina Zuccolotto Gonz\u00e1lez<\/strong><br>Presidenta Municipal Electa de Sochiapa<br><strong>Elsa Cruz M\u00e9ndez Ibarra<\/strong><br>Presidenta Municipal Electa de Soledad de Doblado<br><strong>Citlali Medell\u00edn Careaga<\/strong><br>Presidenta Municipal Electa de Tamiahua<br><strong>Adri\u00e1n Dom\u00ednguez Rangel<\/strong><br>Presidente Municipal Electo de Tampico Alto<br><strong>Wenceslao Santiago Castro<\/strong><br>Presidente Municipal Electo de Tecolutla<br><strong>Carlos S\u00e1nchez Reyes<\/strong><br>Presidente Municipal Electo de Tenampa<br><strong>Fernando S\u00e1nchez Hern\u00e1ndez<\/strong><br>Presidente Municipal Electo de Tenochtitl\u00e1n<br><strong>Bertha Reyes Solano<\/strong><br>Presidenta Municipal Electa de Tuxtilla<\/p>\n","protected":false},"excerpt":{"rendered":"<p>Ingeniera Roc\u00edo Nahle Garc\u00edaGobernadora Constitucional del Estado Libre y Soberano de Veracruz de Ignacio de la Llave Como aliados de la Cuarta Transformaci\u00f3n la felicitamos y reconocemos por su Primer Informe de Gobierno Constatamos su entrega y dedicaci\u00f3n para velar por el bienestar de los veracruzanos; conacciones contundentes, est\u00e1 dando un sentido humano al desarrollo [&hellip;]<\/p>\n","protected":false},"author":2,"featured_media":157500,"comment_status":"closed","ping_status":"closed","sticky":false,"template":"","format":"standard","meta":{"_jetpack_newsletter_access":"","_jetpack_dont_email_post_to_subs":false,"_jetpack_newsletter_tier_id":0,"_jetpack_memberships_contains_paywalled_content":false,"_jetpack_memberships_contains_paid_content":false,"footnotes":""},"categories":[73],"tags":[47663,47664,47667,47662,47665],"class_list":["post-157499","post","type-post","status-publish","format-standard","has-post-thumbnail","hentry","category-de-boleto","tag-claudia-sheinbaum-apoyo-veracruz","tag-informe-gobierno-veracruz","tag-primer-informe-nahle","tag-pvem-veracruz-mensaje","tag-rocio-nahle-felicitacion"],"jetpack_featured_media_url":"https:\/\/lospoliticosveracruz.com.mx\/wp-content\/uploads\/2025\/11\/Javier-Herrera-Borunda-Nahle.jpeg","jetpack_sharing_enabled":true,"jetpack_shortlink":"https:\/\/wp.me\/p4Qcd3-EYj","_links":{"self":[{"href":"https:\/\/lospoliticosveracruz.com.mx\/index.php?rest_route=\/wp\/v2\/posts\/157499","targetHints":{"allow":["GET"]}}],"collection":[{"href":"https:\/\/lospoliticosveracruz.com.mx\/index.php?rest_route=\/wp\/v2\/posts"}],"about":[{"href":"https:\/\/lospoliticosveracruz.com.mx\/index.php?rest_route=\/wp\/v2\/types\/post"}],"author":[{"embeddable":true,"href":"https:\/\/lospoliticosveracruz.com.mx\/index.php?rest_route=\/wp\/v2\/users\/2"}],"replies":[{"embeddable":true,"href":"https:\/\/lospoliticosveracruz.com.mx\/index.php?rest_route=%2Fwp%2Fv2%2Fcomments&post=157499"}],"version-history":[{"count":1,"href":"https:\/\/lospoliticosveracruz.com.mx\/index.php?rest_route=\/wp\/v2\/posts\/157499\/revisions"}],"predecessor-version":[{"id":157501,"href":"https:\/\/lospoliticosveracruz.com.mx\/index.php?rest_route=\/wp\/v2\/posts\/157499\/revisions\/157501"}],"wp:featuredmedia":[{"embeddable":true,"href":"https:\/\/lospoliticosveracruz.com.mx\/index.php?rest_route=\/wp\/v2\/media\/157500"}],"wp:attachment":[{"href":"https:\/\/lospoliticosveracruz.com.mx\/index.php?rest_route=%2Fwp%2Fv2%2Fmedia&parent=157499"}],"wp:term":[{"taxonomy":"category","embeddable":true,"href":"https:\/\/lospoliticosveracruz.com.mx\/index.php?rest_route=%2Fwp%2Fv2%2Fcategories&post=157499"},{"taxonomy":"post_tag","embeddable":true,"href":"https:\/\/lospoliticosveracruz.com.mx\/index.php?rest_route=%2Fwp%2Fv2%2Ftags&post=157499"}],"curies":[{"name":"wp","href":"https:\/\/api.w.org\/{rel}","templated":true}]}}