{"id":157548,"date":"2025-11-30T23:54:05","date_gmt":"2025-12-01T05:54:05","guid":{"rendered":"https:\/\/lospoliticosveracruz.com.mx\/?p=157548"},"modified":"2025-11-30T23:54:42","modified_gmt":"2025-12-01T05:54:42","slug":"veracruz-el-i-informe-y-los-reajustes","status":"publish","type":"post","link":"https:\/\/lospoliticosveracruz.com.mx\/?p=157548","title":{"rendered":"VERACRUZ, EL I INFORME Y LOS REAJUSTES"},"content":{"rendered":"\n<p><strong>Ricardo Chua<\/strong><\/p>\n\n\n\n<p><em>Sale y vale<\/em><\/p>\n\n\n\n<p>Despu\u00e9s del I Informe de Gobierno en Veracruz de la gobernadora Roc\u00edo Nahle Garc\u00eda, se puede considerar que le fue bien en su evento de la Plaza Lerdo en Xalapa.. No hubo nada que lo interrumpiera, ni protestas, ni actos que impidieron llevarlo a cabo.. Finalmente NO HAY OPOSICI\u00d3N REAL en la entidad.. Los partidos opositores s\u00f3lo hicieron declaraciones medi\u00e1ticas, que no tuvieron mucho \u00abeco\u00bb.. As\u00ed que para la mandataria este domingo fue de fiesta.. Toda la 4T est\u00e1 a su lado, no perdi\u00f3 aliados.. Sin embargo, ella sabe bien.. Que no todo le funcion\u00f3 y que hubo altos funcionarios estatales, que fallaron y no han estado a la altura.. Sabe que tienen que venir los REAJUSTES para este segundo a\u00f1o..<\/p>\n\n\n\n<figure class=\"wp-block-image size-full\"><a href=\" https:\/\/legisver.gob.mx\/Inicio.php?p=sliderInfoNP&amp;i=8785682\"><img loading=\"lazy\" decoding=\"async\" width=\"728\" height=\"90\" src=\"https:\/\/lospoliticosveracruz.com.mx\/wp-content\/uploads\/2025\/10\/Legis-Cintillo.png\" alt=\"\" class=\"wp-image-155724\" srcset=\"https:\/\/lospoliticosveracruz.com.mx\/wp-content\/uploads\/2025\/10\/Legis-Cintillo.png 728w, https:\/\/lospoliticosveracruz.com.mx\/wp-content\/uploads\/2025\/10\/Legis-Cintillo-300x37.png 300w\" sizes=\"auto, (max-width: 728px) 100vw, 728px\" \/><\/a><\/figure>\n\n\n\n<p>Este segundo a\u00f1o de gobierno que inicia hoy.. Con una expectativa importante para su administraci\u00f3n.. Ya que se refuerza bien o podr\u00eda dar algunos \u00abtumbos\u00bb en su mandato por culpa de quienes han demostrado incapacidad y no le han dado los resultados que ella misma esperaba.. Saben bien que la sociedad veracruzana, ya est\u00e1 m\u00e1s a la expectativa y que las redes sociales son los principales \u00absupervisores\u00bb de un gobierno.. La misma gobernadora debe saber bien qui\u00e9nes son los secretarios, subsecretarios y directores de las distintas dependencias estatales.. Que tendr\u00edan que ser removidos por la \u00absalud\u00bb de su propio gobierno.. Reajustar no es malo cuando se cambia para mejorar..<\/p>\n\n\n\n<p>Roc\u00edo Nahle logr\u00f3 una buena narrativa con el tema de la reducci\u00f3n de la deuda p\u00fablica, que tiene el gobierno de Veracruz.. Que para muchos fue el logro m\u00e1s importante del a\u00f1o que ha estado como mandataria.. A pesar de los problemas pol\u00edticos, sociales, inseguridad, violencia, crecimiento econ\u00f3mico y de comunicaci\u00f3n pol\u00edtica que enfrent\u00f3 en sus primeros 12 meses.. Todo eso sumado con el desastre natural en la zona norte del Estado por el tema de las inundaciones provocadas por el r\u00edo Cazones.. Un gobierno endeudado no avanza y ni crece para ning\u00fan lado.. As\u00ed que esa reducci\u00f3n de deuda le ayudar\u00e1 a enfrentar el a\u00f1o venidero.. Eso ya es tarea de ella..<\/p>\n\n\n\n<p>Pero lo que ha quedado evidente.. Es que a su gabinete estatal le urge un REAJUSTE en varias de sus \u00e1reas.. Muchos de los problemas que tuvo como mandataria, no fueron creados por ella, fueron provocados por la ineficacia de sus funcionarios.. Ella los respaldo.. Pero no puede \u00abcargarlos\u00bb por siempre porque entonces no la dejan avanzar.. Ya pasaron las comparecencias de esos funcionarios ante los diputados locales del Congreso del Estado.. La misma gobernadora debe tener en su escritorio, qui\u00e9nes son los que salieron bien evaluados y de acuerdos a los n\u00fameros en su poder, qui\u00e9nes fueron los que le dieron resultados y quienes \u00abnadaron de a muertito\u00bb..<\/p>\n\n\n\n<p>En este mes, Nahle tiene que tener su evaluaci\u00f3n como primera fedataria del Estado.. Ya que fue evidente y la sociedad se lo hizo saber.. Que muchos personajes del gabinete s\u00f3lo estuvieron bajo la \u00absombra\u00bb del Movimiento de la 4T.. Y que la gobernadora tuvo que dar la cara por ello en los momentos m\u00e1s \u00e1lgidos de su administraci\u00f3n y fue ella la que se llev\u00f3 todas las cr\u00edticas en contra.. Y es obvio, que eso lo tiene que cambiar en 2026.. Ya que el siguiente a\u00f1o 2027 es electoral y ah\u00ed es cuando la ciudadan\u00eda da siempre el voto de confianza o castigo a un gobierno.. Y nadie corre el riesgo de que por alguien que no cumple su funci\u00f3n, se pierda.. La decisi\u00f3n est\u00e1 en sus manos.. El reajuste o estancamiento.. AMEN<\/p>\n\n\n\n<p>EL TSJE, LA FGE Y LISBETH AURELIA..<\/p>\n\n\n\n<p>Ayer en el evento del I Informe de Gobierno en Veracruz.. Qued\u00f3 evidenciado hac\u00eda donde est\u00e1 el apoyo de los Magistrados del Poder Judicial del Estado, en relaci\u00f3n qui\u00e9n es el verdadero personaje que aglutina este poder.. Ya que ah\u00ed se vio claro que la Magistrada Presidente del Tribunal Superior de Justicia del Estado, Rosalba Hern\u00e1ndez Hern\u00e1ndez, no logr\u00f3 reunir si quiera a 5 de esos magistrados para llegar \u00abarropada\u00bb al evento de la gobernadora Roc\u00edo Nahle.. Mientras que por otra parte, la Magistrada, Lisbeth Aurelia Jim\u00e9nez Aguirre, fue la que junto a 8 magistrados hasta el propio \u00d3rgano de Administraci\u00f3n del TSJE, llegaron juntos a este acto protocolario en la plaza Lerdo de Xalapa..<\/p>\n\n\n\n<p>Tanto as\u00ed, que los propios presentes y que conocen el tema de como est\u00e1 la lucha dentro del Poder Judicial de Veracruz, se dieron cuenta como el Magistrado Jhonatan Cort\u00e9s Vargas, que era de la Junta Estatal de Conciliaci\u00f3n y Arbitraje, primero apoyaba a Rosalba Hern\u00e1ndez y ahora se vio que estaba a favor de Lisbeth Jim\u00e9nez.. Despu\u00e9s de la serie de rumores que han corrido en el \u00abC\u00edrculo Rojo\u00bb del poder en Veracruz, de que Jim\u00e9nez Aguirre podr\u00eda ser la pr\u00f3xima Fiscal General del Estado (FGE) en sustituci\u00f3n de Ver\u00f3nica Hern\u00e1ndez.. Todo a propuesta del mismo Palacio de Gobierno.. Todos mueven sus \u00abfichas\u00bb a su favor..<\/p>\n\n\n\n<p>Al interior de la 4T en Veracruz, se comenta que \u00abYeya\u00bb, como tambi\u00e9n conocen a Lisbeth Jim\u00e9nez, es casi eminente que se quede con este cargo en la FGE dentro de las pr\u00f3ximas semanas.. Salvo que pase una \u00abtormenta\u00bb pol\u00edtica muy grave.. La decisi\u00f3n podr\u00eda cambiar de rumbo.. Pero por lo pronto, esta abogada y ex Presidenta del Tribunal Superior de Justicia del Estado, es la que lleva la \u00abdelantera\u00bb para ocupar este lugar de la titularidad en la Fiscal\u00eda de Veracruz.. \u00bfSer\u00e1 qu\u00e9 por eso?.. La gran mayor\u00eda de los Magistrados del TSJE llegaron juntos acompa\u00f1ando y \u00abarropando\u00bb a \u00abYeya\u00bb y no a su nueva Presidenta del Poder Judicial del Estado.. Es duda..<\/p>\n\n\n\n<p>PD.. En pol\u00edtica, dicen los viejos \u00abgrillos\u00bb del sistema, que nada es seguro hasta que dices \u00absi protesto\u00bb o cobras tu primera quincena.. A pesar de que todo indica que Lisbeth Jim\u00e9nez, se perfila como la persona con m\u00e1s posibilidades en Veracruz para ser nombrada como la pr\u00f3xima Fiscal del Estado por parte de la Legislatura Local y porque mantiene cercan\u00eda con la gobernadora Roc\u00edo Nahle.. Tambi\u00e9n es una realidad, que nada est\u00e1 escrito.. Ya que hay versiones al interior de MORENA en Veracruz.. Que en el tema de la FGE hay un \u00abcaballo negro\u00bb.. Alguien que nadie ha tomado en cuenta y s\u00f3lo se sabe que hay \u00abaires del sur\u00bb que podr\u00edan sentirse en la Fiscal\u00eda.. EL QUE ENTENDI\u00d3, LO ENTENDI\u00d3.. AMEN<\/p>\n","protected":false},"excerpt":{"rendered":"<p>Ricardo Chua Sale y vale Despu\u00e9s del I Informe de Gobierno en Veracruz de la gobernadora Roc\u00edo Nahle Garc\u00eda, se puede considerar que le fue bien en su evento de la Plaza Lerdo en Xalapa.. No hubo nada que lo interrumpiera, ni protestas, ni actos que impidieron llevarlo a cabo.. Finalmente NO HAY OPOSICI\u00d3N REAL [&hellip;]<\/p>\n","protected":false},"author":2,"featured_media":141434,"comment_status":"closed","ping_status":"closed","sticky":false,"template":"","format":"standard","meta":{"_jetpack_newsletter_access":"","_jetpack_dont_email_post_to_subs":false,"_jetpack_newsletter_tier_id":0,"_jetpack_memberships_contains_paywalled_content":false,"_jetpack_memberships_contains_paid_content":false,"footnotes":""},"categories":[70],"tags":[36463,1026,3578,195],"class_list":["post-157548","post","type-post","status-publish","format-standard","has-post-thumbnail","hentry","category-de-opinion","tag-lisbeth-aurelia-jimenez-aguirre","tag-morena","tag-rocio-nahle","tag-veracruz"],"jetpack_featured_media_url":"https:\/\/lospoliticosveracruz.com.mx\/wp-content\/uploads\/2025\/04\/Chua-e1761364658706.jpg","jetpack_sharing_enabled":true,"jetpack_shortlink":"https:\/\/wp.me\/p4Qcd3-EZ6","_links":{"self":[{"href":"https:\/\/lospoliticosveracruz.com.mx\/index.php?rest_route=\/wp\/v2\/posts\/157548","targetHints":{"allow":["GET"]}}],"collection":[{"href":"https:\/\/lospoliticosveracruz.com.mx\/index.php?rest_route=\/wp\/v2\/posts"}],"about":[{"href":"https:\/\/lospoliticosveracruz.com.mx\/index.php?rest_route=\/wp\/v2\/types\/post"}],"author":[{"embeddable":true,"href":"https:\/\/lospoliticosveracruz.com.mx\/index.php?rest_route=\/wp\/v2\/users\/2"}],"replies":[{"embeddable":true,"href":"https:\/\/lospoliticosveracruz.com.mx\/index.php?rest_route=%2Fwp%2Fv2%2Fcomments&post=157548"}],"version-history":[{"count":1,"href":"https:\/\/lospoliticosveracruz.com.mx\/index.php?rest_route=\/wp\/v2\/posts\/157548\/revisions"}],"predecessor-version":[{"id":157549,"href":"https:\/\/lospoliticosveracruz.com.mx\/index.php?rest_route=\/wp\/v2\/posts\/157548\/revisions\/157549"}],"wp:featuredmedia":[{"embeddable":true,"href":"https:\/\/lospoliticosveracruz.com.mx\/index.php?rest_route=\/wp\/v2\/media\/141434"}],"wp:attachment":[{"href":"https:\/\/lospoliticosveracruz.com.mx\/index.php?rest_route=%2Fwp%2Fv2%2Fmedia&parent=157548"}],"wp:term":[{"taxonomy":"category","embeddable":true,"href":"https:\/\/lospoliticosveracruz.com.mx\/index.php?rest_route=%2Fwp%2Fv2%2Fcategories&post=157548"},{"taxonomy":"post_tag","embeddable":true,"href":"https:\/\/lospoliticosveracruz.com.mx\/index.php?rest_route=%2Fwp%2Fv2%2Ftags&post=157548"}],"curies":[{"name":"wp","href":"https:\/\/api.w.org\/{rel}","templated":true}]}}