{"id":157555,"date":"2025-12-01T07:21:56","date_gmt":"2025-12-01T13:21:56","guid":{"rendered":"https:\/\/lospoliticosveracruz.com.mx\/?p=157555"},"modified":"2025-12-01T07:22:29","modified_gmt":"2025-12-01T13:22:29","slug":"el-trabajo-de-nahle","status":"publish","type":"post","link":"https:\/\/lospoliticosveracruz.com.mx\/?p=157555","title":{"rendered":"EL TRABAJO DE NAHLE"},"content":{"rendered":"\n<p><\/p>\n\n\n\n<p><strong>Miguel Valera<\/strong><\/p>\n\n\n\n<p><em>Contrase\u00f1as<\/em><\/p>\n\n\n\n<p>Con una plaza Lerdo repleta, desde Xalapa, la gobernadora&nbsp;<strong>Roc\u00edo Nahle Garc\u00eda<\/strong>&nbsp;envi\u00f3 un mensaje a las y los veracruzanos con motivo de su primer a\u00f1o de gobierno. En 7 mil 573 palabras, la jefa de las instituciones en Veracruz destaca&nbsp;tres&nbsp;ideas: ordenar, construir y crecer,&nbsp;y de todo su mensaje&nbsp;sobresalendos temas fundamentales: educaci\u00f3n y finanzas.<\/p>\n\n\n\n<figure class=\"wp-block-image size-full\"><a href=\" https:\/\/legisver.gob.mx\/Inicio.php?p=sliderInfoNP&amp;i=8785682\"><img loading=\"lazy\" decoding=\"async\" width=\"728\" height=\"90\" src=\"https:\/\/lospoliticosveracruz.com.mx\/wp-content\/uploads\/2025\/10\/Legis-Cintillo.png\" alt=\"\" class=\"wp-image-155724\" srcset=\"https:\/\/lospoliticosveracruz.com.mx\/wp-content\/uploads\/2025\/10\/Legis-Cintillo.png 728w, https:\/\/lospoliticosveracruz.com.mx\/wp-content\/uploads\/2025\/10\/Legis-Cintillo-300x37.png 300w\" sizes=\"auto, (max-width: 728px) 100vw, 728px\" \/><\/a><\/figure>\n\n\n\n<p>Una distinci\u00f3n sin lugar a dudas para los secretarios&nbsp;<strong>Miguel Santiago Reyes Hern\u00e1ndez<\/strong>&nbsp;y&nbsp;<strong>Claudia Tello Espinosa<\/strong>&nbsp;y un mensaje para las administraciones inmediatas pasadas, que dejaron un boquete financiero en la entidad y un lamentable rezago educativo que este gobierno ha tenido que venir a&nbsp;sanear para seguir construyendo el segundo piso de la Cuarta Transformaci\u00f3n.<\/p>\n\n\n\n<p>\u201cEl&nbsp;estado que guardaban las finanzas p\u00fablicas nos obligaba a tomar medidas urgentes para ir saneando la situaci\u00f3n que por a\u00f1os nos coloc\u00f3 como la entidad m\u00e1s endeudad del pa\u00eds; recibimos el estado, lo report\u00e9 hace un a\u00f1o, con una deuda bancaria de 50 mil millones de pesos\u201d, indic\u00f3 al mencionar el reto que enfrent\u00f3 a su llegada.<\/p>\n\n\n\n<p>\u201cSin embargo, tambi\u00e9n se contaba con otra deuda considerable ante las instituciones federales; al SAT se le adeudaba por omisi\u00f3n de pagos y recargos casi 30 mil millones de pesos \u2013que ning\u00fan Gobierno anterior hab\u00eda atendido este adeudo\u2013, y al ISSSTE 25 mil millones de pesos m\u00e1s, deuda que ven\u00eda arrastrando en algunos casos desde hace 15 a\u00f1os y otra m\u00e1s por pasivos. Por lo que, la deuda total del Estado ascend\u00eda a 119 mil millones de pesos\u201d.<\/p>\n\n\n\n<p>\u201cEl di\u00e1logo, el cumplimiento a la ley financiera y voluntad pol\u00edtica entre mi Gobierno y el Gobierno Federal, que encabeza nuestra presidenta&nbsp;<strong>Claudia Sheinbaum<\/strong>, nos permiti\u00f3 acogernos al programa de regularizaci\u00f3n del SAT para estados y municipios, donde cada mes a partir de marzo, cumplimos con un pago puntual y hoy les anuncio que nuestro adeudo ante el SAT ha sido pagado en su totalidad. S\u00ed, los casi 30 mil millones de pesos han sido saldados, pasando de ser el estado mayor endeudado de la federaci\u00f3n al menor en tan solo un a\u00f1o\u201d.<\/p>\n\n\n\n<p>\u201cDe igual manera, para el adeudo ante el ISSSTE nos acogimos al art\u00edculo transitorio constitucional de la Ley de Ingresos del 2024, y con un porcentaje de&nbsp;pago sobre el adeudo redujimos pr\u00e1cticamente al 50 por ciento la deuda correspondiente\u201d.<\/p>\n\n\n\n<p>\u201cRespecto a la deuda bancaria, redireccionamos la sede bancaria donde nos ofertaron la menor tasa de inter\u00e9s y esto nos permiti\u00f3 hacer un abono a la deuda bancaria de mil 800 millones\u201d.<\/p>\n\n\n\n<p>\u201cCon todas estas acciones redujimos en un 42% la deuda total del Estado en tan solo un a\u00f1o, lo que ocasion\u00f3 que tres calificadoras crediticias nos subieran la calificaci\u00f3n y con ello, por consiguiente, una reducci\u00f3n en el porcentaje de los intereses\u201d, dijo la mandataria veracruzana, recibiendo un nutrido aplauso de los asistentes.<\/p>\n\n\n\n<p>\u201cReporto al pueblo de Veracruz&nbsp;que,&nbsp;de 119 mil millones de la deuda en su totalidad, la deuda qued\u00f3 en 69 mil millones en este momento, y de esto hemos hecho un programa para que durante mi sexenio podamos disminuirla o de ser posible liquidarla sin afectar inversiones en infraestructura, educaci\u00f3n y salud principalmente. Hoy estamos desendeudando a Veracruz\u201d.<\/p>\n\n\n\n<p><strong>MIL CIEN PALABRAS PARA&nbsp;<\/strong><strong>EDUCACI\u00d3N<\/strong><\/p>\n\n\n\n<p>A los logros educativos, la gobernadora&nbsp;<strong>Roc\u00edo Nahle Garc\u00eda<\/strong>&nbsp;le dedic\u00f3 mil 100 palabras, lo que represent\u00f3 sin duda un reconocimiento al trabajo que ha venido realizando la titular del ramo, la doctora&nbsp;<strong>Claudia Tello Espinosa.&nbsp;<\/strong><\/p>\n\n\n\n<p><a><\/a>\u201cBrindar el servicio educativo constituye una tarea fundamental para garantizar que todos nuestros ni\u00f1os, ni\u00f1as, adolescentes y adultos tengan acceso a la educaci\u00f3n laica y gratuita, por ello, es de se\u00f1alar que Veracruz ocupa el primer lugar en n\u00famero de escuelas, el cuarto lugar en n\u00famero de docentes y el quinto lugar en matr\u00edcula, mediante 25 mil 339 planteles educativos, con 136 mil 911 docentes, se atiende 2 millones 033 mil 076 alumnos en el estado\u201d, dijo la jefa de las instituciones de Veracruz.<\/p>\n\n\n\n<p>\u201cDesde el inicio de mi gesti\u00f3n, la educaci\u00f3n ha sido un tema prioritario para subir el nivel de excelencia y tambi\u00e9n el n\u00famero de matr\u00edcula, es por esto que por ejemplo, implementamos acciones para que nuestros j\u00f3venes por alguna imposibilidad econ\u00f3mica no cancelen sus estudios y puedan graduarse en alguna carrera t\u00e9cnica o profesional, eliminamos las cuotas de inscripci\u00f3n y condonamos 359 millones 544 mil pesos en los tecnol\u00f3gicos y universidades del estado, lo que origin\u00f3 que m\u00e1s de 8 mil nuevos estudiantes pudieran acceder al grado de profesional\u201d.<\/p>\n\n\n\n<p>\u201cTenemos cientos de escuelas que carecen de escrituras, por lo que iniciamos con la regularizaci\u00f3n de la propiedad, apenas logramos 69&nbsp;propiedades,pero es de destacar que ya encontramos la ruta para la sesi\u00f3n de derechos y esperamos&nbsp;el pr\u00f3ximo a\u00f1o avanzar significativamente para tener todas nuestras escuelas regularizadas\u201d.<\/p>\n\n\n\n<p>\u201cEn el recorrido y reuniones con los directores y supervisores escolares, recog\u00ed importantes observaciones y peticiones, una de ellas fue la solicitud de material y mobiliario escolar, tambi\u00e9n eliminar los m\u00faltiples reportes sin sentido y el reacomodo de plazas, principalmente\u201d.<\/p>\n\n\n\n<p>\u201cEntregamos 37 mil 944 mobiliario y equipo escolar con una inversi\u00f3n de m\u00e1s de 200 millones de pesos. Para educaci\u00f3n especial se adquirieron materiales did\u00e1cticos, equipos tecnol\u00f3gicos y equipamiento para talleres, entre otras cosas.<\/p>\n\n\n\n<p>Para el inicio del ciclo escolar se entreg\u00f3 el 100 por ciento de libros de texto y hoy, despu\u00e9s de la contingencia, se est\u00e1n entregando nuevamente a todos los ni\u00f1os que lo requieran en la zona de la Huasteca, donde perdieron sus libros, garantizando que todos nuestros estudiantes est\u00e9n preparados\u201d.<\/p>\n\n\n\n<p>\u201cY aplicando el art\u00edculo 94 de la Ley General de Educaci\u00f3n, donde se\u00f1ala que se debe disminuir la carga administrativa a nuestros maestros y maximizar las horas clases efectivas se implement\u00f3 el programa Maestro al Aula, subsanado algunas carencias de docentes frente a grupos en todos los niveles educativos.<\/p>\n\n\n\n<p>En una primera fase 347 maestros y maestras que realizaban tareas administrativas se reintegraron a labores docentes, al mismo tiempo que se eliminaron estrategias centrales que demandaban informaci\u00f3n constante a los maestros que les estaban tiempo a los docentes de su labor esencial\u201d.<\/p>\n\n\n\n<p>\u201cCon el fin de promover la transparencia en el manejo de los recursos obtenidos en la venta de comida en las tiendas escolares, se colabor\u00f3 con el Congreso del Estado para modificar la ley y que act\u00faen como cooperativas escolares en coordinaci\u00f3n con los padres de familia y maestros, de esta manera los recursos se quedan en la escuela para el pago de servicios o mantenimiento. Las escuelas no deben ser negocio de nadie\u201d.<\/p>\n\n\n\n<p>\u201cReafirmamos el compromiso con la salud de los estudiantes e impulsamos las acciones necesarias fomentando una alimentaci\u00f3n equilibrada y saludable, prohibiendo la venta de productos chatarra y bebidas azucaradas en el interior de las escuelas, implementando el desarrollo de actividades f\u00edsicas, la buena nutrici\u00f3n, el cuidado personal y la prevenci\u00f3n del consumo de drogas\u201d.<\/p>\n\n\n\n<p>\u201cVeracruz cumpli\u00f3 al 100% la proyecci\u00f3n de estudiantes valorados en este programa a nivel federal, fuimos el n\u00famero uno en la evaluaci\u00f3n de este programa. Gracias maestros\u201d.<\/p>\n\n\n\n<p>\u201cTambi\u00e9n, la Presidenta emiti\u00f3 un decreto para modificar el marco de movilidad y cambios en los centros de trabajo bajo ciertas reglas de operaci\u00f3n, de esta manera, se realiz\u00f3 la asignaci\u00f3n de plazas y cargos de los procesos de la unidad del sistema para la carrera de maestras y maestros, realizando 5 mil 937 cambios&nbsp;de centros de trabajo en educaci\u00f3n b\u00e1sica y media superior, y 226 cambios por temas de salud o contingencia externa\u201d.<\/p>\n\n\n\n<p>\u201cSe&nbsp;basificaron&nbsp;3 mil 497 plazas de personal de apoyo y asistencia a la educaci\u00f3n, correspondiendo 2 mil 562 al sostenimiento federal y 935 estatal. Mi reconocimiento y gratitud a todo el magisterio veracruzano, son un pilar b\u00e1sico en nuestra sociedad\u201d.<\/p>\n\n\n\n<p>\u201cUn tema que es de mi mayor atenci\u00f3n es la alfabetizaci\u00f3n y continua acad\u00e9mica, para ello pusimos en marcha un programa Nunca es tarde para Aprender, donde en tan solo este a\u00f1o se han alfabetizado 5 mil 507 personas; cabe destacar que 74 de ellas fueron atendidas en n\u00e1huatl y en popoluca, destacando que Veracruz se posicion\u00f3 en el cuarto lugar a nivel nacional por el n\u00famero de personas alfabetizadas este a\u00f1o. Vamos a tener que aumentar aqu\u00ed el ritmo\u201d.<\/p>\n\n\n\n<p>\u201cMediante el Instituto Veracruzano de Educaci\u00f3n para los Adultos, 4 mil 478 personas concluyeron la primaria y 8 mil 143 la secundaria, destacando que superaron su condici\u00f3n de rezago y en este Instituto de Educaci\u00f3n para Adultos, actualmente se atienen a m\u00e1s de 25 mil personas; esto es muy importante\u201d.<\/p>\n\n\n\n<p>\u201cDe la misma manera, se emitieron certificados electr\u00f3nicos y se instal\u00f3 la Red Ecos. En colaboraci\u00f3n con las Naciones Unidas se implement\u00f3 el proyecto Iguales, cuyo principal objetivo es la igualdad de g\u00e9nero, la inclusi\u00f3n de las j\u00f3venes en ciencia y tecnolog\u00eda, ingenier\u00eda y matem\u00e1ticas, y el fortalecimiento de capacidades comunitarias\u201d.<\/p>\n\n\n\n<p>\u201cFelicito tambi\u00e9n, y es de se\u00f1alar, la participaci\u00f3n destacada de estudiantes veracruzanos en eventos internacionales en diferentes ramas de la ciencia donde obtuvieron 13 preseas de oro, seis de plata y siete de bronce\u201d.<\/p>\n\n\n\n<p>\u201cEntre las acciones para impulsar la participaci\u00f3n del estudiantado en deporte escolar, se efectuaron eventos donde participaron 167 mil 889 estudiantes de educaci\u00f3n b\u00e1sica, media y superior de los 212 municipios, destacando ligas y juegos escolares en eventos estatales y nacionales e internacionales. Es importante resaltar que, por ejemplo, en la Olimpiada Nacional CONADE se obtuvieron 207 medallas, 18 m\u00e1s que el a\u00f1o anterior\u201d.<\/p>\n\n\n\n<p>\u201cEn diferentes campeonatos participaron 7 mil 291 atletas veracruzanos, obteniendo 827 preseas, felicidades a todos\u201d.<\/p>\n\n\n\n<p>\u201cY dentro del proceso clasificatorio rumbo a los Juegos Paral\u00edmpicos de los \u00c1ngeles 2028, siete atletas veracruzanos, dos mujeres y cinco hombres, han sido seleccionados por la CONADE para integrar la Selecci\u00f3n Mexicana\u201d.<\/p>\n\n\n\n<p>\u201cEntregamos 420 becas deportivas, un 18% m\u00e1s que el a\u00f1o anterior invirtiendo 18 millones extras para desarrollar talento deportivo de alto rendimiento y fomentar el deporte\u201d.<\/p>\n\n\n\n<p>\u201cSin duda, el sistema educativo en nuestro estado requiere de gran apoyo y caminamos a una mejora en su ordenamiento, en eso estamos trabajando y juntos maestros, estudiantes, padres y Gobierno, lo estamos logrando, y en cinco a\u00f1os m\u00e1s, vamos a tener cada a\u00f1o mejores resultados\u201d, concluy\u00f3.<\/p>\n\n\n\n<p>No cabe duda, amable lector que el Secretario de Finanzas&nbsp;<strong>Miguel Santiago Reyes Hern\u00e1ndez<\/strong>&nbsp;y la Secretaria de Educaci\u00f3n&nbsp;<strong>Claudia Tello Espinosa<\/strong>fueron los dos funcionarios del gabinete que m\u00e1s \u201ccarnita\u201d aportaron al informe de la gobernadora&nbsp;<strong>Roc\u00edo Nahle Garc\u00eda<\/strong>&nbsp;en el trabajo que realiza para la entidad veracruzana.&nbsp;<\/p>\n\n\n\n<p>Claro,&nbsp;les&nbsp;agradeci\u00f3 a todos: \u201cCuento con un equipo de colaboradores capaces y leales, donde han entendido el ritmo que demanda este momento la transformaci\u00f3n de Veracruz, a los cuales les agradezco infinitamente su gran apoyo y acompa\u00f1amiento para continuar construyendo la grandeza de Veracruz\u201d.<\/p>\n\n\n\n<p>\u201cEs el primer a\u00f1o de labores, de un Gobierno hist\u00f3rico, donde por primera vez una mujer est\u00e1 al mando del Estado, el reto es grande, pero estoy preparada para esto, no tengan la menor duda que el Segundo Piso de la Transformaci\u00f3n en nuestro estado est\u00e1 en construcci\u00f3n, con voluntad, trabajo y arrojo.&nbsp;<strong>Y aqu\u00ed desde Veracruz nosotros vamos a refrendar que es tiempo de mujeres y de mujeres fuertes<\/strong>&nbsp;que podemos y que estamos bien plantadas y que Veracruz tiene gobierno\u201d, concluy\u00f3 la mandataria veracruzana.<\/p>\n\n\n\n<p><strong>@MValeraH<\/strong><\/p>\n","protected":false},"excerpt":{"rendered":"<p>Miguel Valera Contrase\u00f1as Con una plaza Lerdo repleta, desde Xalapa, la gobernadora&nbsp;Roc\u00edo Nahle Garc\u00eda&nbsp;envi\u00f3 un mensaje a las y los veracruzanos con motivo de su primer a\u00f1o de gobierno. En 7 mil 573 palabras, la jefa de las instituciones en Veracruz destaca&nbsp;tres&nbsp;ideas: ordenar, construir y crecer,&nbsp;y de todo su mensaje&nbsp;sobresalendos temas fundamentales: educaci\u00f3n y finanzas. [&hellip;]<\/p>\n","protected":false},"author":2,"featured_media":141429,"comment_status":"closed","ping_status":"closed","sticky":false,"template":"","format":"standard","meta":{"_jetpack_newsletter_access":"","_jetpack_dont_email_post_to_subs":false,"_jetpack_newsletter_tier_id":0,"_jetpack_memberships_contains_paywalled_content":false,"_jetpack_memberships_contains_paid_content":false,"footnotes":""},"categories":[70],"tags":[3578,195],"class_list":["post-157555","post","type-post","status-publish","format-standard","has-post-thumbnail","hentry","category-de-opinion","tag-rocio-nahle","tag-veracruz"],"jetpack_featured_media_url":"https:\/\/lospoliticosveracruz.com.mx\/wp-content\/uploads\/2025\/04\/Miguel-Valera.jpg","jetpack_sharing_enabled":true,"jetpack_shortlink":"https:\/\/wp.me\/p4Qcd3-EZd","_links":{"self":[{"href":"https:\/\/lospoliticosveracruz.com.mx\/index.php?rest_route=\/wp\/v2\/posts\/157555","targetHints":{"allow":["GET"]}}],"collection":[{"href":"https:\/\/lospoliticosveracruz.com.mx\/index.php?rest_route=\/wp\/v2\/posts"}],"about":[{"href":"https:\/\/lospoliticosveracruz.com.mx\/index.php?rest_route=\/wp\/v2\/types\/post"}],"author":[{"embeddable":true,"href":"https:\/\/lospoliticosveracruz.com.mx\/index.php?rest_route=\/wp\/v2\/users\/2"}],"replies":[{"embeddable":true,"href":"https:\/\/lospoliticosveracruz.com.mx\/index.php?rest_route=%2Fwp%2Fv2%2Fcomments&post=157555"}],"version-history":[{"count":1,"href":"https:\/\/lospoliticosveracruz.com.mx\/index.php?rest_route=\/wp\/v2\/posts\/157555\/revisions"}],"predecessor-version":[{"id":157556,"href":"https:\/\/lospoliticosveracruz.com.mx\/index.php?rest_route=\/wp\/v2\/posts\/157555\/revisions\/157556"}],"wp:featuredmedia":[{"embeddable":true,"href":"https:\/\/lospoliticosveracruz.com.mx\/index.php?rest_route=\/wp\/v2\/media\/141429"}],"wp:attachment":[{"href":"https:\/\/lospoliticosveracruz.com.mx\/index.php?rest_route=%2Fwp%2Fv2%2Fmedia&parent=157555"}],"wp:term":[{"taxonomy":"category","embeddable":true,"href":"https:\/\/lospoliticosveracruz.com.mx\/index.php?rest_route=%2Fwp%2Fv2%2Fcategories&post=157555"},{"taxonomy":"post_tag","embeddable":true,"href":"https:\/\/lospoliticosveracruz.com.mx\/index.php?rest_route=%2Fwp%2Fv2%2Ftags&post=157555"}],"curies":[{"name":"wp","href":"https:\/\/api.w.org\/{rel}","templated":true}]}}