{"id":157574,"date":"2025-12-01T10:39:06","date_gmt":"2025-12-01T16:39:06","guid":{"rendered":"https:\/\/lospoliticosveracruz.com.mx\/?p=157574"},"modified":"2025-12-01T10:39:31","modified_gmt":"2025-12-01T16:39:31","slug":"unanue-los-equipa","status":"publish","type":"post","link":"https:\/\/lospoliticosveracruz.com.mx\/?p=157574","title":{"rendered":"UNANUE LOS EQUIPA!"},"content":{"rendered":"\n<p><\/p>\n\n\n\n<p>S\u00edguenos ahora tambi\u00e9n en WhatsApp.\u00a0\u00a1<a href=\"https:\/\/whatsapp.com\/channel\/0029Va8zRWlEKyZIP3Z1dF0e\"><strong>Da clic aqu\u00ed<\/strong><\/a><strong>!<\/strong><\/p>\n\n\n\n<p>Para garantizar la seguridad de los boque\u00f1os y de los visitantes que llegan desde distintas regiones de M\u00e9xico, se contin\u00faa con la modernizaci\u00f3n de la Direcci\u00f3n de Protecci\u00f3n Civil Municipal, con el objetivo de contar con una Fuerza de Tarea plenamente operativa.<\/p>\n\n\n\n<p>\u201cEntregamos cuatrimotos y nuevo equipo a la Direcci\u00f3n de Protecci\u00f3n Civil para seguir cuidando a Boca del R\u00edo y responder mejor ante cualquier situaci\u00f3n de riesgo\u201d, coment\u00f3 el alcalde Juan Manuel Un\u00e1nue.<\/p>\n\n\n\n<p>Estas seis cuatrimotos permiten el acceso a zonas de dif\u00edcil ingreso o terrenos irregulares donde no es posible entrar con otro tipo de veh\u00edculos.<\/p>\n\n\n\n<p>Son unidades 4&#215;4 con capacidad de arrastre para movilizar motos acu\u00e1ticas e incluso apoyar en el rescate de veh\u00edculos que quedan atascados en la playa, adem\u00e1s de trasladar de manera r\u00e1pida a personal de Protecci\u00f3n Civil.<\/p>\n\n\n\n<p>Su uso ser\u00e1 fundamental para:<br>-Vigilancia preventiva y labores de rescate.<br>-Recorridos en los 12 kil\u00f3metros de costa del municipio.<br>-Atenci\u00f3n durante eventos masivos.<br>-Operativos ante fen\u00f3menos meteorol\u00f3gicos que impactan a la ciudad a lo largo del a\u00f1o.<br>-Refuerzos durante los periodos vacacionales.<\/p>\n\n\n\n<p>Cabe mencionar que durante los cuatro a\u00f1os de esta administraci\u00f3n, se ha realizado una importante inversi\u00f3n en el \u00e1rea de Protecci\u00f3n Civil, incorporando uniformes, chalecos de seguridad, equipos de radiocomunicaci\u00f3n port\u00e1tiles, boyas para delimitar zonas de escolleras, binoculares, meg\u00e1fonos, malla pl\u00e1stica, banderas para se\u00f1alizaci\u00f3n de playa, entre otros insumos esenciales.<\/p>\n","protected":false},"excerpt":{"rendered":"<p>Para garantizar la seguridad de los boque\u00f1os y de los visitantes que llegan desde distintas regiones de M\u00e9xico, se contin\u00faa con la modernizaci\u00f3n de la Direcci\u00f3n de Protecci\u00f3n Civil Municipal, con el objetivo de contar con una Fuerza de Tarea plenamente operativa. \u201cEntregamos cuatrimotos y nuevo equipo a la Direcci\u00f3n de Protecci\u00f3n Civil para seguir [&hellip;]<\/p>\n","protected":false},"author":2,"featured_media":157575,"comment_status":"closed","ping_status":"closed","sticky":false,"template":"","format":"standard","meta":{"_jetpack_newsletter_access":"","_jetpack_dont_email_post_to_subs":false,"_jetpack_newsletter_tier_id":0,"_jetpack_memberships_contains_paywalled_content":false,"_jetpack_memberships_contains_paid_content":false,"footnotes":""},"categories":[73],"tags":[],"class_list":["post-157574","post","type-post","status-publish","format-standard","has-post-thumbnail","hentry","category-de-boleto"],"jetpack_featured_media_url":"https:\/\/lospoliticosveracruz.com.mx\/wp-content\/uploads\/2025\/12\/WhatsApp-Image-2025-12-01-at-10.37.53.jpeg","jetpack_sharing_enabled":true,"jetpack_shortlink":"https:\/\/wp.me\/p4Qcd3-EZw","_links":{"self":[{"href":"https:\/\/lospoliticosveracruz.com.mx\/index.php?rest_route=\/wp\/v2\/posts\/157574","targetHints":{"allow":["GET"]}}],"collection":[{"href":"https:\/\/lospoliticosveracruz.com.mx\/index.php?rest_route=\/wp\/v2\/posts"}],"about":[{"href":"https:\/\/lospoliticosveracruz.com.mx\/index.php?rest_route=\/wp\/v2\/types\/post"}],"author":[{"embeddable":true,"href":"https:\/\/lospoliticosveracruz.com.mx\/index.php?rest_route=\/wp\/v2\/users\/2"}],"replies":[{"embeddable":true,"href":"https:\/\/lospoliticosveracruz.com.mx\/index.php?rest_route=%2Fwp%2Fv2%2Fcomments&post=157574"}],"version-history":[{"count":2,"href":"https:\/\/lospoliticosveracruz.com.mx\/index.php?rest_route=\/wp\/v2\/posts\/157574\/revisions"}],"predecessor-version":[{"id":157577,"href":"https:\/\/lospoliticosveracruz.com.mx\/index.php?rest_route=\/wp\/v2\/posts\/157574\/revisions\/157577"}],"wp:featuredmedia":[{"embeddable":true,"href":"https:\/\/lospoliticosveracruz.com.mx\/index.php?rest_route=\/wp\/v2\/media\/157575"}],"wp:attachment":[{"href":"https:\/\/lospoliticosveracruz.com.mx\/index.php?rest_route=%2Fwp%2Fv2%2Fmedia&parent=157574"}],"wp:term":[{"taxonomy":"category","embeddable":true,"href":"https:\/\/lospoliticosveracruz.com.mx\/index.php?rest_route=%2Fwp%2Fv2%2Fcategories&post=157574"},{"taxonomy":"post_tag","embeddable":true,"href":"https:\/\/lospoliticosveracruz.com.mx\/index.php?rest_route=%2Fwp%2Fv2%2Ftags&post=157574"}],"curies":[{"name":"wp","href":"https:\/\/api.w.org\/{rel}","templated":true}]}}