{"id":157652,"date":"2025-12-01T20:35:00","date_gmt":"2025-12-02T02:35:00","guid":{"rendered":"https:\/\/lospoliticosveracruz.com.mx\/?p=157652"},"modified":"2025-12-01T20:35:14","modified_gmt":"2025-12-02T02:35:14","slug":"fusibles-politicos-en-epoca-de-turbulencia-y-huracanes","status":"publish","type":"post","link":"https:\/\/lospoliticosveracruz.com.mx\/?p=157652","title":{"rendered":"FUSIBLES POL\u00cdTICOS EN \u00c9POCA DE TURBULENCIA Y HURACANES"},"content":{"rendered":"\n<p>S\u00edguenos ahora tambi\u00e9n en WhatsApp.\u00a0\u00a1<a href=\"https:\/\/whatsapp.com\/channel\/0029Va8zRWlEKyZIP3Z1dF0e\"><strong>Da clic aqu\u00ed<\/strong><\/a><strong>!<\/strong><\/p>\n\n\n\n<p><strong>Jos\u00e9 Luis Enr\u00edquez Ambell<\/strong><br>Caf\u00e9 de Ma\u00f1ana<br><\/p>\n\n\n\n<p>En todo momento \u2013al inicio, en el intermedio o al final de un sexenio\u2013 el tablero del ajedrez en las instituciones puede presentar cambios en sus diagn\u00f3sticos y, con ello, la movilidad en el tablero de algunos actores, y es que al final del d\u00eda los pol\u00edticos y servidores p\u00fablicos nunca dejan de ser \u201cfusibles\u201d, y eso les expone a que los cambien en t\u00e9rminos de movilidad y ciclos.<\/p>\n\n\n\n<figure class=\"wp-block-image size-full\"><a href=\" https:\/\/legisver.gob.mx\/Inicio.php?p=sliderInfoNP&amp;i=8785682\"><img loading=\"lazy\" decoding=\"async\" width=\"728\" height=\"90\" src=\"https:\/\/lospoliticosveracruz.com.mx\/wp-content\/uploads\/2025\/10\/Legis-Cintillo.png\" alt=\"\" class=\"wp-image-155724\" srcset=\"https:\/\/lospoliticosveracruz.com.mx\/wp-content\/uploads\/2025\/10\/Legis-Cintillo.png 728w, https:\/\/lospoliticosveracruz.com.mx\/wp-content\/uploads\/2025\/10\/Legis-Cintillo-300x37.png 300w\" sizes=\"auto, (max-width: 728px) 100vw, 728px\" \/><\/a><\/figure>\n\n\n\n<p>Igual sucede en las campa\u00f1as pol\u00edticas, como ahora que se est\u00e1n armando los equipos para los pr\u00f3ximos Ayuntamientos, y donde no todos los que estuvieron colaborando para las urnas van a aparecer en las estructuras municipales de esos gobiernos.<\/p>\n\n\n\n<p>Y es que, en el sentido municipal, las cartas a <strong>Santa Claus<\/strong> y los <strong>Reyes Magos<\/strong> contienen en su mayor\u00eda la petici\u00f3n de regalos con trabajo en la n\u00f3mina de Ayuntamientos venideros.<\/p>\n\n\n\n<p>En el terreno del gobierno estatal en <strong>Veracruz<\/strong> y de la <strong>Rep\u00fablica<\/strong>, igual es \u00e9poca de posibles cambios y ajustes \u2013se habla de los casos de la <strong>FGE<\/strong> y <strong>FGR<\/strong>\u2013 y es que en ambos sentidos tal parece que aplicar\u00eda la operaci\u00f3n \u201cKleenex\u201d: te uso, disfruto y desecho, que igualmente ha llegado a sus titulares, por citar dos ejemplos.<\/p>\n\n\n\n<p>Las se\u00f1ales en la recta final del primer a\u00f1o de gobierno de la <strong>Dra. Sheinbaum<\/strong> e <strong>Ingeniera Nahle<\/strong> vislumbran en el horizonte cercano que, en los pisos de ambos poderes ejecutivos, en el terreno legislativo y judicial, y hasta en los organismos aut\u00f3nomos \u2013y otros entes p\u00fablicos\u2013 los cambios y enroques est\u00e1n en el radar de los acuerdos.<\/p>\n\n\n\n<p>Y es que en el quehacer oficial suelen, en alg\u00fan momento, aparecer los pa\u00f1uelos desechables tipo \u201cKleenex\u201d y convirti\u00e9ndose as\u00ed en solo \u201cfusibles\u201d los servidores p\u00fablicos, pues as\u00ed como los ponen, igual los quitan.<\/p>\n\n\n\n<p>As\u00ed pues, revisando las comparecencias de los titulares de sectores en el <strong>Poder Ejecutivo de Veracruz<\/strong> \u2013no todos ni todas\u2013 a m\u00e1s de uno les ha quedado grande Veracruz, o dicho de otra forma, resultaron muy chiquitos para nuestra entidad veracruzana.<\/p>\n\n\n\n<p>Y es que a\u00fan es demasiado temprano, pero habr\u00eda de sospecharse que dif\u00edcilmente ser\u00edan muchos quienes se mantengan en puestos de inicio durante todo el trayecto sexenal, en las pistas del Estado y la <strong>Federaci\u00f3n<\/strong>.<\/p>\n\n\n\n<p>Y en el caso de <strong>Veracruz<\/strong>, la transici\u00f3n en Ayuntamientos har\u00e1 que empiece la \u00e9poca de \u201clos relevistas\u201d, ya que de entrada hay 212 alcaldes y alcaldesas que dejar\u00e1n sus actuales puestos y buscar\u00e1n, de alguna forma, vender su amor por Veracruz a la <strong>Gobernadora Nahle<\/strong> y tratar de incorporarse en algunos puestos que no precisamente est\u00e1n vac\u00edos.<\/p>\n\n\n\n<p>Un tema y asunto muy particular radica en la poca o nula experiencia de quienes est\u00e1n y los que entrar\u00edan al relevo, sobre todo en tareas y actividades delicadas, complejas y de exigencia mayor, que suele requerir la administraci\u00f3n p\u00fablica contempor\u00e1nea.<\/p>\n\n\n\n<p>DE SOBREMESA<\/p>\n\n\n\n<p>Sin atlas de riesgos, el 80 % de ayuntamientos y las lluvias a\u00fan no terminar\u00e1n pronto.<\/p>\n\n\n\n<p>Las llamadas ocurrencias o los fen\u00f3menos naturales \u2013son lo mismo\u2013 y que afectan al territorio nacional, m\u00e1s a unas regiones que a otras, es necesario que tengan un monitoreo de manera permanente: los sismos, ciclones tropicales y actividad de volcanes. De ah\u00ed que el instrumento para ello se llama \u201cAtlas de Riesgos\u201d.<\/p>\n\n\n\n<p>Y este term\u00f3metro documental permite una visualizaci\u00f3n en el tablero y sem\u00e1foro para la prevenci\u00f3n de desastres, pues contiene una rica informaci\u00f3n de gran utilidad para las \u00e1reas de <strong>Protecci\u00f3n Civil<\/strong> en Ayuntamientos, sobre todo.<\/p>\n\n\n\n<p>A partir de informaci\u00f3n publicada por el <strong>Centro Nacional de Prevenci\u00f3n de Desastres<\/strong>, el <strong>Servicio Sismol\u00f3gico Nacional<\/strong>, el <strong>Laboratorio de Observaci\u00f3n de la Tierra (LANOT)<\/strong> y la <strong>Administraci\u00f3n Nacional Oce\u00e1nica y Atmosf\u00e9rica (NOAA)<\/strong>, entre otras fuentes, es como las municipalidades cuentan con el Atlas de Riesgo actualizado, con el prop\u00f3sito de evitar da\u00f1os mayores a partir de la prevenci\u00f3n oportuna, pues no basta con la ayuda de los gobiernos estatales y la <strong>Federaci\u00f3n<\/strong>, y sin descontar la elevada solidaridad de sectores de la poblaci\u00f3n.<\/p>\n\n\n\n<p>Ojal\u00e1 que los pr\u00f3ximos Ayuntamientos en <strong>Veracruz<\/strong> permitan que, en sus direcciones de Protecci\u00f3n Civil, cuenten con responsables que sean filtrados y evaluados por la <strong>SPC del Gobierno del Estado<\/strong>, pues de designar a inexpertos no solo dejar\u00e1n de construir sus Atlas de Riesgo, sino que tambi\u00e9n pondr\u00e1n en riesgo a las personas y sus bienes, pero sobre todo a la poblaci\u00f3n de todas las edades.<\/p>\n\n\n\n<p>\u00a1ES CUANTO!<\/p>\n\n\n\n<p><strong><a>enriquezambell@gmail.com<\/a>;<\/strong><br><strong><a>enamjl62@gmail.com<\/a><\/strong><\/p>\n","protected":false},"excerpt":{"rendered":"<p>Jos\u00e9 Luis Enr\u00edquez AmbellCaf\u00e9 de Ma\u00f1ana En todo momento \u2013al inicio, en el intermedio o al final de un sexenio\u2013 el tablero del ajedrez en las instituciones puede presentar cambios en sus diagn\u00f3sticos y, con ello, la movilidad en el tablero de algunos actores, y es que al final del d\u00eda los pol\u00edticos y servidores [&hellip;]<\/p>\n","protected":false},"author":2,"featured_media":141435,"comment_status":"closed","ping_status":"closed","sticky":false,"template":"","format":"standard","meta":{"_jetpack_newsletter_access":"","_jetpack_dont_email_post_to_subs":false,"_jetpack_newsletter_tier_id":0,"_jetpack_memberships_contains_paywalled_content":false,"_jetpack_memberships_contains_paid_content":false,"footnotes":""},"categories":[70],"tags":[47701,47703,47702,47699],"class_list":["post-157652","post","type-post","status-publish","format-standard","has-post-thumbnail","hentry","category-de-opinion","tag-cambios-gobierno-veracruz","tag-enriquez-ambell-columna","tag-fusibles-politicos-analisis","tag-gobierno-nahle-sheinbaum"],"jetpack_featured_media_url":"https:\/\/lospoliticosveracruz.com.mx\/wp-content\/uploads\/2025\/04\/Ambell.jpg","jetpack_sharing_enabled":true,"jetpack_shortlink":"https:\/\/wp.me\/p4Qcd3-F0M","_links":{"self":[{"href":"https:\/\/lospoliticosveracruz.com.mx\/index.php?rest_route=\/wp\/v2\/posts\/157652","targetHints":{"allow":["GET"]}}],"collection":[{"href":"https:\/\/lospoliticosveracruz.com.mx\/index.php?rest_route=\/wp\/v2\/posts"}],"about":[{"href":"https:\/\/lospoliticosveracruz.com.mx\/index.php?rest_route=\/wp\/v2\/types\/post"}],"author":[{"embeddable":true,"href":"https:\/\/lospoliticosveracruz.com.mx\/index.php?rest_route=\/wp\/v2\/users\/2"}],"replies":[{"embeddable":true,"href":"https:\/\/lospoliticosveracruz.com.mx\/index.php?rest_route=%2Fwp%2Fv2%2Fcomments&post=157652"}],"version-history":[{"count":1,"href":"https:\/\/lospoliticosveracruz.com.mx\/index.php?rest_route=\/wp\/v2\/posts\/157652\/revisions"}],"predecessor-version":[{"id":157653,"href":"https:\/\/lospoliticosveracruz.com.mx\/index.php?rest_route=\/wp\/v2\/posts\/157652\/revisions\/157653"}],"wp:featuredmedia":[{"embeddable":true,"href":"https:\/\/lospoliticosveracruz.com.mx\/index.php?rest_route=\/wp\/v2\/media\/141435"}],"wp:attachment":[{"href":"https:\/\/lospoliticosveracruz.com.mx\/index.php?rest_route=%2Fwp%2Fv2%2Fmedia&parent=157652"}],"wp:term":[{"taxonomy":"category","embeddable":true,"href":"https:\/\/lospoliticosveracruz.com.mx\/index.php?rest_route=%2Fwp%2Fv2%2Fcategories&post=157652"},{"taxonomy":"post_tag","embeddable":true,"href":"https:\/\/lospoliticosveracruz.com.mx\/index.php?rest_route=%2Fwp%2Fv2%2Ftags&post=157652"}],"curies":[{"name":"wp","href":"https:\/\/api.w.org\/{rel}","templated":true}]}}