{"id":157725,"date":"2025-12-03T06:30:45","date_gmt":"2025-12-03T12:30:45","guid":{"rendered":"https:\/\/lospoliticosveracruz.com.mx\/?p=157725"},"modified":"2025-12-03T06:31:20","modified_gmt":"2025-12-03T12:31:20","slug":"siop","status":"publish","type":"post","link":"https:\/\/lospoliticosveracruz.com.mx\/?p=157725","title":{"rendered":"SIOP"},"content":{"rendered":"\n<p><strong>Guadalupe H. Mar<\/strong><br><em>Mira Pol\u00edtica<\/em><\/p>\n\n\n\n<p><strong>PIENSA MAL Y&nbsp;<\/strong>\u2026 Una de las tantas frases de la conseja popular que son infalibles, es aquella de \u201cpiensa mal y acertar\u00e1s\u201d, la cual viene como anillo al dedo para mencionar lo raro que resulta el hecho de que el&nbsp;titular de la Secretar\u00eda de Infraestructura y Obra P\u00fablica (SIOP), del gobierno del estado de Veracruz,&nbsp; el guanajuatense ingeniero qu\u00edmico Leonardo Cornejo Serrano, est\u00e9 evitando revelar el nombre de la empresa constructora a la que se le encargaron los trabajos de mejoramiento de la carretera Xalapa- Coatepec.<\/p>\n\n\n\n<figure class=\"wp-block-image size-full\"><a href=\" https:\/\/legisver.gob.mx\/Inicio.php?p=sliderInfoNP&amp;i=8785682\"><img loading=\"lazy\" decoding=\"async\" width=\"728\" height=\"90\" src=\"https:\/\/lospoliticosveracruz.com.mx\/wp-content\/uploads\/2025\/10\/Legis-Cintillo.png\" alt=\"\" class=\"wp-image-155724\" srcset=\"https:\/\/lospoliticosveracruz.com.mx\/wp-content\/uploads\/2025\/10\/Legis-Cintillo.png 728w, https:\/\/lospoliticosveracruz.com.mx\/wp-content\/uploads\/2025\/10\/Legis-Cintillo-300x37.png 300w\" sizes=\"auto, (max-width: 728px) 100vw, 728px\" \/><\/a><\/figure>\n\n\n\n<p>Por m\u00e1s que le han preguntado ese dato, el ex funcionario de la paraestatal Petr\u00f3leos Mexicanos (Pemex), le da la vuelta al tema, como queriendo evitar que el nombre de la compa\u00f1\u00eda constructora se haga p\u00fablico, sobre todo en los \u00faltimos d\u00edas, luego de que la semana pasada perdi\u00f3 la vida&nbsp;el cirujano dentista Luis Almanza,&nbsp;cuando viajaba en su motocicleta y se accident\u00f3 en un tramo en rehabilitaci\u00f3n de esa carretera, donde supuestamente no hab\u00eda los se\u00f1alamientos necesarios.<\/p>\n\n\n\n<p>Para que tengan el contexto,&nbsp;amables lectoras y lectores, hace seis meses, en julio pasado, se anunci\u00f3 que se rehabilitar\u00eda el bulevar Xalapa- Banderilla y que los trabajos estar\u00edan concluyendo en octubre de este mismo a\u00f1o.<\/p>\n\n\n\n<p>Pero qu\u00e9 creen, termin\u00f3 octubre, al igual que noviembre y los trabajos no se terminaron, lo que ha generado infinidad de protestas por los contratiempos que genera la obra inconclusa.<\/p>\n\n\n\n<p>De hecho, la&nbsp;chamboner\u00eda&nbsp;de la enigm\u00e1tica empresa constructora contratada por la SIOP hubiera pasado desapercibida otros meses m\u00e1s, de no haber sucedido la lamentable muerte del profesionista,&nbsp;quien hab\u00eda salido en su motocicleta a comprar un regalo para su hijo.<\/p>\n\n\n\n<p>Se supone que se est\u00e1 realizando un peritaje, por qui\u00e9n sabe qu\u00e9 entidad o dependencia, para que en caso de que la empresa constructora sea la responsable del accidente del cirujano dentista por no estar debidamente se\u00f1alizado el tramo carretero en reparaci\u00f3n, tendr\u00e1 que hacerse cargo de la indemnizaci\u00f3n a la familia del infortunado m\u00e9dico.<\/p>\n\n\n\n<p>Entre que son peras o manzanas, el titular de la SIOP,&nbsp;el guanajuatense ingeniero qu\u00edmico,&nbsp;Leonardo Cornejo Serrano se hace como que&nbsp;\u201cla virgen le habla\u201d&nbsp;cada vez que le preguntan por el nombre de la empresa constructora a la que se contrat\u00f3 para rehabilitar la carretera Coatepec &#8211; Xalapa.<\/p>\n\n\n\n<p>Por eso amables lectoras y lectores, la persistente negativa del titular de la SIOP para revelar el nombre de esa empresa constructora, no queda m\u00e1s que pensar mal.<\/p>\n\n\n\n<p><strong>Y LAS QUE FALTAN<\/strong>&nbsp;\u2026 En<a><\/a>&nbsp;lo que se da el posible relevo de la titular de la Fiscal\u00eda General del estado de Veracruz (Fgever), Ver\u00f3nica Hern\u00e1ndez&nbsp;Giadans, el personal de esta \u00e1rea gubernamental encargada de la procuraci\u00f3n de justicia, dio a conocer&nbsp;que tan solo en el mes de noviembre desactivaron 459 l\u00edneas telef\u00f3nicas que utilizaban los delincuentes para extorsionar a la poblaci\u00f3n.<\/p>\n\n\n\n<p>La eficiencia y eficacia son las mejores v\u00edas para ganarse la confianza de la ciudadan\u00eda que, como en este caso, se anim\u00f3 a denunciar los intentos de extorsi\u00f3n telef\u00f3nica.<\/p>\n\n\n\n<p>&nbsp;<strong>D\u00cdGALO SIN MIEDO<\/strong>&nbsp;\u2026 Al correo electr\u00f3nico&nbsp;<a href=\"mailto:guadalupehmar@gmail.com\">guadalupehmar@gmail.com<\/a><\/p>\n","protected":false},"excerpt":{"rendered":"<p>Guadalupe H. MarMira Pol\u00edtica PIENSA MAL Y&nbsp;\u2026 Una de las tantas frases de la conseja popular que son infalibles, es aquella de \u201cpiensa mal y acertar\u00e1s\u201d, la cual viene como anillo al dedo para mencionar lo raro que resulta el hecho de que el&nbsp;titular de la Secretar\u00eda de Infraestructura y Obra P\u00fablica (SIOP), del gobierno [&hellip;]<\/p>\n","protected":false},"author":2,"featured_media":141398,"comment_status":"closed","ping_status":"closed","sticky":false,"template":"","format":"standard","meta":{"_jetpack_newsletter_access":"","_jetpack_dont_email_post_to_subs":false,"_jetpack_newsletter_tier_id":0,"_jetpack_memberships_contains_paywalled_content":false,"_jetpack_memberships_contains_paid_content":false,"footnotes":""},"categories":[70],"tags":[42019,342,195,15165,47718],"class_list":["post-157725","post","type-post","status-publish","format-standard","has-post-thumbnail","hentry","category-de-opinion","tag-leonardo-cornejo-serrano","tag-siop","tag-veracruz","tag-veronica-hernandez-giadans","tag-xalapa-coatepec"],"jetpack_featured_media_url":"https:\/\/lospoliticosveracruz.com.mx\/wp-content\/uploads\/2025\/04\/Lupita-H-Mar.jpg","jetpack_sharing_enabled":true,"jetpack_shortlink":"https:\/\/wp.me\/s4Qcd3-siop","_links":{"self":[{"href":"https:\/\/lospoliticosveracruz.com.mx\/index.php?rest_route=\/wp\/v2\/posts\/157725","targetHints":{"allow":["GET"]}}],"collection":[{"href":"https:\/\/lospoliticosveracruz.com.mx\/index.php?rest_route=\/wp\/v2\/posts"}],"about":[{"href":"https:\/\/lospoliticosveracruz.com.mx\/index.php?rest_route=\/wp\/v2\/types\/post"}],"author":[{"embeddable":true,"href":"https:\/\/lospoliticosveracruz.com.mx\/index.php?rest_route=\/wp\/v2\/users\/2"}],"replies":[{"embeddable":true,"href":"https:\/\/lospoliticosveracruz.com.mx\/index.php?rest_route=%2Fwp%2Fv2%2Fcomments&post=157725"}],"version-history":[{"count":1,"href":"https:\/\/lospoliticosveracruz.com.mx\/index.php?rest_route=\/wp\/v2\/posts\/157725\/revisions"}],"predecessor-version":[{"id":157729,"href":"https:\/\/lospoliticosveracruz.com.mx\/index.php?rest_route=\/wp\/v2\/posts\/157725\/revisions\/157729"}],"wp:featuredmedia":[{"embeddable":true,"href":"https:\/\/lospoliticosveracruz.com.mx\/index.php?rest_route=\/wp\/v2\/media\/141398"}],"wp:attachment":[{"href":"https:\/\/lospoliticosveracruz.com.mx\/index.php?rest_route=%2Fwp%2Fv2%2Fmedia&parent=157725"}],"wp:term":[{"taxonomy":"category","embeddable":true,"href":"https:\/\/lospoliticosveracruz.com.mx\/index.php?rest_route=%2Fwp%2Fv2%2Fcategories&post=157725"},{"taxonomy":"post_tag","embeddable":true,"href":"https:\/\/lospoliticosveracruz.com.mx\/index.php?rest_route=%2Fwp%2Fv2%2Ftags&post=157725"}],"curies":[{"name":"wp","href":"https:\/\/api.w.org\/{rel}","templated":true}]}}