{"id":157735,"date":"2025-12-03T07:54:58","date_gmt":"2025-12-03T13:54:58","guid":{"rendered":"https:\/\/lospoliticosveracruz.com.mx\/?p=157735"},"modified":"2025-12-03T07:55:27","modified_gmt":"2025-12-03T13:55:27","slug":"la-ultima-veladora-de-las-garcia-cayetano","status":"publish","type":"post","link":"https:\/\/lospoliticosveracruz.com.mx\/?p=157735","title":{"rendered":"LA \u00daLTIMA VELADORA DE LAS GARC\u00cdA CAYETANO"},"content":{"rendered":"\n<p>S\u00edguenos ahora tambi\u00e9n en WhatsApp.\u00a0\u00a1<a href=\"https:\/\/whatsapp.com\/channel\/0029Va8zRWlEKyZIP3Z1dF0e\"><strong>Da clic aqu\u00ed<\/strong><\/a><strong>!<\/strong><\/p>\n\n\n\n<p><strong>Yamiri Rodr\u00edguez Madrid<\/strong><\/p>\n\n\n\n<p>La vuelta a Veracruz en un teclazo<br><\/p>\n\n\n\n<p>En la v\u00edspera de comparecer ante la Legislatura como parte de la Glosa de su Primer Informe de Gobierno, la gobernadora Roc\u00edo Nahle Garc\u00eda recibi\u00f3 un informe pormenorizado sobre el revuelo que ha causado la reforma constitucional que, una vez que se apruebe por la mayor\u00eda de los cabildos del Estado, le permitir\u00e1 remover a la fiscal en turno y nombrar a quien estar\u00e1 frente a la Fiscal\u00eda General del Estado (FGE). En dicho reporte, nos cuentan, se detalla tambi\u00e9n el origen del golpeteo desmesurado que ha recibido la magistrada Lisbeth Aurelia Jim\u00e9nez, a quien algunas plumas mencionan insistentemente como relevo inminente de Ver\u00f3nica Hern\u00e1ndez Giad\u00e1ns. Ah\u00ed se explica el origen de los periodicazos: el C\u00e1rtel Inmobiliario de Veracruz.<\/p>\n\n\n\n<figure class=\"wp-block-image size-full\"><a href=\" https:\/\/legisver.gob.mx\/Inicio.php?p=sliderInfoNP&amp;i=8785682\"><img loading=\"lazy\" decoding=\"async\" width=\"728\" height=\"90\" src=\"https:\/\/lospoliticosveracruz.com.mx\/wp-content\/uploads\/2025\/10\/Legis-Cintillo.png\" alt=\"\" class=\"wp-image-155724\" srcset=\"https:\/\/lospoliticosveracruz.com.mx\/wp-content\/uploads\/2025\/10\/Legis-Cintillo.png 728w, https:\/\/lospoliticosveracruz.com.mx\/wp-content\/uploads\/2025\/10\/Legis-Cintillo-300x37.png 300w\" sizes=\"auto, (max-width: 728px) 100vw, 728px\" \/><\/a><\/figure>\n\n\n\n<p><br>Todo cobra sentido en el momento en que se reporta pormenorizadamente cada una de las obras realizadas en el sexenio anterior y sobre las que pesan se\u00f1alamientos de un presunto da\u00f1o patrimonial y en las que existe un com\u00fan denominador, el apellido Garc\u00eda y tambi\u00e9n el Cayetano.<br>Resulta que, siendo gobernador Cuitl\u00e1huac Garc\u00eda, y secretario de Infraestructura y Obras P\u00fablica, Elio Hern\u00e1ndez, la entonces esposa del titular de SIOP, la magistrada Aileth Garc\u00eda Cayetano y su hermana Dorheny secretaria del Trabajo (actualmente diputada local por Morena) se consolid\u00f3 un presunto entramado de complicidades para favorecer a diversas empresas constructoras. Por citar alguna, aparece RAWEN INGENIER\u00cdA SA de CV, de la familia Mancilla -\u00edntimamente ligada a las hermanas Garc\u00eda Cayetano-, encargada de diversas obras en dependencias como SIOP, el Instituto de Espacios Educativos y hasta la Secretar\u00eda de Salud.<br>De hecho, en Xalapa, a trav\u00e9s de otras empresas, como MACON y Geoperforadora del Golfo, resultaron \u201cganadores\u201d de las licitaciones y, por ende, ejecutores de los criticados puentes de la avenida L\u00e1zaro C\u00e1rdenas, el de Las Trancas y el Heberto Castillo, sobre los cuales la ciudadan\u00eda no termina de comprender su funci\u00f3n. Tambi\u00e9n tuvieron a su cargo la construcci\u00f3n de la primera etapa de la Ciudad Judicial de Poza Rica.<br>El asunto es muy sencillo: sus allegados narran que no existe temor, sino pavor, de que Jim\u00e9nez Aguirre llegue a la Fiscal\u00eda General del Estado, pues en autom\u00e1tico desaparecer\u00eda el manto de impunidad con la que el llamado c\u00e1rtel inmobiliario, que en realidad pareciera m\u00e1s un negocio familiar, oper\u00f3 en los \u00faltimos a\u00f1os. Por ello, desde el Congreso y el Tribunal Superior de Justicia, las hermanas estar\u00edan quemando sus \u00faltimas naves para impedir que la Gobernadora designe a Lisbeth Aurelia Jim\u00e9nez al frente de la FGE. El golpeteo, una vez m\u00e1s, es solo interno.<br>@YamiriRodr\u00edguez<\/p>\n","protected":false},"excerpt":{"rendered":"<p>Yamiri Rodr\u00edguez Madrid La vuelta a Veracruz en un teclazo En la v\u00edspera de comparecer ante la Legislatura como parte de la Glosa de su Primer Informe de Gobierno, la gobernadora Roc\u00edo Nahle Garc\u00eda recibi\u00f3 un informe pormenorizado sobre el revuelo que ha causado la reforma constitucional que, una vez que se apruebe por la [&hellip;]<\/p>\n","protected":false},"author":2,"featured_media":141413,"comment_status":"closed","ping_status":"closed","sticky":false,"template":"","format":"standard","meta":{"_jetpack_newsletter_access":"","_jetpack_dont_email_post_to_subs":false,"_jetpack_newsletter_tier_id":0,"_jetpack_memberships_contains_paywalled_content":false,"_jetpack_memberships_contains_paid_content":false,"footnotes":""},"categories":[70],"tags":[42407],"class_list":["post-157735","post","type-post","status-publish","format-standard","has-post-thumbnail","hentry","category-de-opinion","tag-yamiri-rodriguez-madrid"],"jetpack_featured_media_url":"https:\/\/lospoliticosveracruz.com.mx\/wp-content\/uploads\/2025\/04\/Yamiri-Rodriguez-Madrid.jpg","jetpack_sharing_enabled":true,"jetpack_shortlink":"https:\/\/wp.me\/p4Qcd3-F27","_links":{"self":[{"href":"https:\/\/lospoliticosveracruz.com.mx\/index.php?rest_route=\/wp\/v2\/posts\/157735","targetHints":{"allow":["GET"]}}],"collection":[{"href":"https:\/\/lospoliticosveracruz.com.mx\/index.php?rest_route=\/wp\/v2\/posts"}],"about":[{"href":"https:\/\/lospoliticosveracruz.com.mx\/index.php?rest_route=\/wp\/v2\/types\/post"}],"author":[{"embeddable":true,"href":"https:\/\/lospoliticosveracruz.com.mx\/index.php?rest_route=\/wp\/v2\/users\/2"}],"replies":[{"embeddable":true,"href":"https:\/\/lospoliticosveracruz.com.mx\/index.php?rest_route=%2Fwp%2Fv2%2Fcomments&post=157735"}],"version-history":[{"count":1,"href":"https:\/\/lospoliticosveracruz.com.mx\/index.php?rest_route=\/wp\/v2\/posts\/157735\/revisions"}],"predecessor-version":[{"id":157736,"href":"https:\/\/lospoliticosveracruz.com.mx\/index.php?rest_route=\/wp\/v2\/posts\/157735\/revisions\/157736"}],"wp:featuredmedia":[{"embeddable":true,"href":"https:\/\/lospoliticosveracruz.com.mx\/index.php?rest_route=\/wp\/v2\/media\/141413"}],"wp:attachment":[{"href":"https:\/\/lospoliticosveracruz.com.mx\/index.php?rest_route=%2Fwp%2Fv2%2Fmedia&parent=157735"}],"wp:term":[{"taxonomy":"category","embeddable":true,"href":"https:\/\/lospoliticosveracruz.com.mx\/index.php?rest_route=%2Fwp%2Fv2%2Fcategories&post=157735"},{"taxonomy":"post_tag","embeddable":true,"href":"https:\/\/lospoliticosveracruz.com.mx\/index.php?rest_route=%2Fwp%2Fv2%2Ftags&post=157735"}],"curies":[{"name":"wp","href":"https:\/\/api.w.org\/{rel}","templated":true}]}}