{"id":157798,"date":"2025-12-04T06:24:22","date_gmt":"2025-12-04T12:24:22","guid":{"rendered":"https:\/\/lospoliticosveracruz.com.mx\/?p=157798"},"modified":"2025-12-04T06:26:46","modified_gmt":"2025-12-04T12:26:46","slug":"ley-del-agua-bandera-politica","status":"publish","type":"post","link":"https:\/\/lospoliticosveracruz.com.mx\/?p=157798","title":{"rendered":"LEY DEL AGUA, BANDERA POL\u00cdTICA"},"content":{"rendered":"\n<p><strong>Fanny Y\u00e9pez<\/strong><br><em>La Columna<\/em><\/p>\n\n\n\n<p>La Ley del Agua en M\u00e9xico se est\u00e1 utilizando actualmente como una \u00abbandera pol\u00edtica\u00bb, generando un intenso debate y divisi\u00f3n entre los diferentes partidos y sectores involucrados.<br>Diversas fuentes de noticias y declaraciones de pol\u00edticos confirman que existe un fuerte componente pol\u00edtico en la discusi\u00f3n de la iniciativa de la nueva Ley General de Aguas, con acusaciones mutuas de oportunismo pol\u00edtico-electoral, especialmente en el contexto de las pr\u00f3ximas elecciones.<\/p>\n\n\n\n<figure class=\"wp-block-image size-full\"><a href=\" https:\/\/legisver.gob.mx\/Inicio.php?p=sliderInfoNP&amp;i=8785682\"><img loading=\"lazy\" decoding=\"async\" width=\"728\" height=\"90\" src=\"https:\/\/lospoliticosveracruz.com.mx\/wp-content\/uploads\/2025\/10\/Legis-Cintillo.png\" alt=\"\" class=\"wp-image-155724\" srcset=\"https:\/\/lospoliticosveracruz.com.mx\/wp-content\/uploads\/2025\/10\/Legis-Cintillo.png 728w, https:\/\/lospoliticosveracruz.com.mx\/wp-content\/uploads\/2025\/10\/Legis-Cintillo-300x37.png 300w\" sizes=\"auto, (max-width: 728px) 100vw, 728px\" \/><\/a><\/figure>\n\n\n\n<p><br>Estos mi\u00e9rcoles agricultores, provenientes de estados como Veracruz, Puebla, Tlaxcala, Quer\u00e9taro y Guanajuato, protestan por la iniciativa de Ley de Aguas que se discute en la C\u00e1mara de Diputados, argumentando que podr\u00eda afectar sus derechos y el acceso al agua. Algunos manifestantes incluso han expresado preocupaci\u00f3n de que la ley propuesta los \u00abconvierte en criminales\u00bb.<br>La protesta incluye una \u00abGran Caravana de Tractores por el Agua\u00bb, con decenas de veh\u00edculos agr\u00edcolas que han llegado y se han estacionado en los alrededores del Palacio Legislativo de San L\u00e1zaro, generando bloqueos en las calles circundantes.<br>Los productores en sus demandas exigen que se tome en cuenta su opini\u00f3n para las nuevas leyes y buscan entregar un pliego petitorio a los diputados.<br>Oficialismo (Morena y aliados): Argumentan que la iniciativa busca garantizar el derecho humano al agua, recuperar la rector\u00eda del Estado sobre las aguas nacionales y evitar su mercantilizaci\u00f3n, un acto que consideran de \u00abjusticia ambiental, social y constitucional\u00bb largamente postergado. La presidenta Claudia Sheinbaum ha impulsado esta reforma, que actualmente avanza en la C\u00e1mara de Diputados.<br>Oposici\u00f3n (PAN, PRI y otros): Han expresado su rechazo a la propuesta, calific\u00e1ndola de \u00ablobo con piel de oveja\u00bb y pidiendo que se frene la discusi\u00f3n para abrir un di\u00e1logo real con todos los sectores, especialmente los productores agr\u00edcolas. Acusan al partido en el poder de buscar el control pol\u00edtico-electoral de los productores del campo y centralizar el poder en la CONAGUA, lo que podr\u00eda generar corrupci\u00f3n e ineficacia.<br>Se respetan las concesiones existentes. Todas las concesiones de agua otorgadas legalmente antes de las reformas propuestas se respetar\u00e1n en los mismos t\u00e9rminos en que fueron expedidas.<br>Las concesiones se pueden heredar o vender. Los t\u00edtulos de concesi\u00f3n asociados a una propiedad (agr\u00edcola, ganadera, etc.) pueden heredarse o transferirse al vender la propiedad, aunque la Conagua debe emitir un nuevo t\u00edtulo bajo reglas claras para evitar la corrupci\u00f3n y el acaparamiento.<br>Busca combatir el acaparamiento y el mercado negro. Un objetivo central de las reformas es regular el uso efectivo del volumen concesionado, combatir la sobreexplotaci\u00f3n y frenar el mercado negro del agua, no afectar a los usuarios leg\u00edtimos.<br>La gesti\u00f3n del agua es p\u00fablica o comunitaria. Se proh\u00edbe toda forma de privatizaci\u00f3n del agua, y su gesti\u00f3n recae exclusivamente en el \u00e1mbito p\u00fablico o comunitario.<br>Es falso que el gobierno federal pueda quitar el agua de forma arbitraria. La Ley General de Aguas no permite que la autoridad retire o limite el acceso al agua a las personas, ejidos o comunidades de manera arbitraria. Cualquier afectaci\u00f3n a un derecho inscrito requerir\u00eda un proceso legal y audiencia previa.<br>Tambi\u00e9n es falso que el agua sea una mercanc\u00eda. La ley refuerza que el agua no puede ser objeto de comercio o acuerdos comerciales privados, ya que es un bien estrat\u00e9gico de la naci\u00f3n.<br>No es verdad que no se puedan heredar las concesiones. Este es uno de los mitos m\u00e1s comunes; las concesiones s\u00ed son transferibles junto con la propiedad de la tierra, siempre y cuando se notifique y regularice ante la Conagua.<br>Es mentira que se eliminen los t\u00edtulos de concesi\u00f3n por completo. El sistema de concesiones se mantiene, y la Conagua no est\u00e1 autorizada a eliminar unilateralmente los t\u00edtulos existentes para dar permisos temporales.<br>Otra falsa versi\u00f3n es que se criminalice a los agricultores. Las sanciones y multas propuestas est\u00e1n dirigidas espec\u00edficamente a los acaparadores y a quienes cometen abusos, no al peque\u00f1o agricultor o ejidatario que hace un uso leg\u00edtimo del recurso.<br>Pues bueno, este mi\u00e9rcoles se aprob\u00f3 el dictamen de la nueva Ley General de Aguas y la reforma a la Ley de Aguas Nacionales fue aprobado en comisiones de la C\u00e1mara de Diputados de M\u00e9xico y ahora pasar\u00e1 al Pleno para su votaci\u00f3n final.<br>La aprobaci\u00f3n en comisiones se logr\u00f3 con la mayor\u00eda de votos de Morena y sus aliados (PT y PVEM), mientras que la oposici\u00f3n (PAN, PRI y MC) vot\u00f3 en contra. Se espera que el dictamen sea discutido y votado en el Pleno de la C\u00e1mara de Diputados en los pr\u00f3ximos d\u00edas.<br>Puntos clave de la iniciativa:<br>Garantizar el derecho humano al agua: Se prioriza el uso dom\u00e9stico y p\u00fablico del agua sobre el industrial o agr\u00edcola en casos de escasez.<br>Recuperar la rector\u00eda del Estado. Se busca eliminar la posibilidad de que el agua sea tratada como una mercanc\u00eda transferible y poner fin al acaparamiento.<br>Prohibici\u00f3n de la privatizaci\u00f3n: La iniciativa proh\u00edbe la privatizaci\u00f3n del agua y establece que su gesti\u00f3n ser\u00e1 exclusivamente p\u00fablica o comunitaria.<br>Hay que destacar que el estado de Veracruz, cuenta con abundancia de agua, ya que en \u00e9l se escurre el 33% del agua superficial total del pa\u00eds. Para obtener datos m\u00e1s espec\u00edficos, ser\u00eda necesario consultar informaci\u00f3n detallada sobre acu\u00edferos, cuerpos de agua superficiales y niveles de precipitaci\u00f3n actuales, la cual cambia a diario.<br>Abundancia de agua: Veracruz tiene un escurrimiento superficial anual medio de 139 millones de metros c\u00fabicos, lo que representa el 33% del total nacional.<\/p>\n","protected":false},"excerpt":{"rendered":"<p>Fanny Y\u00e9pezLa Columna La Ley del Agua en M\u00e9xico se est\u00e1 utilizando actualmente como una \u00abbandera pol\u00edtica\u00bb, generando un intenso debate y divisi\u00f3n entre los diferentes partidos y sectores involucrados.Diversas fuentes de noticias y declaraciones de pol\u00edticos confirman que existe un fuerte componente pol\u00edtico en la discusi\u00f3n de la iniciativa de la nueva Ley General [&hellip;]<\/p>\n","protected":false},"author":2,"featured_media":141383,"comment_status":"closed","ping_status":"closed","sticky":false,"template":"","format":"standard","meta":{"_jetpack_newsletter_access":"","_jetpack_dont_email_post_to_subs":false,"_jetpack_newsletter_tier_id":0,"_jetpack_memberships_contains_paywalled_content":false,"_jetpack_memberships_contains_paid_content":false,"footnotes":""},"categories":[70],"tags":[47782],"class_list":["post-157798","post","type-post","status-publish","format-standard","has-post-thumbnail","hentry","category-de-opinion","tag-ley-del-agua"],"jetpack_featured_media_url":"https:\/\/lospoliticosveracruz.com.mx\/wp-content\/uploads\/2025\/04\/Fanny-Yepez-Luna.jpg","jetpack_sharing_enabled":true,"jetpack_shortlink":"https:\/\/wp.me\/p4Qcd3-F38","_links":{"self":[{"href":"https:\/\/lospoliticosveracruz.com.mx\/index.php?rest_route=\/wp\/v2\/posts\/157798","targetHints":{"allow":["GET"]}}],"collection":[{"href":"https:\/\/lospoliticosveracruz.com.mx\/index.php?rest_route=\/wp\/v2\/posts"}],"about":[{"href":"https:\/\/lospoliticosveracruz.com.mx\/index.php?rest_route=\/wp\/v2\/types\/post"}],"author":[{"embeddable":true,"href":"https:\/\/lospoliticosveracruz.com.mx\/index.php?rest_route=\/wp\/v2\/users\/2"}],"replies":[{"embeddable":true,"href":"https:\/\/lospoliticosveracruz.com.mx\/index.php?rest_route=%2Fwp%2Fv2%2Fcomments&post=157798"}],"version-history":[{"count":1,"href":"https:\/\/lospoliticosveracruz.com.mx\/index.php?rest_route=\/wp\/v2\/posts\/157798\/revisions"}],"predecessor-version":[{"id":157799,"href":"https:\/\/lospoliticosveracruz.com.mx\/index.php?rest_route=\/wp\/v2\/posts\/157798\/revisions\/157799"}],"wp:featuredmedia":[{"embeddable":true,"href":"https:\/\/lospoliticosveracruz.com.mx\/index.php?rest_route=\/wp\/v2\/media\/141383"}],"wp:attachment":[{"href":"https:\/\/lospoliticosveracruz.com.mx\/index.php?rest_route=%2Fwp%2Fv2%2Fmedia&parent=157798"}],"wp:term":[{"taxonomy":"category","embeddable":true,"href":"https:\/\/lospoliticosveracruz.com.mx\/index.php?rest_route=%2Fwp%2Fv2%2Fcategories&post=157798"},{"taxonomy":"post_tag","embeddable":true,"href":"https:\/\/lospoliticosveracruz.com.mx\/index.php?rest_route=%2Fwp%2Fv2%2Ftags&post=157798"}],"curies":[{"name":"wp","href":"https:\/\/api.w.org\/{rel}","templated":true}]}}