{"id":157860,"date":"2025-12-04T16:37:01","date_gmt":"2025-12-04T22:37:01","guid":{"rendered":"https:\/\/lospoliticosveracruz.com.mx\/?p=157860"},"modified":"2025-12-04T16:37:18","modified_gmt":"2025-12-04T22:37:18","slug":"migracion-segura-a-nomina-unica","status":"publish","type":"post","link":"https:\/\/lospoliticosveracruz.com.mx\/?p=157860","title":{"rendered":"MIGRACI\u00d3N SEGURA A N\u00d3MINA \u00daNICA"},"content":{"rendered":"\n<p>S\u00edguenos ahora tambi\u00e9n en WhatsApp.\u00a0\u00a1<a href=\"https:\/\/whatsapp.com\/channel\/0029Va8zRWlEKyZIP3Z1dF0e\"><strong>Da clic aqu\u00ed<\/strong><\/a><strong>!<\/strong><\/p>\n\n\n\n<p><\/p>\n\n\n\n<p>El diputado local del <strong>Partido Verde Ecologista de M\u00e9xico (PVEM)<\/strong>, <strong>Urbano Bautista Mart\u00ednez<\/strong>, present\u00f3 ante el <strong>Congreso del Estado<\/strong> un Anteproyecto de Punto de Acuerdo para exhortar respetuosamente a la <strong>Secretar\u00eda de Finanzas y Planeaci\u00f3n (Sefiplan)<\/strong> y a la <strong>Secretar\u00eda de Educaci\u00f3n de Veracruz (SEV)<\/strong>, a implementar acciones urgentes que garanticen una transici\u00f3n ordenada, segura y sin afectaciones para el magisterio y trabajadores administrativos durante la migraci\u00f3n a la N\u00f3mina \u00danica.<\/p>\n\n\n\n<figure class=\"wp-block-image size-full\"><a href=\" https:\/\/legisver.gob.mx\/Inicio.php?p=sliderInfoNP&amp;i=8785682\"><img loading=\"lazy\" decoding=\"async\" width=\"728\" height=\"90\" src=\"https:\/\/lospoliticosveracruz.com.mx\/wp-content\/uploads\/2025\/10\/Legis-Cintillo.png\" alt=\"\" class=\"wp-image-155724\" srcset=\"https:\/\/lospoliticosveracruz.com.mx\/wp-content\/uploads\/2025\/10\/Legis-Cintillo.png 728w, https:\/\/lospoliticosveracruz.com.mx\/wp-content\/uploads\/2025\/10\/Legis-Cintillo-300x37.png 300w\" sizes=\"auto, (max-width: 728px) 100vw, 728px\" \/><\/a><\/figure>\n\n\n\n<p>El legislador destac\u00f3 que <strong>Veracruz<\/strong> atraviesa un proceso hist\u00f3rico de ordenamiento administrativo impulsado por la <strong>Gobernadora Roc\u00edo Nahle Garc\u00eda<\/strong>, cuyo objetivo es garantizar finanzas limpias y mayor eficiencia gubernamental.<\/p>\n\n\n\n<p>Afirm\u00f3 que la N\u00f3mina \u00danica es una medida correcta que permitir\u00e1 combatir la opacidad, eliminar pr\u00e1cticas como los \u201caviadores\u201d y tener control real de la plantilla estatal.<\/p>\n\n\n\n<p>\u201cLa modernizaci\u00f3n administrativa debe llegar sin lastimar el bolsillo, ni la seguridad del trabajador. La lealtad a la visi\u00f3n de la <strong>Gobernadora<\/strong> se demuestra con eficiencia, claridad y respeto a quienes sostienen el aparato educativo del Estado\u201d, expres\u00f3 <strong>Bautista Mart\u00ednez<\/strong>.<\/p>\n\n\n\n<p>El diputado inform\u00f3 que diversas organizaciones sindicales, entre ellas la <strong>Secci\u00f3n 56 del SNTE<\/strong>, el <strong>SETSE<\/strong> y el <strong>SDTEV<\/strong>, han manifestado preocupaci\u00f3n por la falta de infraestructura bancaria de la instituci\u00f3n seleccionada para dispersar los pagos, la cual no cuenta con sucursales o cajeros en m\u00e1s del 50 por ciento de los municipios del Estado.<\/p>\n\n\n\n<p>\u201cNo podemos pedirle al maestro de la sierra que baje a la ciudad para cobrar; el banco debe subir a la sierra para pagarle.\u201d<\/p>\n\n\n\n<p>Se\u00f1al\u00f3 que esta situaci\u00f3n podr\u00eda obligar a miles de docentes rurales e ind\u00edgenas a recorrer largas distancias para retirar su salario, generando gastos adicionales y riesgos de seguridad.<\/p>\n\n\n\n<p>Agreg\u00f3 que, en v\u00edsperas del pago de aguinaldos y prestaciones de fin de a\u00f1o, cualquier falla en el proceso de dispersi\u00f3n ser\u00eda \u201ccatastr\u00f3fica\u201d para las familias veracruzanas y la econom\u00eda local.<\/p>\n","protected":false},"excerpt":{"rendered":"<p>El diputado local del Partido Verde Ecologista de M\u00e9xico (PVEM), Urbano Bautista Mart\u00ednez, present\u00f3 ante el Congreso del Estado un Anteproyecto de Punto de Acuerdo para exhortar respetuosamente a la Secretar\u00eda de Finanzas y Planeaci\u00f3n (Sefiplan) y a la Secretar\u00eda de Educaci\u00f3n de Veracruz (SEV), a implementar acciones urgentes que garanticen una transici\u00f3n ordenada, segura [&hellip;]<\/p>\n","protected":false},"author":2,"featured_media":157861,"comment_status":"closed","ping_status":"closed","sticky":false,"template":"","format":"standard","meta":{"_jetpack_newsletter_access":"","_jetpack_dont_email_post_to_subs":false,"_jetpack_newsletter_tier_id":0,"_jetpack_memberships_contains_paywalled_content":false,"_jetpack_memberships_contains_paid_content":false,"footnotes":""},"categories":[73],"tags":[47802,47800,3578,47803,47801],"class_list":["post-157860","post","type-post","status-publish","format-standard","has-post-thumbnail","hentry","category-de-boleto","tag-magisterio-veracruz","tag-nomina-unica-veracruz","tag-rocio-nahle","tag-sev-sefiplan","tag-urbano-bautista-martinez"],"jetpack_featured_media_url":"https:\/\/lospoliticosveracruz.com.mx\/wp-content\/uploads\/2025\/12\/Urbano-Bautista-Martinez.jpeg","jetpack_sharing_enabled":true,"jetpack_shortlink":"https:\/\/wp.me\/p4Qcd3-F48","_links":{"self":[{"href":"https:\/\/lospoliticosveracruz.com.mx\/index.php?rest_route=\/wp\/v2\/posts\/157860","targetHints":{"allow":["GET"]}}],"collection":[{"href":"https:\/\/lospoliticosveracruz.com.mx\/index.php?rest_route=\/wp\/v2\/posts"}],"about":[{"href":"https:\/\/lospoliticosveracruz.com.mx\/index.php?rest_route=\/wp\/v2\/types\/post"}],"author":[{"embeddable":true,"href":"https:\/\/lospoliticosveracruz.com.mx\/index.php?rest_route=\/wp\/v2\/users\/2"}],"replies":[{"embeddable":true,"href":"https:\/\/lospoliticosveracruz.com.mx\/index.php?rest_route=%2Fwp%2Fv2%2Fcomments&post=157860"}],"version-history":[{"count":1,"href":"https:\/\/lospoliticosveracruz.com.mx\/index.php?rest_route=\/wp\/v2\/posts\/157860\/revisions"}],"predecessor-version":[{"id":157862,"href":"https:\/\/lospoliticosveracruz.com.mx\/index.php?rest_route=\/wp\/v2\/posts\/157860\/revisions\/157862"}],"wp:featuredmedia":[{"embeddable":true,"href":"https:\/\/lospoliticosveracruz.com.mx\/index.php?rest_route=\/wp\/v2\/media\/157861"}],"wp:attachment":[{"href":"https:\/\/lospoliticosveracruz.com.mx\/index.php?rest_route=%2Fwp%2Fv2%2Fmedia&parent=157860"}],"wp:term":[{"taxonomy":"category","embeddable":true,"href":"https:\/\/lospoliticosveracruz.com.mx\/index.php?rest_route=%2Fwp%2Fv2%2Fcategories&post=157860"},{"taxonomy":"post_tag","embeddable":true,"href":"https:\/\/lospoliticosveracruz.com.mx\/index.php?rest_route=%2Fwp%2Fv2%2Ftags&post=157860"}],"curies":[{"name":"wp","href":"https:\/\/api.w.org\/{rel}","templated":true}]}}