{"id":158110,"date":"2025-12-08T21:07:06","date_gmt":"2025-12-09T03:07:06","guid":{"rendered":"https:\/\/lospoliticosveracruz.com.mx\/?p=158110"},"modified":"2025-12-08T21:07:34","modified_gmt":"2025-12-09T03:07:34","slug":"fiscal-fast-track","status":"publish","type":"post","link":"https:\/\/lospoliticosveracruz.com.mx\/?p=158110","title":{"rendered":"FISCAL FAST TRACK!"},"content":{"rendered":"\n<p><strong>Isabel Ortega<\/strong><\/p>\n\n\n\n<p>Con el respaldo de 40 diputados de las bancadas de Morena, PVEM, PT y el emecista Adri\u00e1n \u00c1vila del Congreso de Veracruz se nombr\u00f3 a Lisbeth Aurelia Jim\u00e9nez Aguirre como nueva fiscal general del Estado por un periodo de cuatro a\u00f1os, de acuerdo con las recientes reformas constitucionales.<\/p>\n\n\n\n<p>La designaci\u00f3n se vot\u00f3 en una sesi\u00f3n vespertina, luego de que la gobernadora Norma Roc\u00edo Nahle Garc\u00eda enviara, apenas cinco horas despu\u00e9s de la renuncia de Ver\u00f3nica Hern\u00e1ndez Giad\u00e1ns, el oficio con la propuesta para ocupar la titularidad de la FGE.<\/p>\n\n\n\n<p>El punto fue el \u00fanico asunto del orden del d\u00eda. Previamente, Jim\u00e9nez Aguirre hab\u00eda remitido a la misma C\u00e1mara su solicitud de licencia como magistrada del Poder Judicial, por un a\u00f1o, para estar en posibilidad de asumir el nuevo encargo.<\/p>\n\n\n\n<p>Durante la lectura de la correspondencia, se dio entrada al escrito de Nahle:<\/p>\n\n\n\n<p>\u201cEn virtud de tener conocimiento de la ausencia definitiva del titular de la FGE del Estado, tengo a bien enviar la presente propuesta para ocupar dicha titularidad (\u2026) Lisbeth Aurelia Jim\u00e9nez Aguirre\u201d.<\/p>\n\n\n\n<p>La gobernadora argument\u00f3 que la abogada cumpl\u00eda con los requisitos legales: ser mexicana, mayor de 30 a\u00f1os, licenciada en Derecho, con m\u00e1s de cinco a\u00f1os de antig\u00fcedad profesional y sin antecedentes penales.<\/p>\n\n\n\n<p>Tras un receso de 30 minutos, se reanud\u00f3 la sesi\u00f3n y se aprob\u00f3 el nombramiento. El secretario de la Mesa Directiva, Alejandro Porras, destac\u00f3 que la nueva fiscal cuenta con Doctorado en Ciencias Penales por el Centro Veracruzano de Investigaci\u00f3n y Posgrado, adem\u00e1s de estudios en Proceso Penal, Medicina Forense y Derechos Fundamentales en Minor\u00edas.<\/p>\n\n\n\n<p>Aunque la ley otorgaba al Congreso cinco d\u00edas h\u00e1biles para realizar la designaci\u00f3n, la decisi\u00f3n se tom\u00f3 en menos de una hora y fue avalada por la mayor\u00eda de los legisladores, incluido, el panista Fernando Yunes M\u00e1rquez contra quien hay una denuncia penal en la FGE por presunto da\u00f1o patrimonial.<\/p>\n\n\n\n<p>Cabe mencionar que desde la m\u00e1xima tribuna se plante\u00f3 que el nombramiento de Jim\u00e9nez Aguirre ser\u00e1 solo por un a\u00f1o, con el argumento que fue el periodo de su licencia como magistrada del Poder Judicial, sin embargo, la ley establece que la designaci\u00f3n es por cuatro a\u00f1os, con posibilidad de reelegirse.<\/p>\n\n\n\n<p>Oposici\u00f3n acusa imposici\u00f3n y p\u00e9rdida de autonom\u00eda<\/p>\n\n\n\n<p>La diputada de Movimiento Ciudadano, Elena C\u00f3rdova, calific\u00f3 el nombramiento como un \u201cretroceso democr\u00e1tico\u201d, al considerar que el m\u00e9todo de designaci\u00f3n \u2014modificado en las \u00faltimas dos semanas\u2014 elimin\u00f3 la posibilidad de un proceso abierto.<\/p>\n\n\n\n<p>\u201cNo es una postura contra la persona que llegar\u00e1; la postura es contra el m\u00e9todo. (\u2026) Si la fiscal llega a propuesta de la gobernadora y el Congreso solo obedece, estamos instalando una fiscal\u00eda dependiente. Es un cheque en blanco al Ejecutivo\u201d, denunci\u00f3.<\/p>\n\n\n\n<p>Asegur\u00f3 que la Fiscal\u00eda ya arrastra una crisis de legitimidad y credibilidad, que \u2014advirti\u00f3\u2014 podr\u00eda profundizarse: \u201cLa burra no era arisca, la hicieron a golpes. La confianza est\u00e1 quebrada\u201d.<\/p>\n\n\n\n<p>Por su parte, el diputado H\u00e9ctor Yunes rechaz\u00f3 lo que llam\u00f3 la designaci\u00f3n de una \u201cfiscal carnal\u00bb, acusando que el Congreso actu\u00f3 \u201cde manera sumisa\u201d al validar la propuesta del Ejecutivo.<\/p>\n\n\n\n<p>Se\u00f1al\u00f3 que la reforma que abri\u00f3 la puerta a la destituci\u00f3n de Hern\u00e1ndez Giad\u00e1ns y al nombramiento de Jim\u00e9nez Aguirre \u201cquit\u00f3 la autonom\u00eda a la FGE\u201d y advirti\u00f3 que cualquier error de la nueva fiscal recaer\u00e1 en la gobernadora.<\/p>\n\n\n\n<p>Incluso record\u00f3 se\u00f1alamientos contra Jim\u00e9nez Aguirre durante su paso por el Poder Judicial, como presunta venta de sentencias a trav\u00e9s de su exsecretario particular, David Carde\u00f1a, quien enfrenta tres carpetas de investigaci\u00f3n por presuntos delitos de corrupci\u00f3n.<\/p>\n\n\n\n<p>A\u00f1adi\u00f3 que, como magistrada presidenta, dej\u00f3 m\u00e1s de 5 mil 400 personas en prisi\u00f3n preventiva sin sentencia, y que el PJEV est\u00e1 entre los peor evaluados del pa\u00eds.<\/p>\n\n\n\n<p>PAN: El Congreso es una oficina de tr\u00e1mite<\/p>\n\n\n\n<p>La diputada panista Indira Rosales San Rom\u00e1n critic\u00f3 la falta de autonom\u00eda en la FGE y lament\u00f3 que la designaci\u00f3n profundice la subordinaci\u00f3n del \u00f3rgano aut\u00f3nomo al Ejecutivo., \u201cEspero que la nueva fiscal entienda que su labor no es para con un grupo pol\u00edtico ni para con la gobernadora, sino para con los veracruzanos\u201d, expres\u00f3.<\/p>\n\n\n\n<p>El tambi\u00e9n panista Fernando Yunes afirm\u00f3 que la renuncia de la exfiscal era previsible, pues su nombramiento fue \u201cun capricho de quien mandaba en Veracruz\u201d. Denunci\u00f3 que durante la gesti\u00f3n de Giad\u00e1ns \u201cse vend\u00eda la justicia\u201d, y pidi\u00f3 a la nueva titular investigar esos hechos. No obstante, le otorg\u00f3 su voto de confianza.<\/p>\n\n\n\n<p>PVEM defiende el nombramiento<\/p>\n\n\n\n<p>El coordinador del Partido Verde, Marcelo Ruiz, respald\u00f3 la propuesta de la gobernadora, y afirm\u00f3 que la FGE es clave para consolidar la paz en Veracruz.<\/p>\n\n\n\n<p>Dijo que la nueva fiscal conoce la operaci\u00f3n interna del sistema de justicia, \u201cpues ha estado del otro lado\u201d, y podr\u00e1 evitar que los presuntos delincuentes utilicen la \u201cpuerta giratoria\u201d para no enfrentar a la justicia.<\/p>\n\n\n\n<p>\u201cLa designaci\u00f3n es legal, es leg\u00edtima y estamos seguros de que es ben\u00e9fica para el Estado de Veracruz\u201d, concluy\u00f3.<\/p>\n\n\n\n<p>Votaron en contra los diputados Enrique Cambranis (PAN), Indira Rosales San Rom\u00e1n (PAN), Elena C\u00f3rdova (MC), Ana Rosa Valdez (PRI) y H\u00e9ctor Yunes Landa (PRI). Se abstuvieron de votar los panistas Fernando Yunes M\u00e1rquez y Luz Alicia Delf\u00edn.<\/p>\n","protected":false},"excerpt":{"rendered":"<p>Isabel Ortega Con el respaldo de 40 diputados de las bancadas de Morena, PVEM, PT y el emecista Adri\u00e1n \u00c1vila del Congreso de Veracruz se nombr\u00f3 a Lisbeth Aurelia Jim\u00e9nez Aguirre como nueva fiscal general del Estado por un periodo de cuatro a\u00f1os, de acuerdo con las recientes reformas constitucionales. La designaci\u00f3n se vot\u00f3 en [&hellip;]<\/p>\n","protected":false},"author":2,"featured_media":158112,"comment_status":"closed","ping_status":"closed","sticky":false,"template":"","format":"standard","meta":{"_jetpack_newsletter_access":"","_jetpack_dont_email_post_to_subs":false,"_jetpack_newsletter_tier_id":0,"_jetpack_memberships_contains_paywalled_content":false,"_jetpack_memberships_contains_paid_content":false,"footnotes":""},"categories":[6446],"tags":[],"class_list":["post-158110","post","type-post","status-publish","format-standard","has-post-thumbnail","hentry","category-la-nota"],"jetpack_featured_media_url":"https:\/\/lospoliticosveracruz.com.mx\/wp-content\/uploads\/2025\/12\/IMG_5581.jpeg","jetpack_sharing_enabled":true,"jetpack_shortlink":"https:\/\/wp.me\/p4Qcd3-F8a","_links":{"self":[{"href":"https:\/\/lospoliticosveracruz.com.mx\/index.php?rest_route=\/wp\/v2\/posts\/158110","targetHints":{"allow":["GET"]}}],"collection":[{"href":"https:\/\/lospoliticosveracruz.com.mx\/index.php?rest_route=\/wp\/v2\/posts"}],"about":[{"href":"https:\/\/lospoliticosveracruz.com.mx\/index.php?rest_route=\/wp\/v2\/types\/post"}],"author":[{"embeddable":true,"href":"https:\/\/lospoliticosveracruz.com.mx\/index.php?rest_route=\/wp\/v2\/users\/2"}],"replies":[{"embeddable":true,"href":"https:\/\/lospoliticosveracruz.com.mx\/index.php?rest_route=%2Fwp%2Fv2%2Fcomments&post=158110"}],"version-history":[{"count":2,"href":"https:\/\/lospoliticosveracruz.com.mx\/index.php?rest_route=\/wp\/v2\/posts\/158110\/revisions"}],"predecessor-version":[{"id":158114,"href":"https:\/\/lospoliticosveracruz.com.mx\/index.php?rest_route=\/wp\/v2\/posts\/158110\/revisions\/158114"}],"wp:featuredmedia":[{"embeddable":true,"href":"https:\/\/lospoliticosveracruz.com.mx\/index.php?rest_route=\/wp\/v2\/media\/158112"}],"wp:attachment":[{"href":"https:\/\/lospoliticosveracruz.com.mx\/index.php?rest_route=%2Fwp%2Fv2%2Fmedia&parent=158110"}],"wp:term":[{"taxonomy":"category","embeddable":true,"href":"https:\/\/lospoliticosveracruz.com.mx\/index.php?rest_route=%2Fwp%2Fv2%2Fcategories&post=158110"},{"taxonomy":"post_tag","embeddable":true,"href":"https:\/\/lospoliticosveracruz.com.mx\/index.php?rest_route=%2Fwp%2Fv2%2Ftags&post=158110"}],"curies":[{"name":"wp","href":"https:\/\/api.w.org\/{rel}","templated":true}]}}