{"id":158119,"date":"2025-12-08T22:04:40","date_gmt":"2025-12-09T04:04:40","guid":{"rendered":"https:\/\/lospoliticosveracruz.com.mx\/?p=158119"},"modified":"2025-12-08T22:04:58","modified_gmt":"2025-12-09T04:04:58","slug":"ya-es-yeya","status":"publish","type":"post","link":"https:\/\/lospoliticosveracruz.com.mx\/?p=158119","title":{"rendered":"YA ES YEYA!"},"content":{"rendered":"\n<p>S\u00edguenos ahora tambi\u00e9n en WhatsApp.\u00a0\u00a1<a href=\"https:\/\/whatsapp.com\/channel\/0029Va8zRWlEKyZIP3Z1dF0e\"><strong>Da clic aqu\u00ed<\/strong><\/a><strong>!<\/strong><\/p>\n\n\n\n<p>Con 40 votos a favor y a propuesta de la <strong>gobernadora de Veracruz, Roc\u00edo Nahle Garc\u00eda<\/strong>, el <strong>Pleno de la LXVII Legislatura del estado<\/strong> design\u00f3 a la ciudadana <strong>Lisbeth Aurelia Jim\u00e9nez Aguirre<\/strong> titular de la <strong>Fiscal\u00eda General del Estado (FGE)<\/strong>, en uso de las facultades conferidas a la mandataria estatal en la fracci\u00f3n XXIII del Art\u00edculo 49 y fracci\u00f3n I, inciso C), del Art\u00edculo 67, ambos de la <strong>Constituci\u00f3n Pol\u00edtica de Veracruz<\/strong>.<\/p>\n\n\n\n<figure class=\"wp-block-image size-full\"><a href=\" https:\/\/legisver.gob.mx\/Inicio.php?p=sliderInfoNP&amp;i=8785682\"><img loading=\"lazy\" decoding=\"async\" width=\"728\" height=\"90\" src=\"https:\/\/lospoliticosveracruz.com.mx\/wp-content\/uploads\/2025\/10\/Legis-Cintillo.png\" alt=\"\" class=\"wp-image-155724\" srcset=\"https:\/\/lospoliticosveracruz.com.mx\/wp-content\/uploads\/2025\/10\/Legis-Cintillo.png 728w, https:\/\/lospoliticosveracruz.com.mx\/wp-content\/uploads\/2025\/10\/Legis-Cintillo-300x37.png 300w\" sizes=\"auto, (max-width: 728px) 100vw, 728px\" \/><\/a><\/figure>\n\n\n\n<p>En el inicio de la Decimoquinta Sesi\u00f3n Ordinaria y a solicitud de la presidenta de la <strong>Mesa Directiva<\/strong>, diputada <strong>Naomi Edith G\u00f3mez Santos<\/strong>, el legislador <strong>Alejandro Porras Mar\u00edn<\/strong> dio lectura al oficio en el que la gobernadora refiere la renuncia de la ciudadana <strong>Ver\u00f3nica Hern\u00e1ndez Giad\u00e1ns<\/strong> al cargo de <strong>Fiscal General<\/strong>. Por consiguiente y con base en las atribuciones constitucionales, la <strong>titular del Ejecutivo<\/strong> propuso a la ciudadana <strong>Lisbeth Aurelia Jim\u00e9nez Aguirre<\/strong>, toda vez que cumple con los requisitos exigidos por la ley.<\/p>\n\n\n\n<p>Acto seguido y tras un receso, la <strong>Junta de Coordinaci\u00f3n Pol\u00edtica (Jucopo)<\/strong>, presidida por el diputado <strong>Esteban Bautista Hern\u00e1ndez<\/strong>, present\u00f3 al Pleno el Acuerdo por el que valida la solicitud de la gobernadora y este <strong>Congreso<\/strong> nombra a <strong>Lisbeth Aurelia Jim\u00e9nez Aguirre<\/strong> titular del organismo aut\u00f3nomo encargado de la procuraci\u00f3n de justicia.<\/p>\n\n\n\n<p>El Acuerdo de la <strong>Jucopo<\/strong> expone que la ciudadana <strong>Lisbeth Aurelia Jim\u00e9nez Aguirre<\/strong> cuenta con una trayectoria de 29 a\u00f1os en el \u00e1mbito jurisdiccional en materia penal, tanto en el procedimiento penal ordinario como en el juicio acusatorio adversarial.<\/p>\n\n\n\n<p>Se\u00f1ala que la citada ciudadana re\u00fane las cualidades necesarias para desempe\u00f1ar con total aptitud el cargo de titular de la <strong>FGE<\/strong>, dado que su perfil combina conocimiento t\u00e9cnico-jur\u00eddico, capacidad de gesti\u00f3n y visi\u00f3n de justicia con sentido social, cualidades para fortalecer la procuraci\u00f3n de justicia, proteger los derechos humanos y combatir la violencia, la corrupci\u00f3n e impunidad en la entidad.<\/p>\n\n\n\n<p>Tras su valoraci\u00f3n y con la apertura del tablero electr\u00f3nico, el Pleno procedi\u00f3 a la votaci\u00f3n, que dio como resultado 40 votos a favor, cinco en contra y dos abstenciones. Posteriormente y dado que es facultad del <strong>Congreso<\/strong>, la presidenta de la <strong>Mesa Directiva<\/strong>, diputada <strong>Naomi Edith G\u00f3mez Santos<\/strong> le tom\u00f3 la protesta de ley a la ciudadana <strong>Lisbeth Aurelia Jim\u00e9nez Aguirre<\/strong> como nueva titular de la <strong>FGE<\/strong>.<\/p>\n\n\n\n<p><strong>Intervenciones de fuerzas pol\u00edticas<\/strong><\/p>\n\n\n\n<p>En el debate de este nombramiento y en representaci\u00f3n del <strong>Grupo Legislativo de Morena<\/strong>, el diputado <strong>Paul Mart\u00ednez Marie<\/strong> adelant\u00f3 su respaldo a la designaci\u00f3n de <strong>Jim\u00e9nez Aguirre<\/strong> como <strong>Fiscal General<\/strong>, \u201cporque confiamos en que llevar\u00e1 a la realidad una gesti\u00f3n honesta y cercana al pueblo; donde la justicia no sea un privilegio de unos cuantos, sino un derecho accesible para todos\u201d.<\/p>\n\n\n\n<p>Agreg\u00f3 que, de esta manera, se responde al mandato popular de construir instituciones s\u00f3lidas, capaces de enfrentar los desaf\u00edos de la inseguridad y la desigualdad. \u201cAl votar a favor, reafirmamos nuestro compromiso con la soberan\u00eda popular y la vigilancia democr\u00e1tica, asegurando que el poder p\u00fablico sirva al inter\u00e9s colectivo y no a agendas particulares\u201d, expres\u00f3.<\/p>\n\n\n\n<p>El coordinador del <strong>Grupo Legislativo del Partido Verde Ecologista de M\u00e9xico (PVEM)<\/strong>, diputado <strong>Carlos Marcelo Ruiz S\u00e1nchez<\/strong>, inform\u00f3 el voto a favor, al considerar que se nombra a una persona que cumple con los requisitos para ocupar el cargo y que conoce ampliamente el sistema de justicia. \u201cSe respeta el estado de Derecho y se privilegia los resultados, estamos seguros de que ser\u00e1 ben\u00e9fico para la justicia de veracruzana\u201d, dijo.<\/p>\n\n\n\n<p>La diputada <strong>Indira de Jes\u00fas Rosales San Rom\u00e1n<\/strong> indic\u00f3 que el <strong>Grupo Legislativo del Partido Acci\u00f3n Nacional (PAN)<\/strong> ser\u00e1 vigilante del trabajo que realice el organismo aut\u00f3nomo y se pronunci\u00f3 por la coordinaci\u00f3n interinstitucional con el <strong>Poder Ejecutivo<\/strong> para dar resultados positivos a las y los veracruzanos. El diputado <strong>Fernando Yunes M\u00e1rquez<\/strong>, de la misma bancada, asever\u00f3 que este nombramiento se da bajo un nuevo marco jur\u00eddico y que la propuesta es de una persona con experiencia en la materia.<\/p>\n\n\n\n<p>Del <strong>Grupo Legislativo Mixto Veracruz Nos Une (VNU)<\/strong>, el diputado <strong>H\u00e9ctor Yunes Landa<\/strong> advirti\u00f3 las implicaciones de la renovaci\u00f3n de este cargo y habl\u00f3 del procedimiento y del perfil de la nueva fiscal. Dijo coincidir en la urgente necesidad del cambio de titular de la <strong>FGE<\/strong>. Hizo un recuento de la procuraci\u00f3n de justicia en Veracruz y enfatiz\u00f3 las exigencias del encargo ante los retos actuales.<\/p>\n\n\n\n<p>Por el <strong>Partido del Trabajo (PT)<\/strong>, la diputada <strong>Elizabeth Morales Garc\u00eda<\/strong> subray\u00f3 que Veracruz necesita una fiscal\u00eda profesional, cercana a la gente, eficaz y capaz de enfrentar con firme los delitos que lastiman a la sociedad. Dijo confiar en que la nueva fiscal \u201csabr\u00e1 asumir este encargo con responsabilidad y con el compromiso que siempre ha mostrado a lo largo de su carrera. Su experiencia, formaci\u00f3n jur\u00eddica y conocimiento profundo del sistema de justicia son fortalezas que pueden servir enormemente al estado\u201d.<\/p>\n\n\n\n<p>La diputada <strong>Mar\u00eda Elena C\u00f3rdova Molina<\/strong>, de <strong>Movimiento Ciudadano (MC)<\/strong>, centr\u00f3 su posicionamiento en la importancia y necesidad de la autonom\u00eda de las instituciones que, extern\u00f3, deben generar confianza en la sociedad. Record\u00f3 y mencion\u00f3 a las familias que esperan y reclaman justicia y manifest\u00f3 su inquietud ante las expectativas que genera el relevo en el cargo.<\/p>\n\n\n\n<p><strong>Breve semblanza<\/strong><\/p>\n\n\n\n<p><strong>Lisbeth Aurelia Jim\u00e9nez Aguirre<\/strong> es una profesionista con amplia trayectoria en el campo del Derecho Penal que se ha desarrollado en la administraci\u00f3n de justicia.<\/p>\n\n\n\n<p>Es licenciada en Derecho por la <strong>Universidad Veracruzana (UV)<\/strong>, maestra en Ciencias Penales por la <strong>Universidad Villa Rica<\/strong> y doctora en Ciencias Penales por el <strong>Centro Veracruzano de Investigaci\u00f3n y Posgrados<\/strong>.<\/p>\n\n\n\n<p>En su experiencia profesional destacan: jueza de Control y Enjuiciamiento en el S\u00e9ptimo Distrito Judicial con cabecera en Poza Rica y magistrada del <strong>Poder Judicial del estado<\/strong>, adscrita a la <strong>Primera Sala Penal<\/strong> del <strong>Tribunal<\/strong>.<\/p>\n\n\n\n<p>Fungi\u00f3 como presidenta del <strong>Tribunal Superior de Justicia<\/strong> y del <strong>Consejo de la Judicatura del estado<\/strong>, concluyendo su mandato en agosto de 2025, y fue electa magistrada por voto popular, adscrita a la <strong>Sala Auxiliar Transitoria<\/strong> en materia penal.<\/p>\n","protected":false},"excerpt":{"rendered":"<p>Con 40 votos a favor y a propuesta de la gobernadora de Veracruz, Roc\u00edo Nahle Garc\u00eda, el Pleno de la LXVII Legislatura del estado design\u00f3 a la ciudadana Lisbeth Aurelia Jim\u00e9nez Aguirre titular de la Fiscal\u00eda General del Estado (FGE), en uso de las facultades conferidas a la mandataria estatal en la fracci\u00f3n XXIII del [&hellip;]<\/p>\n","protected":false},"author":2,"featured_media":158120,"comment_status":"closed","ping_status":"closed","sticky":false,"template":"","format":"standard","meta":{"_jetpack_newsletter_access":"","_jetpack_dont_email_post_to_subs":false,"_jetpack_newsletter_tier_id":0,"_jetpack_memberships_contains_paywalled_content":false,"_jetpack_memberships_contains_paid_content":false,"footnotes":""},"categories":[43718],"tags":[36463],"class_list":["post-158119","post","type-post","status-publish","format-standard","has-post-thumbnail","hentry","category-elpalaciodeencanto","tag-lisbeth-aurelia-jimenez-aguirre"],"jetpack_featured_media_url":"https:\/\/lospoliticosveracruz.com.mx\/wp-content\/uploads\/2025\/12\/Lisbeth-Aurelia-Jimenez-Aguirre.jpeg","jetpack_sharing_enabled":true,"jetpack_shortlink":"https:\/\/wp.me\/p4Qcd3-F8j","_links":{"self":[{"href":"https:\/\/lospoliticosveracruz.com.mx\/index.php?rest_route=\/wp\/v2\/posts\/158119","targetHints":{"allow":["GET"]}}],"collection":[{"href":"https:\/\/lospoliticosveracruz.com.mx\/index.php?rest_route=\/wp\/v2\/posts"}],"about":[{"href":"https:\/\/lospoliticosveracruz.com.mx\/index.php?rest_route=\/wp\/v2\/types\/post"}],"author":[{"embeddable":true,"href":"https:\/\/lospoliticosveracruz.com.mx\/index.php?rest_route=\/wp\/v2\/users\/2"}],"replies":[{"embeddable":true,"href":"https:\/\/lospoliticosveracruz.com.mx\/index.php?rest_route=%2Fwp%2Fv2%2Fcomments&post=158119"}],"version-history":[{"count":1,"href":"https:\/\/lospoliticosveracruz.com.mx\/index.php?rest_route=\/wp\/v2\/posts\/158119\/revisions"}],"predecessor-version":[{"id":158121,"href":"https:\/\/lospoliticosveracruz.com.mx\/index.php?rest_route=\/wp\/v2\/posts\/158119\/revisions\/158121"}],"wp:featuredmedia":[{"embeddable":true,"href":"https:\/\/lospoliticosveracruz.com.mx\/index.php?rest_route=\/wp\/v2\/media\/158120"}],"wp:attachment":[{"href":"https:\/\/lospoliticosveracruz.com.mx\/index.php?rest_route=%2Fwp%2Fv2%2Fmedia&parent=158119"}],"wp:term":[{"taxonomy":"category","embeddable":true,"href":"https:\/\/lospoliticosveracruz.com.mx\/index.php?rest_route=%2Fwp%2Fv2%2Fcategories&post=158119"},{"taxonomy":"post_tag","embeddable":true,"href":"https:\/\/lospoliticosveracruz.com.mx\/index.php?rest_route=%2Fwp%2Fv2%2Ftags&post=158119"}],"curies":[{"name":"wp","href":"https:\/\/api.w.org\/{rel}","templated":true}]}}