{"id":158142,"date":"2025-12-09T12:03:41","date_gmt":"2025-12-09T18:03:41","guid":{"rendered":"https:\/\/lospoliticosveracruz.com.mx\/?p=158142"},"modified":"2025-12-09T12:03:59","modified_gmt":"2025-12-09T18:03:59","slug":"raul-peimbert-el-mejor","status":"publish","type":"post","link":"https:\/\/lospoliticosveracruz.com.mx\/?p=158142","title":{"rendered":"RA\u00daL PEIMBERT, EL MEJOR"},"content":{"rendered":"\n<p>S\u00edguenos ahora tambi\u00e9n en WhatsApp.\u00a0\u00a1<a href=\"https:\/\/whatsapp.com\/channel\/0029Va8zRWlEKyZIP3Z1dF0e\"><strong>Da clic aqu\u00ed<\/strong><\/a><strong>!<\/strong><\/p>\n\n\n\n<p><strong>Sergio Gonz\u00e1lez Levet<\/strong><\/p>\n\n\n\n<p><em>Sin tacto<br><\/em><\/p>\n\n\n\n<p>Eso de la Medalla Ruiz Cortines que otorg\u00f3 la Legislatura este a\u00f1o se me hace como si el Instituto Veracruzano del Deporte hubiera decidido dar un premio al mejor futbolista y hubiera integrado una terna con la campeona goleadora del torneo de barrios de Coatepec, con el portero imbatible del equipo Venados de Catemaco de la liga regional de Los Tuxtlas y con Leonel Messi. \u00a1Y que hubiera ganado la portera por encima del mejor jugador del mundo!<\/p>\n\n\n\n<figure class=\"wp-block-image size-full\"><a href=\" https:\/\/legisver.gob.mx\/Inicio.php?p=sliderInfoNP&amp;i=8785682\"><img loading=\"lazy\" decoding=\"async\" width=\"728\" height=\"90\" src=\"https:\/\/lospoliticosveracruz.com.mx\/wp-content\/uploads\/2025\/10\/Legis-Cintillo.png\" alt=\"\" class=\"wp-image-155724\" srcset=\"https:\/\/lospoliticosveracruz.com.mx\/wp-content\/uploads\/2025\/10\/Legis-Cintillo.png 728w, https:\/\/lospoliticosveracruz.com.mx\/wp-content\/uploads\/2025\/10\/Legis-Cintillo-300x37.png 300w\" sizes=\"auto, (max-width: 728px) 100vw, 728px\" \/><\/a><\/figure>\n\n\n\n<pre class=\"wp-block-code\"><code> La comisi\u00f3n de diputados locales que examina el otorgamiento de la Medalla Ruiz Cortines a un veracruzano ilustre -mujer u hombre- cometi\u00f3 una pifia al integrar en la terna a un periodista que ha llevado el nombre de nuestro estado a los m\u00e1s altos niveles dentro de la comunicaci\u00f3n hispana, junto a dos personas distinguidas y respetables, es cierto, pero de ninguna manera con el nivel internacional de Ra\u00fal Peimbert.\n\n D\u00edgalo si no el hecho de que a lo largo de su apreciable carrera el maestro Peimbert ha sido merecedor de 35 Grammys, en un r\u00e9cord que no tiene ning\u00fan otro comunicador latino, y mire usted que hay muchos de gran calibre trabajando en las cadenas hispanas del pa\u00eds del norte.\n\n La Medalla fue concedida ayer a Mar\u00eda Luisa Bandala Pantoja, \u201cpor su trayectoria enfocada en promover la inclusi\u00f3n, la accesibilidad y el deporte adaptado y su experiencia, liderazgo y compromiso social\u201d, seg\u00fan dio a conocer la comisi\u00f3n correspondiente del Congreso local, integrada por Bertha Ahued Malpica, presidenta; Urbano Bautista Mart\u00ednez, secretario, y Felipe Pineda Barradas, Indira de Jes\u00fas Rosales San Rom\u00e1n, Montserrat Ortega Ruiz, Elizabeth Morales Garc\u00eda y Adri\u00e1n Sigfrido \u00c1vila Estrada.\n\n Ra\u00fal es una persona que deslumbra por su sencillez y su madura comprensi\u00f3n del \u00e9xito, y nos hizo saber a los compa\u00f1eros del Grupo de los Diez que aunque no conoce a fondo la carrera de Mar\u00eda Luisa, s\u00ed reconoce por lo que sabe que es una persona que merece ampliamente el reconocimiento por el trabajo que ha hecho en bien del deporte veracruzano y en especial de las personas con discapacidad.\n\n Que quede claro, los colegas que mostramos descontento en este asunto no nos oponemos de ninguna manera a que le hayan otorgado la Medalla a quien la merece con toda la justicia del mundo. Para Mar\u00eda Luisa, nuestro respeto y reconocimiento; nuestro aplauso por su trabajo enaltecedor.\n\n Lo que se nos hace de muy mal gusto es que hubieran integrado en la terna a un veracruzano que ha elevado el nombre de nuestro estado en el mercado norteamericano de la comunicaci\u00f3n, que es el m\u00e1s grande y competido del mundo.\n\n Es un asunto de delicadeza no utilizar el nombre distinguido de un distinguido veracruzano solamente como relleno de una lista en la que no iba a ocupar el lugar que se ha ganado con d\u00e9cadas de una trayectoria tan limpia como exitosa.\n\n Pero ya sabemos que la cordura y la urbanidad no son elementos que distingan a ciertos integrantes del morenismo en Veracruz.<\/code><\/pre>\n\n\n\n<p>sglevet@gmail.com<\/p>\n","protected":false},"excerpt":{"rendered":"<p>Sergio Gonz\u00e1lez Levet Sin tacto Eso de la Medalla Ruiz Cortines que otorg\u00f3 la Legislatura este a\u00f1o se me hace como si el Instituto Veracruzano del Deporte hubiera decidido dar un premio al mejor futbolista y hubiera integrado una terna con la campeona goleadora del torneo de barrios de Coatepec, con el portero imbatible del [&hellip;]<\/p>\n","protected":false},"author":2,"featured_media":141432,"comment_status":"closed","ping_status":"closed","sticky":false,"template":"","format":"standard","meta":{"_jetpack_newsletter_access":"","_jetpack_dont_email_post_to_subs":false,"_jetpack_newsletter_tier_id":0,"_jetpack_memberships_contains_paywalled_content":false,"_jetpack_memberships_contains_paid_content":false,"footnotes":""},"categories":[70],"tags":[1282],"class_list":["post-158142","post","type-post","status-publish","format-standard","has-post-thumbnail","hentry","category-de-opinion","tag-sergio-gonzalez-levet"],"jetpack_featured_media_url":"https:\/\/lospoliticosveracruz.com.mx\/wp-content\/uploads\/2025\/04\/Levet.jpg","jetpack_sharing_enabled":true,"jetpack_shortlink":"https:\/\/wp.me\/p4Qcd3-F8G","_links":{"self":[{"href":"https:\/\/lospoliticosveracruz.com.mx\/index.php?rest_route=\/wp\/v2\/posts\/158142","targetHints":{"allow":["GET"]}}],"collection":[{"href":"https:\/\/lospoliticosveracruz.com.mx\/index.php?rest_route=\/wp\/v2\/posts"}],"about":[{"href":"https:\/\/lospoliticosveracruz.com.mx\/index.php?rest_route=\/wp\/v2\/types\/post"}],"author":[{"embeddable":true,"href":"https:\/\/lospoliticosveracruz.com.mx\/index.php?rest_route=\/wp\/v2\/users\/2"}],"replies":[{"embeddable":true,"href":"https:\/\/lospoliticosveracruz.com.mx\/index.php?rest_route=%2Fwp%2Fv2%2Fcomments&post=158142"}],"version-history":[{"count":1,"href":"https:\/\/lospoliticosveracruz.com.mx\/index.php?rest_route=\/wp\/v2\/posts\/158142\/revisions"}],"predecessor-version":[{"id":158143,"href":"https:\/\/lospoliticosveracruz.com.mx\/index.php?rest_route=\/wp\/v2\/posts\/158142\/revisions\/158143"}],"wp:featuredmedia":[{"embeddable":true,"href":"https:\/\/lospoliticosveracruz.com.mx\/index.php?rest_route=\/wp\/v2\/media\/141432"}],"wp:attachment":[{"href":"https:\/\/lospoliticosveracruz.com.mx\/index.php?rest_route=%2Fwp%2Fv2%2Fmedia&parent=158142"}],"wp:term":[{"taxonomy":"category","embeddable":true,"href":"https:\/\/lospoliticosveracruz.com.mx\/index.php?rest_route=%2Fwp%2Fv2%2Fcategories&post=158142"},{"taxonomy":"post_tag","embeddable":true,"href":"https:\/\/lospoliticosveracruz.com.mx\/index.php?rest_route=%2Fwp%2Fv2%2Ftags&post=158142"}],"curies":[{"name":"wp","href":"https:\/\/api.w.org\/{rel}","templated":true}]}}