{"id":15828,"date":"2015-04-20T21:13:21","date_gmt":"2015-04-21T02:13:21","guid":{"rendered":"http:\/\/www.lospoliticosveracruz.com.mx\/?p=15828"},"modified":"2015-04-20T21:13:49","modified_gmt":"2015-04-21T02:13:49","slug":"deuda-irresponsable","status":"publish","type":"post","link":"https:\/\/lospoliticosveracruz.com.mx\/?p=15828","title":{"rendered":"Deuda irresponsable"},"content":{"rendered":"<p><a href=\"http:\/\/www.lospoliticosveracruz.com.mx\/wp-content\/uploads\/2015\/04\/dinero-deuda.jpg\"><img loading=\"lazy\" decoding=\"async\" class=\"alignnone size-medium wp-image-15645\" src=\"http:\/\/www.lospoliticosveracruz.com.mx\/wp-content\/uploads\/2015\/04\/dinero-deuda-300x156.jpg\" alt=\"dinero deuda\" width=\"300\" height=\"156\" \/><\/a><\/p>\n<p><strong>Luis Alberto Romero<\/strong><\/p>\n<p><em>Hora Cero<\/em><\/p>\n<p>Al comenzar la segunda quincena de febrero, el Senado de la Rep\u00fablica aprob\u00f3 la reforma en materia de disciplina financiera y responsabilidad hacendaria, que busca regular la contrataci\u00f3n de la deuda p\u00fablica de estados y municipios.<\/p>\n<p>18 congresos locales ya votaron ya a favor de esas reformas, que otorgan m\u00e1s atribuciones a la Auditor\u00eda Superior de la Federaci\u00f3n.<\/p>\n<p>A partir de esas modificaciones se proh\u00edbe a estados y municipios contratar deuda para cubrir el gasto corriente; s\u00f3lo se podr\u00e1n endeudar con el fin de canalizar recursos a las inversiones p\u00fablicas productivas.<\/p>\n<p>El tema fue puesto sobre la mesa por el gobierno federal, a trav\u00e9s de la Secretar\u00eda de Hacienda y Cr\u00e9dito P\u00fablico desde junio de 2013, debido a que los niveles de la deuda de las entidades federativas resultaban alarmantes: en los \u00faltimos diez a\u00f1os, pas\u00f3 de 135 mil millones de pesos a 509 mil 690 millones.<\/p>\n<p>Los m\u00e1s endeudados son Distrito Federal, Nuevo Le\u00f3n, Chihuahua y Veracruz, entidad cuyos compromisos financieros superan los 41 mil millones de pesos, de acuerdo con datos de la Secretar\u00eda de Hacienda y Cr\u00e9dito P\u00fablico, asentados en el Registro de Obligaciones y Empr\u00e9stitos de Entidades Federativas y Municipios. La deuda veracruzana equivale al 76.9 por ciento de las participaciones federales.<\/p>\n<p>Entrevistado sobre el tema de la regulaci\u00f3n de la deuda para Radio Capital, el senador veracruzano Jos\u00e9 Francisco Yunes Zorrilla dijo que una vez que m\u00e1s de la mitad de los congresos locales aprobaron la ley de disciplina financiera, s\u00f3lo falta la promulgaci\u00f3n de \u00e9sta por parte del presidente de la Rep\u00fablica.<\/p>\n<p>Es una reforma, dijo, que busca evitar el quebranto en las finanzas p\u00fablicas porque la deuda de estados y municipios ha crecido de forma preocupante durante la \u00faltima d\u00e9cada.<\/p>\n<p>Por ello es necesario un sistema de disciplina que obligue a los gobiernos a actuar con responsabilidad; y a quienes contraten deudas, hacerlo en las mejores condiciones de mercado, \u201cporque ah\u00ed existe una ventana para la corrupci\u00f3n\u2026\u201d<\/p>\n<p>El senador fue enf\u00e1tico al apuntar lo que establece la Secretar\u00eda de Hacienda en su portal electr\u00f3nico, un aumento exponencial que compromete las finanzas estatales, al pasar, de 21 mil 499 millones en 2010, a m\u00e1s de 41 mil millones de pesos en 2014.<\/p>\n<p>El problema es que esos niveles de la deuda veracruzana no corresponden de ninguna manera a una mayor inversi\u00f3n p\u00fablica productiva porque en ese rengl\u00f3n, la entidad enfrenta un enorme rezago: no hay obra p\u00fablica; las v\u00edas de comunicaci\u00f3n est\u00e1n abandonadas; el sector agropecuario, desprotegido; y tambi\u00e9n hay deficiencias en infraestructura educativa y de salud. @luisromero85<\/p>\n","protected":false},"excerpt":{"rendered":"<p>Luis Alberto Romero Hora Cero Al comenzar la segunda quincena de febrero, el Senado de la Rep\u00fablica aprob\u00f3 la reforma en materia de disciplina financiera y responsabilidad hacendaria, que busca regular la contrataci\u00f3n de la deuda p\u00fablica de estados y municipios. 18 congresos locales ya votaron ya a favor de esas reformas, que otorgan m\u00e1s [&hellip;]<\/p>\n","protected":false},"author":2,"featured_media":0,"comment_status":"open","ping_status":"open","sticky":false,"template":"","format":"standard","meta":{"_jetpack_newsletter_access":"","_jetpack_dont_email_post_to_subs":false,"_jetpack_newsletter_tier_id":0,"_jetpack_memberships_contains_paywalled_content":false,"_jetpack_memberships_contains_paid_content":false,"footnotes":""},"categories":[70],"tags":[2486,2485,1846,1110,1315],"class_list":["post-15828","post","type-post","status-publish","format-standard","hentry","category-de-opinion","tag-deuda-veracruz","tag-disciplina-financiera-y-responsabilidad-hacendaria","tag-jose-francisco-yunes-zorrilla","tag-secretaria-de-hacienda","tag-senado-de-la-republica"],"jetpack_featured_media_url":"","jetpack_sharing_enabled":true,"jetpack_shortlink":"https:\/\/wp.me\/p4Qcd3-47i","_links":{"self":[{"href":"https:\/\/lospoliticosveracruz.com.mx\/index.php?rest_route=\/wp\/v2\/posts\/15828","targetHints":{"allow":["GET"]}}],"collection":[{"href":"https:\/\/lospoliticosveracruz.com.mx\/index.php?rest_route=\/wp\/v2\/posts"}],"about":[{"href":"https:\/\/lospoliticosveracruz.com.mx\/index.php?rest_route=\/wp\/v2\/types\/post"}],"author":[{"embeddable":true,"href":"https:\/\/lospoliticosveracruz.com.mx\/index.php?rest_route=\/wp\/v2\/users\/2"}],"replies":[{"embeddable":true,"href":"https:\/\/lospoliticosveracruz.com.mx\/index.php?rest_route=%2Fwp%2Fv2%2Fcomments&post=15828"}],"version-history":[{"count":1,"href":"https:\/\/lospoliticosveracruz.com.mx\/index.php?rest_route=\/wp\/v2\/posts\/15828\/revisions"}],"predecessor-version":[{"id":15829,"href":"https:\/\/lospoliticosveracruz.com.mx\/index.php?rest_route=\/wp\/v2\/posts\/15828\/revisions\/15829"}],"wp:attachment":[{"href":"https:\/\/lospoliticosveracruz.com.mx\/index.php?rest_route=%2Fwp%2Fv2%2Fmedia&parent=15828"}],"wp:term":[{"taxonomy":"category","embeddable":true,"href":"https:\/\/lospoliticosveracruz.com.mx\/index.php?rest_route=%2Fwp%2Fv2%2Fcategories&post=15828"},{"taxonomy":"post_tag","embeddable":true,"href":"https:\/\/lospoliticosveracruz.com.mx\/index.php?rest_route=%2Fwp%2Fv2%2Ftags&post=15828"}],"curies":[{"name":"wp","href":"https:\/\/api.w.org\/{rel}","templated":true}]}}