{"id":158321,"date":"2025-12-11T19:55:28","date_gmt":"2025-12-12T01:55:28","guid":{"rendered":"https:\/\/lospoliticosveracruz.com.mx\/?p=158321"},"modified":"2025-12-11T19:55:59","modified_gmt":"2025-12-12T01:55:59","slug":"maria-corina-machado","status":"publish","type":"post","link":"https:\/\/lospoliticosveracruz.com.mx\/?p=158321","title":{"rendered":"MAR\u00cdA CORINA MACHADO"},"content":{"rendered":"\n<p><strong>Carlos Miguel Acosta Bravo*<\/strong><\/p>\n\n\n\n<p><em>Impronta<\/em><\/p>\n\n\n\n<p>Mar\u00eda Corina Machado, galardonada el 10 de diciembre 2025, (Nobel Paz 2025) reivindic\u00f3 la lucha pac\u00edfica por la democracia en Venezuela (\u00absi queremos democracia, debemos luchar por libertad\u00bb), homenajeando a perseguidos y alertando contra reg\u00edmenes que capturan poderes judiciales\/electorales para perpetuarse, impl\u00edcitamente criticando modelos como la 4T al exaltar regreso a \u00abestado de derecho\u00bb v\u00eda sociedad civil. Varios puntos de su discurso, tienen relaci\u00f3n con el momento que estamos viviendo los mexicanos:<\/p>\n\n\n\n<figure class=\"wp-block-image size-full\"><a href=\" https:\/\/legisver.gob.mx\/Inicio.php?p=sliderInfoNP&amp;i=8785682\"><img loading=\"lazy\" decoding=\"async\" width=\"728\" height=\"90\" src=\"https:\/\/lospoliticosveracruz.com.mx\/wp-content\/uploads\/2025\/10\/Legis-Cintillo.png\" alt=\"\" class=\"wp-image-155724\" srcset=\"https:\/\/lospoliticosveracruz.com.mx\/wp-content\/uploads\/2025\/10\/Legis-Cintillo.png 728w, https:\/\/lospoliticosveracruz.com.mx\/wp-content\/uploads\/2025\/10\/Legis-Cintillo-300x37.png 300w\" sizes=\"auto, (max-width: 728px) 100vw, 728px\" \/><\/a><\/figure>\n\n\n\n<p>\u201cCuando comprendimos cu\u00e1n fr\u00e1giles se hab\u00edan vuelto nuestras instituciones, ya era tarde. El cabecilla de un golpe militar contra la democracia fue elegido presidente, y muchos pensaron que el carisma pod\u00eda sustituir el Estado de derecho\u201d. Aqu\u00ed es representado por el l\u00edder tabasque\u00f1o, hoy jubilado.<\/p>\n\n\n\n<p>\u201cDesde 1999, el r\u00e9gimen se dedic\u00f3 a desmantelar nuestra democracia: viol\u00f3 la Constituci\u00f3n, falsific\u00f3 nuestra historia, corrompi\u00f3 a las Fuerzas Armadas, purg\u00f3 a los jueces independientes, censur\u00f3 a la prensa, manipul\u00f3 las elecciones, persigui\u00f3 la disidencia y devast\u00f3 nuestra biodiversidad\u201d, ah\u00ed est\u00e1n los jugosos negocios como l\u00edneas a\u00e9reas o el tren maya que hoy operan con total libertad.<\/p>\n\n\n\n<p>\u201cLa riqueza petrolera no se us\u00f3 para liberar, sino para someter. Se repartieron lavadoras y neveras en televisi\u00f3n nacional a familias que viv\u00edan sobre pisos de tierra, no como s\u00edmbolo de progreso, sino como espect\u00e1culo. Apartamentos destinados a la vivienda social se entregaban a unos pocos como recompensa condicionada a la obediencia\u201d, aca han sido sustituidos por los programas sociales, en los que con base en datos de la SHCP y del INEGI hay alrededor de 35 millones de mexicanos beneficiados.<\/p>\n\n\n\n<p>\u201cY entonces lleg\u00f3 la ruina: una corrupci\u00f3n obscena, un saqueo hist\u00f3rico. Durante los a\u00f1os del r\u00e9gimen, Venezuela recibi\u00f3 m\u00e1s ingresos petroleros que en todo el siglo anterior. Nos lo arrebataron todo\u201d. En M\u00e9xico la rendici\u00f3n de cuentas al desaparecer el INAI, el yo tengo otros datos forman parte del pa\u00eds actual.<\/p>\n\n\n\n<p>\u201cEl dinero del petr\u00f3leo se convirti\u00f3 en un arma para comprar lealtades en el exterior, mientras el Estado se fusionaba con el crimen organizado y con grupos terroristas internacionales\u201d, el mejor ejemplo son los asaltos en carretera con total impunidad, son el mejor retrato.<\/p>\n\n\n\n<p>\u201cLa econom\u00eda colaps\u00f3 m\u00e1s de un 80%, la pobreza super\u00f3 el 86%, y nueve millones de venezolanos se vieron obligados a huir\u201d. Hoy los empresarios mexicanos por temor se niegan a invertir. No son solo cifras; son desconfianza e incertidumbre.<\/p>\n\n\n\n<p>\u201cPero m\u00e1s profundo y corrosivo que la destrucci\u00f3n material fue el m\u00e9todo calculado para quebrarnos por dentro. El r\u00e9gimen se propuso dividirnos: por nuestras ideas, por raza, por origen, por la forma de vida\u201d. En M\u00e9xico la polarizaci\u00f3n, el pueblo bueno contra los corruptos y los fifis forman ya parte de nuestro M\u00e9xico.<\/p>\n\n\n\n<p>\u201cQuisieron que los venezolanos desconfi\u00e1ramos unos de otros, que nos call\u00e1ramos, que nos vi\u00e9ramos como enemigos. Nos asfixiaron, nos encarcelaron, nos mataron, nos empujaron al exilio\u201d,&nbsp;&nbsp;esta situaci\u00f3n falta poco para vivirla.<\/p>\n\n\n\n<p>\u201cHan sido casi tres d\u00e9cadas de lucha contra una dictadura brutal. La esperanza se derrumb\u00f3, y con ella se fue apagando la fe en que algo pudiera cambiar. La posibilidad de un cambio se volvi\u00f3 una ingenuidad o una locura\u201d.<\/p>\n\n\n\n<p>La Cuarta Transformaci\u00f3n (4T) ha erosionado instituciones democr\u00e1ticas clave mediante militarizaci\u00f3n (ej\u00e9rcito en puertos, aduanas, obras civiles v\u00eda SEDENA\/Semarnat), control del INE\/TEPJF y reforma judicial (septiembre 2024) que eligi\u00f3 3,000 jueces\/magistrados por voto popular (\u00abjueces de la t\u00f3mbola\u00bb), suprimiendo contrapesos constitucionales y generando autocracia electiva similar a Turqu\u00eda\/Hungr\u00eda.\u200b<\/p>\n\n\n\n<p>La \u00abt\u00f3mbola\u00bb judicial debilita la independencia y el estado de derecho (jueces pol\u00edticos sin preparaci\u00f3n\/experiencia), limitando amparos\/cautelares y capturando el poder judicial por el ejecutivo, elevando incertidumbre inversionista (calificaciones soberanas en riesgo) y violando que nadie puede ser juzgado dos veces por la misma causa (art. 23 CPEUM: nadie juzgado dos veces por mismo delito). Casos como FEMSA (revisi\u00f3n SCJN pese cosa juzgada) ilustran repetici\u00f3n procesal, amenazando el principio de certeza jur\u00eddica.\u200b<\/p>\n\n\n\n<p>La militarizaci\u00f3n \u00abcompra\u00bb lealtad castrense con presupuestos r\u00e9cord (SEDENA 2025: 6% PIB), apart\u00e1ndola de control civil y asign\u00e1ndole tareas no constitucionales (construcci\u00f3n, vigilancia), erosionando democracia al concentrar poder en ejecutivo. Esto genera inestabilidad: ignora estado de derecho (juicios repetidos posibles), desalienta IED y polariza sociedad ante percepci\u00f3n autoritaria. El 2027 puede ser la \u00faltima oportunidad para M\u00e9xico.<\/p>\n\n\n\n<p>Comente u opine a:<\/p>\n\n\n\n<p>cacostabravo@yahoo.com.mx<\/p>\n\n\n\n<p>*Maestro en comunicaci\u00f3n por la Universidad Iberoamericana, de la cual form\u00f3 parte del cuerpo acad\u00e9mico de la Licenciatura en comunicaci\u00f3n, as\u00ed como de la Universidad An\u00e1huac, camp\u00fas norte de CDMX.<\/p>\n","protected":false},"excerpt":{"rendered":"<p>Carlos Miguel Acosta Bravo* Impronta Mar\u00eda Corina Machado, galardonada el 10 de diciembre 2025, (Nobel Paz 2025) reivindic\u00f3 la lucha pac\u00edfica por la democracia en Venezuela (\u00absi queremos democracia, debemos luchar por libertad\u00bb), homenajeando a perseguidos y alertando contra reg\u00edmenes que capturan poderes judiciales\/electorales para perpetuarse, impl\u00edcitamente criticando modelos como la 4T al exaltar regreso [&hellip;]<\/p>\n","protected":false},"author":2,"featured_media":141377,"comment_status":"closed","ping_status":"closed","sticky":false,"template":"","format":"standard","meta":{"_jetpack_newsletter_access":"","_jetpack_dont_email_post_to_subs":false,"_jetpack_newsletter_tier_id":0,"_jetpack_memberships_contains_paywalled_content":false,"_jetpack_memberships_contains_paid_content":false,"footnotes":""},"categories":[70],"tags":[],"class_list":["post-158321","post","type-post","status-publish","format-standard","has-post-thumbnail","hentry","category-de-opinion"],"jetpack_featured_media_url":"https:\/\/lospoliticosveracruz.com.mx\/wp-content\/uploads\/2025\/04\/Carlos-Miguel-Acosta-Bravo.jpg","jetpack_sharing_enabled":true,"jetpack_shortlink":"https:\/\/wp.me\/p4Qcd3-Fbz","_links":{"self":[{"href":"https:\/\/lospoliticosveracruz.com.mx\/index.php?rest_route=\/wp\/v2\/posts\/158321","targetHints":{"allow":["GET"]}}],"collection":[{"href":"https:\/\/lospoliticosveracruz.com.mx\/index.php?rest_route=\/wp\/v2\/posts"}],"about":[{"href":"https:\/\/lospoliticosveracruz.com.mx\/index.php?rest_route=\/wp\/v2\/types\/post"}],"author":[{"embeddable":true,"href":"https:\/\/lospoliticosveracruz.com.mx\/index.php?rest_route=\/wp\/v2\/users\/2"}],"replies":[{"embeddable":true,"href":"https:\/\/lospoliticosveracruz.com.mx\/index.php?rest_route=%2Fwp%2Fv2%2Fcomments&post=158321"}],"version-history":[{"count":1,"href":"https:\/\/lospoliticosveracruz.com.mx\/index.php?rest_route=\/wp\/v2\/posts\/158321\/revisions"}],"predecessor-version":[{"id":158323,"href":"https:\/\/lospoliticosveracruz.com.mx\/index.php?rest_route=\/wp\/v2\/posts\/158321\/revisions\/158323"}],"wp:featuredmedia":[{"embeddable":true,"href":"https:\/\/lospoliticosveracruz.com.mx\/index.php?rest_route=\/wp\/v2\/media\/141377"}],"wp:attachment":[{"href":"https:\/\/lospoliticosveracruz.com.mx\/index.php?rest_route=%2Fwp%2Fv2%2Fmedia&parent=158321"}],"wp:term":[{"taxonomy":"category","embeddable":true,"href":"https:\/\/lospoliticosveracruz.com.mx\/index.php?rest_route=%2Fwp%2Fv2%2Fcategories&post=158321"},{"taxonomy":"post_tag","embeddable":true,"href":"https:\/\/lospoliticosveracruz.com.mx\/index.php?rest_route=%2Fwp%2Fv2%2Ftags&post=158321"}],"curies":[{"name":"wp","href":"https:\/\/api.w.org\/{rel}","templated":true}]}}