{"id":158324,"date":"2025-12-11T20:38:30","date_gmt":"2025-12-12T02:38:30","guid":{"rendered":"https:\/\/lospoliticosveracruz.com.mx\/?p=158324"},"modified":"2025-12-11T20:39:39","modified_gmt":"2025-12-12T02:39:39","slug":"para-que-nadie-le-tema-al-telefono-o-cobro-de-piso","status":"publish","type":"post","link":"https:\/\/lospoliticosveracruz.com.mx\/?p=158324","title":{"rendered":"PARA QUE NADIE LE TEMA AL TEL\u00c9FONO O COBRO DE PISO\u00a0"},"content":{"rendered":"\n<p>El coordinador del Grupo Legislativo del Partido Verde Ecologista de M\u00e9xico (PVEM), diputado Carlos Marcelo Ruiz S\u00e1nchez, afirm\u00f3 que el dictamen aprobado este d\u00eda por el Congreso del Estado, constituye una reforma \u201chist\u00f3rica\u201d por su profundidad y por el impacto que tendr\u00e1 en la seguridad de las familias y la actividad econ\u00f3mica en Veracruz.<\/p>\n\n\n\n<p>Desde tribuna, el legislador se\u00f1al\u00f3 que la extorsi\u00f3n se ha convertido en una estructura criminal que lastima gravemente la paz social y la prosperidad de los comercios, por lo que resultaba urgente actualizar el marco legal estatal y alinearlo a la nueva Ley General para Prevenir, Sancionar y Erradicar el Delito de Extorsi\u00f3n, publicada el 28 de noviembre de 2025.<\/p>\n\n\n\n<p>\u201cHoy, Veracruz trabaja para desmontar una de las estructuras criminales que m\u00e1s afectan la tranquilidad de nuestras familias: la extorsi\u00f3n. Estamos frente a un dictamen que no dudo en calificar como hist\u00f3rico\u201d, expres\u00f3 Ruiz S\u00e1nchez.<\/p>\n\n\n\n<p>El diputado local del PVEM record\u00f3 que, meses atr\u00e1s, esta Legislatura respald\u00f3 la minuta federal que reform\u00f3 el art\u00edculo 73 constitucional, en congruencia con la visi\u00f3n de la presidenta de M\u00e9xico, doctora Claudia Sheinbaum Pardo, reconociendo que el delito de extorsi\u00f3n hab\u00eda mutado y requer\u00eda un tratamiento uniforme a nivel nacional.<\/p>\n\n\n\n<p>Tras la publicaci\u00f3n de la Ley General, Veracruz cumple su compromiso con el Pacto Federal al adecuar su legislaci\u00f3n local y sumarse plenamente a la Estrategia Nacional de Seguridad.<\/p>\n\n\n\n<p>Al analizar la iniciativa presentada por la diputada Naomi Edith G\u00f3mez Santos, y como integrante de las Comisiones Unidas Dictaminadoras, Ruiz S\u00e1nchez explic\u00f3 que se realiz\u00f3 un trabajo minucioso que incluye derogaci\u00f3n del tipo penal local de extorsi\u00f3n, para permitir la aplicaci\u00f3n directa de la Ley General, que contempla penas m\u00e1s severas y modalidades actualizadas del delito, as\u00ed como modificaci\u00f3n del C\u00f3digo Penal estatal y la creaci\u00f3n de una Unidad Especializada en Atenci\u00f3n al Delito de Extorsi\u00f3n dentro de la Fiscal\u00eda General del Estado.<\/p>\n\n\n\n<p>\u201cLa prioridad de combatir la extorsi\u00f3n es tan alta que debemos optimizar el recurso existente para dar resultados de inmediato. Es un mensaje de eficiencia, austeridad y urgencia\u201d, agreg\u00f3.<\/p>\n\n\n\n<p>Ruiz S\u00e1nchez afirm\u00f3 que esta reforma alinea al Estado, pol\u00edticamente con la estrategia de la presidenta Claudia Sheinbaum y de la gobernadora Roc\u00edo Nahle en la construcci\u00f3n de la paz, adem\u00e1s de modernizar jur\u00eddicamente a Veracruz conforme a los m\u00e1s altos est\u00e1ndares nacionales.<\/p>\n\n\n\n<p>\u201cEl objetivo es claro. Devolver al Estado el control, para que ning\u00fan comerciante, ning\u00fan transportista y ninguna familia veracruzana viva con miedo al tel\u00e9fono o al cobro de piso\u201d, enfatiz\u00f3.<\/p>\n","protected":false},"excerpt":{"rendered":"<p>El coordinador del Grupo Legislativo del Partido Verde Ecologista de M\u00e9xico (PVEM), diputado Carlos Marcelo Ruiz S\u00e1nchez, afirm\u00f3 que el dictamen aprobado este d\u00eda por el Congreso del Estado, constituye una reforma \u201chist\u00f3rica\u201d por su profundidad y por el impacto que tendr\u00e1 en la seguridad de las familias y la actividad econ\u00f3mica en Veracruz. Desde [&hellip;]<\/p>\n","protected":false},"author":2,"featured_media":158325,"comment_status":"closed","ping_status":"closed","sticky":false,"template":"","format":"standard","meta":{"_jetpack_newsletter_access":"","_jetpack_dont_email_post_to_subs":false,"_jetpack_newsletter_tier_id":0,"_jetpack_memberships_contains_paywalled_content":false,"_jetpack_memberships_contains_paid_content":false,"footnotes":""},"categories":[73],"tags":[],"class_list":["post-158324","post","type-post","status-publish","format-standard","has-post-thumbnail","hentry","category-de-boleto"],"jetpack_featured_media_url":"https:\/\/lospoliticosveracruz.com.mx\/wp-content\/uploads\/2025\/12\/Carlos.jpg","jetpack_sharing_enabled":true,"jetpack_shortlink":"https:\/\/wp.me\/p4Qcd3-FbC","_links":{"self":[{"href":"https:\/\/lospoliticosveracruz.com.mx\/index.php?rest_route=\/wp\/v2\/posts\/158324","targetHints":{"allow":["GET"]}}],"collection":[{"href":"https:\/\/lospoliticosveracruz.com.mx\/index.php?rest_route=\/wp\/v2\/posts"}],"about":[{"href":"https:\/\/lospoliticosveracruz.com.mx\/index.php?rest_route=\/wp\/v2\/types\/post"}],"author":[{"embeddable":true,"href":"https:\/\/lospoliticosveracruz.com.mx\/index.php?rest_route=\/wp\/v2\/users\/2"}],"replies":[{"embeddable":true,"href":"https:\/\/lospoliticosveracruz.com.mx\/index.php?rest_route=%2Fwp%2Fv2%2Fcomments&post=158324"}],"version-history":[{"count":1,"href":"https:\/\/lospoliticosveracruz.com.mx\/index.php?rest_route=\/wp\/v2\/posts\/158324\/revisions"}],"predecessor-version":[{"id":158327,"href":"https:\/\/lospoliticosveracruz.com.mx\/index.php?rest_route=\/wp\/v2\/posts\/158324\/revisions\/158327"}],"wp:featuredmedia":[{"embeddable":true,"href":"https:\/\/lospoliticosveracruz.com.mx\/index.php?rest_route=\/wp\/v2\/media\/158325"}],"wp:attachment":[{"href":"https:\/\/lospoliticosveracruz.com.mx\/index.php?rest_route=%2Fwp%2Fv2%2Fmedia&parent=158324"}],"wp:term":[{"taxonomy":"category","embeddable":true,"href":"https:\/\/lospoliticosveracruz.com.mx\/index.php?rest_route=%2Fwp%2Fv2%2Fcategories&post=158324"},{"taxonomy":"post_tag","embeddable":true,"href":"https:\/\/lospoliticosveracruz.com.mx\/index.php?rest_route=%2Fwp%2Fv2%2Ftags&post=158324"}],"curies":[{"name":"wp","href":"https:\/\/api.w.org\/{rel}","templated":true}]}}