{"id":158328,"date":"2025-12-11T20:50:46","date_gmt":"2025-12-12T02:50:46","guid":{"rendered":"https:\/\/lospoliticosveracruz.com.mx\/?p=158328"},"modified":"2025-12-11T20:51:31","modified_gmt":"2025-12-12T02:51:31","slug":"afinan-cambio-en-dirigencia-del-pri","status":"publish","type":"post","link":"https:\/\/lospoliticosveracruz.com.mx\/?p=158328","title":{"rendered":"AFINAN CAMBIO EN DIRIGENCIA DEL PRI!"},"content":{"rendered":"\n<p><\/p>\n\n\n\n<p><\/p>\n\n\n\n<p>El Partido Revolucionario Institucional (PRI) en Veracruz celebr\u00f3 la Sexta Sesi\u00f3n Extraordinaria de su Comisi\u00f3n Pol\u00edtica Permanente del Consejo Pol\u00edtico Estatal para definir la ruta estatutaria para la renovaci\u00f3n de su dirigencia.<\/p>\n\n\n\n<p>La sesi\u00f3n fue encabezada por el presidente del Comit\u00e9 Directivo Estatal (CDE), Adolfo Ram\u00edrez Arana, y la secretaria general, Dip. Lorena Pi\u00f1\u00f3n Rivera. Los 28 consejeros pol\u00edticos estatales, reunidos en la Sala Presidentes y v\u00eda electr\u00f3nica, aprobaron por votaci\u00f3n una serie de acuerdos cruciales.<\/p>\n\n\n\n<p>Primero, se aprob\u00f3 el m\u00e9todo de Elecci\u00f3n Directa para el proceso interno ordinario de las personas titulares de la Presidencia y la Secretar\u00eda General del CDE para el periodo estatutario 2025-2029.<\/p>\n\n\n\n<p>Adicionalmente, se aprob\u00f3 la facultad de atracci\u00f3n a favor de la Comisi\u00f3n Nacional de Procesos Internos, la cual ser\u00e1 la instancia responsable de organizar, conducir y validar el proceso electivo. Esta medida busca asegurar la celebraci\u00f3n pac\u00edfica, transparente y armoniosa del proceso, garantizando la unidad y gobernanza interna.<\/p>\n\n\n\n<p>Finalmente, se autoriz\u00f3 al presidente del CDE a solicitar al Comit\u00e9 Ejecutivo Nacional (CEN) el acuerdo de sanci\u00f3n del m\u00e9todo aprobado, la expedici\u00f3n de la Convocatoria respectiva y el acuerdo de facultad de atracci\u00f3n a favor de la Comisi\u00f3n Nacional de Procesos Internos.<\/p>\n\n\n\n<p>Adolfo Ram\u00edrez Arana enfatiz\u00f3 la importancia de la unidad de cara a 2027, a\u00f1o en que se renovar\u00e1n diputaciones locales y federales en Veracruz, e inst\u00f3 a los militantes a \u00abhacer su parte\u00bb.<\/p>\n\n\n\n<p>\u00abHay mucho PRI para rato. Estamos enfocados en la vida interna de nuestro partido y para lo que viene, porque si hay unidad vamos a tener buenos resultados,\u00bb declar\u00f3. Y agreg\u00f3: \u00abEl buen priista habla bien del PRI en lo p\u00fablico y lo privado (\u2026) Nosotros nos tenemos que preparar para volver a gobernar el Estado de Veracruz porque tenemos perfiles con trayectoria.\u00bb<\/p>\n\n\n\n<p>Al comparar al PRI con otras fuerzas pol\u00edticas, critic\u00f3 al PAN por estar \u00abentregado a MORENA\u00bb y se\u00f1al\u00f3 que Movimiento Ciudadano (MC) se ha convertido en \u00abcomparsa del partido en el poder\u201d.<\/p>\n\n\n\n<p>Afirm\u00f3 que el PRI es la \u00fanica fuerza de oposici\u00f3n que defiende a M\u00e9xico \u00absin regateos, sin c\u00e1lculos oportunistas\u00bb y sin someterse a la persecuci\u00f3n pol\u00edtica del gobierno de Morena, al que calific\u00f3 de \u00abc\u00ednico y corrupto\u00bb.<\/p>\n\n\n\n<p>Poniendo como ejemplo al dirigente nacional, Alejandro Moreno C\u00e1rdenas, Ram\u00edrez Arana sostuvo que, a pesar de las presiones, la intimidaci\u00f3n y el uso faccioso de las agencias del Estado, el PRI se mantiene vigilante, denunciando al gobierno por poner en riesgo la gobernabilidad y el bien com\u00fan.<\/p>\n\n\n\n<p>Finalmente, critic\u00f3 severamente las celebraciones de Morena, asegurando que el partido cumple \u00ab7 a\u00f1os de fracasos\u00bb y que, en lugar de derrochar recursos, \u00abdeber\u00eda pedir perd\u00f3n a los mexicanos\u00bb. Denunci\u00f3 que el pa\u00eds atraviesa momentos dif\u00edciles marcados por una grave crisis econ\u00f3mica y de seguridad, as\u00ed como protestas. El dirigente concluy\u00f3 que, como \u00fanica oposici\u00f3n real, el PRI continuar\u00e1 defendiendo los intereses de los ciudadanos y vigilando al gobierno federal.<\/p>\n","protected":false},"excerpt":{"rendered":"<p>El Partido Revolucionario Institucional (PRI) en Veracruz celebr\u00f3 la Sexta Sesi\u00f3n Extraordinaria de su Comisi\u00f3n Pol\u00edtica Permanente del Consejo Pol\u00edtico Estatal para definir la ruta estatutaria para la renovaci\u00f3n de su dirigencia. La sesi\u00f3n fue encabezada por el presidente del Comit\u00e9 Directivo Estatal (CDE), Adolfo Ram\u00edrez Arana, y la secretaria general, Dip. Lorena Pi\u00f1\u00f3n Rivera. [&hellip;]<\/p>\n","protected":false},"author":2,"featured_media":158329,"comment_status":"closed","ping_status":"closed","sticky":false,"template":"","format":"standard","meta":{"_jetpack_newsletter_access":"","_jetpack_dont_email_post_to_subs":false,"_jetpack_newsletter_tier_id":0,"_jetpack_memberships_contains_paywalled_content":false,"_jetpack_memberships_contains_paid_content":false,"footnotes":""},"categories":[73],"tags":[],"class_list":["post-158328","post","type-post","status-publish","format-standard","has-post-thumbnail","hentry","category-de-boleto"],"jetpack_featured_media_url":"https:\/\/lospoliticosveracruz.com.mx\/wp-content\/uploads\/2025\/12\/WhatsApp-Image-2025-12-11-at-20.47.33.jpeg","jetpack_sharing_enabled":true,"jetpack_shortlink":"https:\/\/wp.me\/p4Qcd3-FbG","_links":{"self":[{"href":"https:\/\/lospoliticosveracruz.com.mx\/index.php?rest_route=\/wp\/v2\/posts\/158328","targetHints":{"allow":["GET"]}}],"collection":[{"href":"https:\/\/lospoliticosveracruz.com.mx\/index.php?rest_route=\/wp\/v2\/posts"}],"about":[{"href":"https:\/\/lospoliticosveracruz.com.mx\/index.php?rest_route=\/wp\/v2\/types\/post"}],"author":[{"embeddable":true,"href":"https:\/\/lospoliticosveracruz.com.mx\/index.php?rest_route=\/wp\/v2\/users\/2"}],"replies":[{"embeddable":true,"href":"https:\/\/lospoliticosveracruz.com.mx\/index.php?rest_route=%2Fwp%2Fv2%2Fcomments&post=158328"}],"version-history":[{"count":2,"href":"https:\/\/lospoliticosveracruz.com.mx\/index.php?rest_route=\/wp\/v2\/posts\/158328\/revisions"}],"predecessor-version":[{"id":158331,"href":"https:\/\/lospoliticosveracruz.com.mx\/index.php?rest_route=\/wp\/v2\/posts\/158328\/revisions\/158331"}],"wp:featuredmedia":[{"embeddable":true,"href":"https:\/\/lospoliticosveracruz.com.mx\/index.php?rest_route=\/wp\/v2\/media\/158329"}],"wp:attachment":[{"href":"https:\/\/lospoliticosveracruz.com.mx\/index.php?rest_route=%2Fwp%2Fv2%2Fmedia&parent=158328"}],"wp:term":[{"taxonomy":"category","embeddable":true,"href":"https:\/\/lospoliticosveracruz.com.mx\/index.php?rest_route=%2Fwp%2Fv2%2Fcategories&post=158328"},{"taxonomy":"post_tag","embeddable":true,"href":"https:\/\/lospoliticosveracruz.com.mx\/index.php?rest_route=%2Fwp%2Fv2%2Ftags&post=158328"}],"curies":[{"name":"wp","href":"https:\/\/api.w.org\/{rel}","templated":true}]}}