{"id":158332,"date":"2025-12-11T21:00:15","date_gmt":"2025-12-12T03:00:15","guid":{"rendered":"https:\/\/lospoliticosveracruz.com.mx\/?p=158332"},"modified":"2025-12-11T21:00:49","modified_gmt":"2025-12-12T03:00:49","slug":"la-procuracion-de-justicia-en-los-tiempos-de-organismos-autonomos","status":"publish","type":"post","link":"https:\/\/lospoliticosveracruz.com.mx\/?p=158332","title":{"rendered":"LA PROCURACI\u00d3N DE JUSTICIA EN LOS TIEMPOS DE ORGANISMOS AUT\u00d3NOMOS"},"content":{"rendered":"\n<p><strong> <\/strong><\/p>\n\n\n\n<p>S\u00edguenos ahora tambi\u00e9n en WhatsApp.\u00a0\u00a1<a href=\"https:\/\/whatsapp.com\/channel\/0029Va8zRWlEKyZIP3Z1dF0e\"><strong>Da clic aqu\u00ed<\/strong><\/a><strong>!<\/strong><\/p>\n\n\n\n<p><strong>Jos\u00e9 Luis Enr\u00edquez Ambell<br><\/strong><em>Caf\u00e9 de Ma\u00f1ana<br><\/em><\/p>\n\n\n\n<p>Los organismos aut\u00f3nomos constitucionales y su estructura profesional y burocr\u00e1tica no se deben medir por los cambios del orden pol\u00edtico que rigen a los gobiernos, sin que esto signifique dejar de revisar y reacomodarlos en t\u00e9rminos de actualizarlos, en busca de una coordinaci\u00f3n \u2014no sumisi\u00f3n\u2014 con los poderes Legislativo, Ejecutivo y Judicial.<\/p>\n\n\n\n<figure class=\"wp-block-image size-full\"><a href=\" https:\/\/legisver.gob.mx\/Inicio.php?p=sliderInfoNP&amp;i=8785682\"><img loading=\"lazy\" decoding=\"async\" width=\"728\" height=\"90\" src=\"https:\/\/lospoliticosveracruz.com.mx\/wp-content\/uploads\/2025\/10\/Legis-Cintillo.png\" alt=\"\" class=\"wp-image-155724\" srcset=\"https:\/\/lospoliticosveracruz.com.mx\/wp-content\/uploads\/2025\/10\/Legis-Cintillo.png 728w, https:\/\/lospoliticosveracruz.com.mx\/wp-content\/uploads\/2025\/10\/Legis-Cintillo-300x37.png 300w\" sizes=\"auto, (max-width: 728px) 100vw, 728px\" \/><\/a><\/figure>\n\n\n\n<p>Y es que, en especial en los tiempos actuales, en materia de procuraci\u00f3n de justicia a\u00fan est\u00e1 cercana la frontera de la transici\u00f3n de las antiguas Procuradur\u00edas Generales de la Rep\u00fablica (PGR) y de Justicia de los estados (PGJE) a fiscal\u00edas aut\u00f3nomas constitucionales, situaci\u00f3n que fue producto del empujamiento social y legal, en busca de garantizar libertades y una mayor independencia y eficiencia en la investigaci\u00f3n y persecuci\u00f3n de delitos, incluso llegando al robustecimiento en lo financiero.<\/p>\n\n\n\n<p>Esas caracter\u00edsticas llevan a la existencia de un nuevo modelo de procuraci\u00f3n de justicia desde las fiscal\u00edas generales, en lo federal y en lo estatal, donde Veracruz no escapa.<\/p>\n\n\n\n<p>La autonom\u00eda constitucional, a trav\u00e9s de la reforma correspondiente de 2014, estableci\u00f3 la creaci\u00f3n de organismos constitucionales aut\u00f3nomos (OCA) para la procuraci\u00f3n de justicia. Dicho de otra forma, las fiscal\u00edas dejaron de depender del Poder Ejecutivo (presidente o gobernadores), lo que busca evitar la injerencia desde el orden pol\u00edtico en las investigaciones penales, y no debe ser visto s\u00f3lo desde la teor\u00eda, aunque la coordinaci\u00f3n estrecha es insalvable para bien de la justicia y la paz, la concordia social y la gobernabilidad.<\/p>\n\n\n\n<p>As\u00ed pues, hoy en d\u00eda, en el caso de Veracruz, la FGE tiene personalidad jur\u00eddica y patrimonio propios; cuenta con la capacidad de gestionar sus propios recursos humanos, materiales y financieros, y eso le otorga una independencia operativa, no s\u00f3lo en la teor\u00eda sino en la pr\u00e1ctica, aunque dependiendo de la solidez de los equipos y de los puestos que deben velar por la responsabilidad b\u00e1sica de toda buena administraci\u00f3n p\u00fablica: recursos humanos, materiales y financieros.<\/p>\n\n\n\n<p>La Ley Org\u00e1nica de la FGE establece que el fin es la investigaci\u00f3n y esclarecimiento de los hechos, a trav\u00e9s de una procuraci\u00f3n de justicia eficaz y apegada a derecho, y garantizar los derechos de las v\u00edctimas. La actuaci\u00f3n se rige por principios como legalidad, objetividad, eficiencia, profesionalismo, honradez y respeto a los derechos humanos, que se atienden por toda una estructura especializada. De ah\u00ed que cuente con fiscal\u00edas para la atenci\u00f3n espec\u00edfica, como la de Combate a la Corrupci\u00f3n; Delitos contra las Mujeres, Feminicidio, Familia y Trata de Personas; Asuntos Ind\u00edgenas y Derechos Humanos; Combate al Secuestro y la Extorsi\u00f3n; y Personas Desaparecidas, todas coordinadas y apoyadas por fiscal\u00edas regionales y unidades para una investigaci\u00f3n m\u00e1s eficiente y especializada en todo el estado.<\/p>\n\n\n\n<p>De hecho, el Congreso de Veracruz en d\u00edas pasados modific\u00f3 los mecanismos de tiempo para la designaci\u00f3n y remoci\u00f3n del titular de la FGE y, con 40 votos a favor, cinco en contra y dos abstenciones, el pleno Legislativo aprob\u00f3 el nombramiento de Lisbeth Aurelia Jim\u00e9nez Aguirre y tom\u00f3 protesta como nueva fiscala general por un periodo inicial de un a\u00f1o. En recientes horas se han venido designando servidores p\u00fablicos al interior del organismo aut\u00f3nomo.<\/p>\n\n\n\n<p>Cabe decir que la designaci\u00f3n y remoci\u00f3n de quienes integran la estructura interna de la FGE reviste un gran inter\u00e9s para la poblaci\u00f3n en su conjunto, pues de los organismos aut\u00f3nomos es quiz\u00e1 el que mayores desaf\u00edos enfrenta frente a la sociedad, dado que sus retos y logros est\u00e1n permanentemente en el ojo de todos.<\/p>\n\n\n\n<p>Y es que, desde mi enfoque y experiencia en el quehacer p\u00fablico, pol\u00edtico y legislativo, la FGE re\u00fane una autonom\u00eda real y formal, aun cuando en la medici\u00f3n social las cr\u00edticas \u2014y hasta se\u00f1alamientos\u2014 no le faltan. Pero tambi\u00e9n es una realidad que la seguridad p\u00fablica, la procuraci\u00f3n de justicia y la administraci\u00f3n de justicia, en los recientes a\u00f1os, no han venido pasando por sus mejores momentos; es decir, los vaivenes y las complejidades de la FGE no s\u00f3lo pasan por su resorte individual.<\/p>\n\n\n\n<p>Ahora bien, las organizaciones de la sociedad civil y analistas han se\u00f1alado que, en los tiempos recientes, la FGE ha tenido una l\u00ednea de enfrentamiento y divorcio con otro de los organismos aut\u00f3nomos, como es la CEDH \u2014ente p\u00fablico, por cierto, bastante cuestionado por no estar a la altura de las circunstancias en los recientes a\u00f1os\u2014. Y es que las diferencias de visi\u00f3n y misi\u00f3n institucional de ambos \u00f3rdenes deber\u00edan coordinarse con mayor eficiencia y transparencia, como lo han dicho y propuesto la Presidenta Claudia Sheinbaum y la Gobernadora Roc\u00edo Nahle, a efecto de coordinar y armonizar esfuerzos, en busca de evitar la impunidad y alcanzar mejores resultados en el combate a la delincuencia.<\/p>\n\n\n\n<p>La transici\u00f3n del sistema judicial penal exige una transparencia s\u00f3lida en la procuraci\u00f3n de justicia, a partir de periodos cortos y efectivos en la capacitaci\u00f3n constante del personal, en todos sus niveles, incluyendo a polic\u00edas y a sus estructuras regionales en Veracruz. De ser as\u00ed, los resultados y la efectividad en la pr\u00e1ctica se alejar\u00eda de ser objeto de debate y cr\u00edticas, y pasar a ser una base m\u00e1s robusta desde su universo.<\/p>\n\n\n\n<p>DE SOBREMESA<\/p>\n\n\n\n<p>Entre l\u00edneas que se han venido diciendo \u2014sin comunicado oficial de por medio desde la FGE\u2014, y se comenta que Guillebaldo Maciel Mercado es fiscal de Investigaciones, en relevo de Marcela Aguilera Landeta; que Ezequiel Casta\u00f1eda Nev\u00e1rez asumi\u00f3 la Visitadur\u00eda General en sustituci\u00f3n de Alfredo de la Rosa Escalante; y tambi\u00e9n se sabe que relevaron a Jorge Romero de la Maza en la Oficial\u00eda Mayor, asumiendo ahora esa responsabilidad Sthy Beenns Baizabal L\u00f3pez.<\/p>\n\n\n\n<p>La llegada de personajes que conocen de la administraci\u00f3n p\u00fablica en su conjunto hace abrazar la esperanza de que la nueva titular de la FGE estar\u00eda armando un equipo competente en capacidades y talentos a favor de la poblaci\u00f3n, desde el organismo aut\u00f3nomo responsable de la procuraci\u00f3n de justicia, y donde no se descarta tambi\u00e9n la ratificaci\u00f3n de algunos de los que ya est\u00e1n dentro del organismo, e incluso que hasta se presenten algunos enroques que permitan amalgamar esfuerzos con profesionales en la materia.<\/p>\n\n\n\n<p>UN CAF\u00c9 LECHERO LIGHT<\/p>\n\n\n\n<p>Desde el tiempo de la transici\u00f3n del mandato de la Presidenta Claudia Sheinbaum y de la Gobernadora Roc\u00edo Nahle se habl\u00f3 de que trabajar\u00edan de la mano con sus equipos para atender una \u201creforma administrativa\u201d en t\u00e9rminos de los organismos aut\u00f3nomos.<\/p>\n\n\n\n<p>Sin una visi\u00f3n debilitadora y s\u00ed fortalecedora de los entes aut\u00f3nomos constitucionales \u2014es el caso de la FGR y la FGE\u2014, quienes ahora como servidores p\u00fablicos est\u00e1n llegando a la recta final del a\u00f1o, y previo al pr\u00f3ximo Presupuesto de Egresos para 2026, habr\u00e1n de cuidar que sus recursos sean en una mejor proporci\u00f3n e interconectarlos entre lo federal y estatal en algunas acciones de coordinaci\u00f3n, para que, en el corto plazo, ante la poblaci\u00f3n justifiquen que los cambios son para mejorar.<\/p>\n\n\n\n<p>UN CAF\u00c9 CON DOBLE CARGA<\/p>\n\n\n\n<p>Y por cierto, ojal\u00e1 que los pr\u00f3ximos alcaldes y alcaldesas revisen bien antes de decidir a quienes asignar\u00edan las \u00e1reas de la polic\u00eda municipal en sus territorios, pues son el primer piso de seguridad ciudadana y la activaci\u00f3n de los otros pisos para la justicia.<\/p>\n\n\n\n<p>\u00a1ES CUANTO!<\/p>\n\n\n\n<p>enriquezambell@gmail.com;<br>enamjl62@gmail.com<\/p>\n","protected":false},"excerpt":{"rendered":"<p>Jos\u00e9 Luis Enr\u00edquez AmbellCaf\u00e9 de Ma\u00f1ana Los organismos aut\u00f3nomos constitucionales y su estructura profesional y burocr\u00e1tica no se deben medir por los cambios del orden pol\u00edtico que rigen a los gobiernos, sin que esto signifique dejar de revisar y reacomodarlos en t\u00e9rminos de actualizarlos, en busca de una coordinaci\u00f3n \u2014no sumisi\u00f3n\u2014 con los poderes Legislativo, [&hellip;]<\/p>\n","protected":false},"author":2,"featured_media":141435,"comment_status":"closed","ping_status":"closed","sticky":false,"template":"","format":"standard","meta":{"_jetpack_newsletter_access":"","_jetpack_dont_email_post_to_subs":false,"_jetpack_newsletter_tier_id":0,"_jetpack_memberships_contains_paywalled_content":false,"_jetpack_memberships_contains_paid_content":false,"footnotes":""},"categories":[70],"tags":[8383],"class_list":["post-158332","post","type-post","status-publish","format-standard","has-post-thumbnail","hentry","category-de-opinion","tag-jose-luis-enriquez-ambell"],"jetpack_featured_media_url":"https:\/\/lospoliticosveracruz.com.mx\/wp-content\/uploads\/2025\/04\/Ambell.jpg","jetpack_sharing_enabled":true,"jetpack_shortlink":"https:\/\/wp.me\/p4Qcd3-FbK","_links":{"self":[{"href":"https:\/\/lospoliticosveracruz.com.mx\/index.php?rest_route=\/wp\/v2\/posts\/158332","targetHints":{"allow":["GET"]}}],"collection":[{"href":"https:\/\/lospoliticosveracruz.com.mx\/index.php?rest_route=\/wp\/v2\/posts"}],"about":[{"href":"https:\/\/lospoliticosveracruz.com.mx\/index.php?rest_route=\/wp\/v2\/types\/post"}],"author":[{"embeddable":true,"href":"https:\/\/lospoliticosveracruz.com.mx\/index.php?rest_route=\/wp\/v2\/users\/2"}],"replies":[{"embeddable":true,"href":"https:\/\/lospoliticosveracruz.com.mx\/index.php?rest_route=%2Fwp%2Fv2%2Fcomments&post=158332"}],"version-history":[{"count":1,"href":"https:\/\/lospoliticosveracruz.com.mx\/index.php?rest_route=\/wp\/v2\/posts\/158332\/revisions"}],"predecessor-version":[{"id":158333,"href":"https:\/\/lospoliticosveracruz.com.mx\/index.php?rest_route=\/wp\/v2\/posts\/158332\/revisions\/158333"}],"wp:featuredmedia":[{"embeddable":true,"href":"https:\/\/lospoliticosveracruz.com.mx\/index.php?rest_route=\/wp\/v2\/media\/141435"}],"wp:attachment":[{"href":"https:\/\/lospoliticosveracruz.com.mx\/index.php?rest_route=%2Fwp%2Fv2%2Fmedia&parent=158332"}],"wp:term":[{"taxonomy":"category","embeddable":true,"href":"https:\/\/lospoliticosveracruz.com.mx\/index.php?rest_route=%2Fwp%2Fv2%2Fcategories&post=158332"},{"taxonomy":"post_tag","embeddable":true,"href":"https:\/\/lospoliticosveracruz.com.mx\/index.php?rest_route=%2Fwp%2Fv2%2Ftags&post=158332"}],"curies":[{"name":"wp","href":"https:\/\/api.w.org\/{rel}","templated":true}]}}