{"id":158334,"date":"2025-12-11T21:29:00","date_gmt":"2025-12-12T03:29:00","guid":{"rendered":"https:\/\/lospoliticosveracruz.com.mx\/?p=158334"},"modified":"2025-12-11T21:13:49","modified_gmt":"2025-12-12T03:13:49","slug":"yeya-un-gran-paso","status":"publish","type":"post","link":"https:\/\/lospoliticosveracruz.com.mx\/?p=158334","title":{"rendered":"YEYA, UN GRAN PASO"},"content":{"rendered":"\n<p>S\u00edguenos ahora tambi\u00e9n en WhatsApp.\u00a0\u00a1<a href=\"https:\/\/whatsapp.com\/channel\/0029Va8zRWlEKyZIP3Z1dF0e\"><strong>Da clic aqu\u00ed<\/strong><\/a><strong>!<\/strong><\/p>\n\n\n\n<p><strong>Salvador Mu\u00f1oz<\/strong><br><em>Los Pol\u00edticos<\/em><\/p>\n\n\n\n<p>Uno de los retos de la <strong>Fiscal Yeya<\/strong>, escrib\u00eda hace unos d\u00edas, era recuperar la confianza del ciudadano hacia el instituto encargado de impartir justicia. No es una tarea f\u00e1cil, sencilla ni nada parecido y por supuesto, no es algo que se haga de la noche a la ma\u00f1ana\u2026 pero <strong>Yeya<\/strong> empieza por dar un paso al frente y eso ya es ganancia.<\/p>\n\n\n\n<figure class=\"wp-block-image size-full\"><a href=\" https:\/\/legisver.gob.mx\/Inicio.php?p=sliderInfoNP&amp;i=8785682\"><img loading=\"lazy\" decoding=\"async\" width=\"728\" height=\"90\" src=\"https:\/\/lospoliticosveracruz.com.mx\/wp-content\/uploads\/2025\/10\/Legis-Cintillo.png\" alt=\"\" class=\"wp-image-155724\" srcset=\"https:\/\/lospoliticosveracruz.com.mx\/wp-content\/uploads\/2025\/10\/Legis-Cintillo.png 728w, https:\/\/lospoliticosveracruz.com.mx\/wp-content\/uploads\/2025\/10\/Legis-Cintillo-300x37.png 300w\" sizes=\"auto, (max-width: 728px) 100vw, 728px\" \/><\/a><\/figure>\n\n\n\n<p><br>Quienes conocen a <strong>Ezequiel Casta\u00f1eda Nev\u00e1rez<\/strong>, saben que su nombramiento al frente de la <strong>Visitadur\u00eda General de la Fiscal\u00eda General del Estado<\/strong> es un acierto enorme de la titular\u2026 pero por lo mismo, una enorme responsabilidad del tuxpe\u00f1o no s\u00f3lo por la confianza conferida por <strong>Yeya Jim\u00e9nez Aguirre<\/strong>, sino por la confianza que ciudadanos que le conocen, amigos y familia, tienen en \u00e9l a sabiendas de la experiencia, conocimiento y entrega que brinda en el puesto que tenga. Un acierto de <strong>Yeya<\/strong>\u2026 un gran paso de <strong>Yeya<\/strong>.<\/p>\n\n\n\n<p><strong>H\u00c9CTOR YUNES LA HACE DE TOS<br><\/strong>No, esta ocasi\u00f3n no es desde su curul contra alg\u00fan diputado de <strong>Morena<\/strong> o contra la presidenta de la <strong>Mesa Directiva<\/strong>\u2026 menos contra el <strong>Jucopo<\/strong> que es evidente, viejos zorros de la pol\u00edtica, no se enganchan ni guardan rencores por sus diferencias pol\u00edticas\u2026 no\u2026 El chole\u00f1o se recuper\u00f3 de una gripe que le deja una secuela en tos, que de acuerdo a lo que platica, no es contagiosa, s\u00f3lo fastidia a tal grado que muchas veces se tiene que reprimir porque son constantes los ataques\u2026 y como si confirmara su dicho, zaz! Empez\u00f3 a hacerla de tos\u2026 Cof! Cof! Cof!<br>Hablando de tos, dicen que el <strong>Profe Bautista<\/strong> no dio conferencia de prensa porque andaba malito de su garganta\u2026<br>Por cierto, a la sesi\u00f3n legislativa de ayer, lleg\u00f3 con cubrebocas <strong>Diego Casta\u00f1eda Aburto<\/strong> y el <strong>Chino \u00c1vila Estrada<\/strong>, aunque al final se despojaron de \u00e9l\u2026 pero dice <strong>H\u00e9ctor<\/strong> que la tos no es contagiosa\u2026<\/p>\n\n\n\n<p><strong>EL CHINO APESTA<br><\/strong>Uno pensar\u00eda que, por las fotos que sube en su Instagram, a <strong>Adri\u00e1n \u00c1vila Estrada<\/strong> le gusta presumir sus piernas de futbolista\u2026 pero no\u2026<br>Y es que al famoso <strong>Chino \u00c1vila<\/strong> si hay un deporte que le apasiona es el soccer a tal grado que \u201ca su edad\u201d, todav\u00eda entra a echarse la cascarita en la liga de veteranos all\u00e1 en el <strong>Puerto<\/strong>.<br>El \u201cA su edad\u201d es un decir, porque ya rondando \u201cel sexto piso\u201d, es evidente que est\u00e1 en mejores condiciones f\u00edsicas que cualquier chavo-ruco de 40 a\u00f1os\u2026<br>Pero no\u2026 no son sus piernas lo que gusta presumir\u2026 sino a su <strong>Nutri\u00f3loga<\/strong> de cabecera, <strong>Adriana \u00c1vila<\/strong>, quien estuvo hace unos d\u00edas en el recinto legislativo y el <strong>Chino<\/strong> parec\u00eda totol de doble pechuga, todo esponjado, presentando y presumiendo a la ni\u00f1a de sus ojos\u2026 \u00a1Apesta a suegro!<\/p>\n","protected":false},"excerpt":{"rendered":"<p>Salvador Mu\u00f1ozLos Pol\u00edticos Uno de los retos de la Fiscal Yeya, escrib\u00eda hace unos d\u00edas, era recuperar la confianza del ciudadano hacia el instituto encargado de impartir justicia. No es una tarea f\u00e1cil, sencilla ni nada parecido y por supuesto, no es algo que se haga de la noche a la ma\u00f1ana\u2026 pero Yeya empieza [&hellip;]<\/p>\n","protected":false},"author":2,"featured_media":141805,"comment_status":"closed","ping_status":"closed","sticky":false,"template":"","format":"standard","meta":{"_jetpack_newsletter_access":"","_jetpack_dont_email_post_to_subs":false,"_jetpack_newsletter_tier_id":0,"_jetpack_memberships_contains_paywalled_content":false,"_jetpack_memberships_contains_paid_content":false,"footnotes":""},"categories":[70],"tags":[47907,47906,44490,47904,45833,47905],"class_list":["post-158334","post","type-post","status-publish","format-standard","has-post-thumbnail","hentry","category-de-opinion","tag-adrian-chino-avila-estrada-congreso","tag-ezequiel-castaneda-nevarez-visitaduria-general","tag-fiscalia-general-del-estado-veracruz","tag-hector-yunes-columna-politica-veracruz","tag-salvador-munoz-los-politicos-columna","tag-yeya-jimenez-aguirre-fiscal"],"jetpack_featured_media_url":"https:\/\/lospoliticosveracruz.com.mx\/wp-content\/uploads\/2025\/04\/Chava-Munoz-1.jpg","jetpack_sharing_enabled":true,"jetpack_shortlink":"https:\/\/wp.me\/p4Qcd3-FbM","_links":{"self":[{"href":"https:\/\/lospoliticosveracruz.com.mx\/index.php?rest_route=\/wp\/v2\/posts\/158334","targetHints":{"allow":["GET"]}}],"collection":[{"href":"https:\/\/lospoliticosveracruz.com.mx\/index.php?rest_route=\/wp\/v2\/posts"}],"about":[{"href":"https:\/\/lospoliticosveracruz.com.mx\/index.php?rest_route=\/wp\/v2\/types\/post"}],"author":[{"embeddable":true,"href":"https:\/\/lospoliticosveracruz.com.mx\/index.php?rest_route=\/wp\/v2\/users\/2"}],"replies":[{"embeddable":true,"href":"https:\/\/lospoliticosveracruz.com.mx\/index.php?rest_route=%2Fwp%2Fv2%2Fcomments&post=158334"}],"version-history":[{"count":1,"href":"https:\/\/lospoliticosveracruz.com.mx\/index.php?rest_route=\/wp\/v2\/posts\/158334\/revisions"}],"predecessor-version":[{"id":158335,"href":"https:\/\/lospoliticosveracruz.com.mx\/index.php?rest_route=\/wp\/v2\/posts\/158334\/revisions\/158335"}],"wp:featuredmedia":[{"embeddable":true,"href":"https:\/\/lospoliticosveracruz.com.mx\/index.php?rest_route=\/wp\/v2\/media\/141805"}],"wp:attachment":[{"href":"https:\/\/lospoliticosveracruz.com.mx\/index.php?rest_route=%2Fwp%2Fv2%2Fmedia&parent=158334"}],"wp:term":[{"taxonomy":"category","embeddable":true,"href":"https:\/\/lospoliticosveracruz.com.mx\/index.php?rest_route=%2Fwp%2Fv2%2Fcategories&post=158334"},{"taxonomy":"post_tag","embeddable":true,"href":"https:\/\/lospoliticosveracruz.com.mx\/index.php?rest_route=%2Fwp%2Fv2%2Ftags&post=158334"}],"curies":[{"name":"wp","href":"https:\/\/api.w.org\/{rel}","templated":true}]}}