{"id":158341,"date":"2025-12-12T06:33:45","date_gmt":"2025-12-12T12:33:45","guid":{"rendered":"https:\/\/lospoliticosveracruz.com.mx\/?p=158341"},"modified":"2025-12-12T06:37:25","modified_gmt":"2025-12-12T12:37:25","slug":"primeros-nombramientos-en-la-fge","status":"publish","type":"post","link":"https:\/\/lospoliticosveracruz.com.mx\/?p=158341","title":{"rendered":"PRIMEROS NOMBRAMIENTOS EN LA FGE"},"content":{"rendered":"\n<p><strong>Omar Z\u00fa\u00f1iga<\/strong><\/p>\n\n\n\n<p><em>De Primera Mano<\/em> <\/p>\n\n\n\n<p>La Fiscal General&nbsp;<strong>Lisbeth Aurelia Jim\u00e9nez<\/strong>&nbsp;realiz\u00f3 los tres primeros nombramientos en puestos clave para el funcionamiento de la Fiscal\u00eda y en quien recae buena parte de la operatividad cotidiana.<\/p>\n\n\n\n<figure class=\"wp-block-image size-full\"><a href=\" https:\/\/legisver.gob.mx\/Inicio.php?p=sliderInfoNP&amp;i=8785682\"><img loading=\"lazy\" decoding=\"async\" width=\"728\" height=\"90\" src=\"https:\/\/lospoliticosveracruz.com.mx\/wp-content\/uploads\/2025\/10\/Legis-Cintillo.png\" alt=\"\" class=\"wp-image-155724\" srcset=\"https:\/\/lospoliticosveracruz.com.mx\/wp-content\/uploads\/2025\/10\/Legis-Cintillo.png 728w, https:\/\/lospoliticosveracruz.com.mx\/wp-content\/uploads\/2025\/10\/Legis-Cintillo-300x37.png 300w\" sizes=\"auto, (max-width: 728px) 100vw, 728px\" \/><\/a><\/figure>\n\n\n\n<p>En primera instancia nombr\u00f3 a&nbsp;<strong>Guilebaldo Maciel Mercado \u201c<\/strong><strong><em>Willy<\/em><\/strong><strong>\u201d<\/strong>, quien sustituye a&nbsp;<strong>Marcela Aguilera Landeta<\/strong>&nbsp;como Fiscal de Investigaciones Ministeriales y a quien se atribuyen las pifias de la exfiscal&nbsp;<strong>Ver\u00f3nica Hern\u00e1ndez Giad\u00e1ns<\/strong>.<\/p>\n\n\n\n<p>Buena y doble chamba tendr\u00e1&nbsp;<strong><em>Willy<\/em><\/strong>, primero investigar que Landeta no haya dejado muertos en el cl\u00f3set y despu\u00e9s lidiar con la que seguramente es la parte m\u00e1s sensible de la FGE.<\/p>\n\n\n\n<p>En segunda instancia, el Oficial Mayor, que no es otra cosa que el administrador general; responsabilidad que recay\u00f3 en&nbsp;<strong>Sthy Benns Baizabal Lopez<\/strong>, joven que viene con&nbsp;<strong>Lisbeth Aurelia<\/strong>&nbsp;desde su paso como presidenta del Tribunal Superior de Justicia.<\/p>\n\n\n\n<p>Quienes lo conocen aseguran que es un apersona capacitada y que ya le sabe a estos menesteres. Ya se ver\u00e1.<\/p>\n\n\n\n<p>Finalmente, el tercer puesto es para el Fiscal Visitador General, que corresponde al experimentado&nbsp;<strong>Ezequiel Casta\u00f1eda Nev\u00e1rez<\/strong>, quien pr\u00e1cticamente ha hecho de todo en la funci\u00f3n p\u00fablica y buena parte de su carrera ha sido precisamente en la procuraci\u00f3n de justicia.&nbsp;<\/p>\n\n\n\n<p>Si investigaciones Ministeriales es la m\u00e1s sensible, la Visitadur\u00eda General, es despu\u00e9s de la Fiscal\u00eda General , el \u00e1rea m\u00e1s importante dentro de la FGE.<\/p>\n\n\n\n<p>Adem\u00e1s de guardar los equilibrios al interior de la instituci\u00f3n, pues es el encargado de vigilar y &nbsp;sancionar en su caso a los funcionarios p\u00fablicos, (polic\u00eda ministerial y fiscales investigadores incluidos), el Visitador es el suplente de la persona que asume la Fiscal\u00eda General, en este caso de la Fiscal Lisbeth Aurelia. \u00a1Enhorabuena&nbsp;<strong>Ezequiel<\/strong>!<\/p>\n\n\n\n<p>***<\/p>\n\n\n\n<p>El mayor de los \u00e9xitos para ellos, pues la procuraci\u00f3n de justicia en Veracruz dej\u00f3&nbsp;mucho&nbsp;qu\u00e9&nbsp;desear durante&nbsp;la pasada gesti\u00f3n.<\/p>\n\n\n\n<p>\u00a1Qu\u00e9 barbaridad!<\/p>\n\n\n\n<p>Deprimera.mano2020@gmail.com<\/p>\n","protected":false},"excerpt":{"rendered":"<p>Omar Z\u00fa\u00f1iga De Primera Mano La Fiscal General&nbsp;Lisbeth Aurelia Jim\u00e9nez&nbsp;realiz\u00f3 los tres primeros nombramientos en puestos clave para el funcionamiento de la Fiscal\u00eda y en quien recae buena parte de la operatividad cotidiana. En primera instancia nombr\u00f3 a&nbsp;Guilebaldo Maciel Mercado \u201cWilly\u201d, quien sustituye a&nbsp;Marcela Aguilera Landeta&nbsp;como Fiscal de Investigaciones Ministeriales y a quien se atribuyen [&hellip;]<\/p>\n","protected":false},"author":2,"featured_media":141427,"comment_status":"closed","ping_status":"closed","sticky":false,"template":"","format":"standard","meta":{"_jetpack_newsletter_access":"","_jetpack_dont_email_post_to_subs":false,"_jetpack_newsletter_tier_id":0,"_jetpack_memberships_contains_paywalled_content":false,"_jetpack_memberships_contains_paid_content":false,"footnotes":""},"categories":[70],"tags":[7152,36463],"class_list":["post-158341","post","type-post","status-publish","format-standard","has-post-thumbnail","hentry","category-de-opinion","tag-ezequiel-castaneda-nevarez","tag-lisbeth-aurelia-jimenez-aguirre"],"jetpack_featured_media_url":"https:\/\/lospoliticosveracruz.com.mx\/wp-content\/uploads\/2025\/04\/Omar-Zuniga.jpg","jetpack_sharing_enabled":true,"jetpack_shortlink":"https:\/\/wp.me\/p4Qcd3-FbT","_links":{"self":[{"href":"https:\/\/lospoliticosveracruz.com.mx\/index.php?rest_route=\/wp\/v2\/posts\/158341","targetHints":{"allow":["GET"]}}],"collection":[{"href":"https:\/\/lospoliticosveracruz.com.mx\/index.php?rest_route=\/wp\/v2\/posts"}],"about":[{"href":"https:\/\/lospoliticosveracruz.com.mx\/index.php?rest_route=\/wp\/v2\/types\/post"}],"author":[{"embeddable":true,"href":"https:\/\/lospoliticosveracruz.com.mx\/index.php?rest_route=\/wp\/v2\/users\/2"}],"replies":[{"embeddable":true,"href":"https:\/\/lospoliticosveracruz.com.mx\/index.php?rest_route=%2Fwp%2Fv2%2Fcomments&post=158341"}],"version-history":[{"count":1,"href":"https:\/\/lospoliticosveracruz.com.mx\/index.php?rest_route=\/wp\/v2\/posts\/158341\/revisions"}],"predecessor-version":[{"id":158342,"href":"https:\/\/lospoliticosveracruz.com.mx\/index.php?rest_route=\/wp\/v2\/posts\/158341\/revisions\/158342"}],"wp:featuredmedia":[{"embeddable":true,"href":"https:\/\/lospoliticosveracruz.com.mx\/index.php?rest_route=\/wp\/v2\/media\/141427"}],"wp:attachment":[{"href":"https:\/\/lospoliticosveracruz.com.mx\/index.php?rest_route=%2Fwp%2Fv2%2Fmedia&parent=158341"}],"wp:term":[{"taxonomy":"category","embeddable":true,"href":"https:\/\/lospoliticosveracruz.com.mx\/index.php?rest_route=%2Fwp%2Fv2%2Fcategories&post=158341"},{"taxonomy":"post_tag","embeddable":true,"href":"https:\/\/lospoliticosveracruz.com.mx\/index.php?rest_route=%2Fwp%2Fv2%2Ftags&post=158341"}],"curies":[{"name":"wp","href":"https:\/\/api.w.org\/{rel}","templated":true}]}}