{"id":158441,"date":"2025-12-14T10:15:25","date_gmt":"2025-12-14T16:15:25","guid":{"rendered":"https:\/\/lospoliticosveracruz.com.mx\/?p=158441"},"modified":"2025-12-14T10:16:14","modified_gmt":"2025-12-14T16:16:14","slug":"celebra-xeu","status":"publish","type":"post","link":"https:\/\/lospoliticosveracruz.com.mx\/?p=158441","title":{"rendered":"CELEBRA XEU\u2026"},"content":{"rendered":"\n<p>S\u00edguenos ahora tambi\u00e9n en WhatsApp.\u00a0\u00a1<a href=\"https:\/\/whatsapp.com\/channel\/0029Va8zRWlEKyZIP3Z1dF0e\"><strong>Da clic aqu\u00ed<\/strong><\/a><strong>!<\/strong><\/p>\n\n\n\n<p><strong>Oved Contreras<\/strong><\/p>\n\n\n\n<p>Secas Mecas<br><\/p>\n\n\n\n<p>Felicitaciones a todos quienes integran esta gran familia radiof\u00f3nica encabezada por el ingeniero <strong>Baltazar Pazos de la Torre<\/strong>: la <strong>XEU<\/strong> cumple 95 a\u00f1os de estar al aire y formar parte de los hogares veracruzanos\u2026casi un siglo de ser pionera y referente de la radio en <strong>M\u00e9xico<\/strong>\u2026se dice f\u00e1cil pero son a\u00f1os de trabajo y disciplina.<\/p>\n\n\n\n<p>Cumple 95 a\u00f1os de ser parte de miles de vidas que confiaron su paso y su existir en la <strong>XEU<\/strong>\u2026muchos a\u00fan estando lejos de <strong>Veracruz<\/strong> siguen escuchando su programaci\u00f3n en cualquier parte del mundo a trav\u00e9s del streaming y de sus dispositivos m\u00f3viles\u2026cuando hace algunas d\u00e9cadas era encender la radio antes de ir al trabajo o llevar a los ni\u00f1os a la escuela, para escuchar las noticias o el reporte del tiempo desde el <strong>Centro de Previsi\u00f3n del Golfo de M\u00e9xico<\/strong>.<\/p>\n\n\n\n<figure class=\"wp-block-image size-full\"><a href=\" https:\/\/legisver.gob.mx\/Inicio.php?p=sliderInfoNP&amp;i=8785682\"><img loading=\"lazy\" decoding=\"async\" width=\"728\" height=\"90\" src=\"https:\/\/lospoliticosveracruz.com.mx\/wp-content\/uploads\/2025\/10\/Legis-Cintillo.png\" alt=\"\" class=\"wp-image-155724\" srcset=\"https:\/\/lospoliticosveracruz.com.mx\/wp-content\/uploads\/2025\/10\/Legis-Cintillo.png 728w, https:\/\/lospoliticosveracruz.com.mx\/wp-content\/uploads\/2025\/10\/Legis-Cintillo-300x37.png 300w\" sizes=\"auto, (max-width: 728px) 100vw, 728px\" \/><\/a><\/figure>\n\n\n\n<p>Menci\u00f3n aparte las generaciones de periodistas que tuvimos el honor de pasar por sus cabinas: <strong>Rosa Mar\u00eda Hern\u00e1ndez Espejo<\/strong>, <strong>Violeta Pacheco<\/strong>, <strong>Esa\u00fa Valencia<\/strong>, <strong>Nicol\u00e1s Cruz<\/strong>, <strong>Hugo Gallardo San Gabriel<\/strong>, <strong>Andr\u00e9s Salom\u00f3n<\/strong>, <strong>Ana Laura P\u00e9rez Mendoza<\/strong>, <strong>Paty Gonz\u00e1lez<\/strong>, <strong>Ver\u00f3nica San Juan<\/strong>, <strong>Irene Gonz\u00e1lez<\/strong>, <strong>Agust\u00edn Garc\u00eda<\/strong>, <strong>Iv\u00e1n Peralta<\/strong>, <strong>Yamiri Rodr\u00edguez<\/strong>, <strong>Miguel G\u00f3mez<\/strong> y tantos m\u00e1s que dejaron a\u00f1os de trabajo profesional en esa redacci\u00f3n, y que hoy sigue con la misma disciplina bajo la coordinaci\u00f3n de <strong>Beatriz Zavaleta<\/strong> y <strong>Pablo Hern\u00e1ndez<\/strong>.<\/p>\n\n\n\n<p>Se cumplen 95 a\u00f1os de <strong>XEU<\/strong> que se adec\u00faa a las nuevas tecnolog\u00edas y se mantiene como un referente de la radio en <strong>M\u00e9xico<\/strong>\u2026muchas felicidades al ingeniero <strong>Baltazar<\/strong>, a sus hijos, y que sigan los \u00e9xitos.<\/p>\n\n\n\n<p>NO HAY MEMORIA\u2026el <strong>Instituto Nacional Electoral<\/strong> le entreg\u00f3 a la empresa <strong>Cosmocolor<\/strong> un contrato millonario para la elaboraci\u00f3n de credenciales de elector. Aqu\u00ed en <strong>Veracruz<\/strong> hubo un esc\u00e1ndalo con esa empresa por la expedici\u00f3n irregular de licencias de conducir y le rescindieron el contrato en el sexenio de <strong>Javier Duarte<\/strong>, pero ya se nos olvid\u00f3 y se mantiene como proveedora de servicios.<\/p>\n\n\n\n<p>Entre 2010 y 2013, durante la administraci\u00f3n del exgobernador <strong>Javier Duarte<\/strong>, la concesi\u00f3n para la expedici\u00f3n de licencias tuvo consecuencias calificadas en su momento como \u201cdesastrosas\u201d por autoridades veracruzanas, que no tomaron en cuenta sus antecedentes en <strong>San Luis Potos\u00ed<\/strong>, donde tambi\u00e9n hubo un caso de alteraci\u00f3n de costos por licencias.<\/p>\n\n\n\n<p>Las quejas abundaron por las deficiencias en su sistema operativo y poco cuidado al momento de seleccionar a su personal, que aprovech\u00f3 las fallas y expidieron licencias sin soporte, pero con ganancias por fuera.<br>\u201cEran trabajadores con bajos sueldos (de <strong>Cosmocolor<\/strong>) que ganaban m\u00e1s por fuera con la venta irregular de licencias que involucr\u00f3 a personal de <strong>Tr\u00e1nsito municipal de Veracruz<\/strong>, estos actos de corrupci\u00f3n derivaron en un esc\u00e1ndalo por el tr\u00e1fico ilegal de licencias de manejo\u201d.<\/p>\n\n\n\n<p>Adem\u00e1s, empresarios del transporte p\u00fablico denunciaron irregularidades. La \u201cgota que derram\u00f3 el vaso\u201d fue la muerte de un joven: <strong>Jair Montero<\/strong> fue v\u00edctima de un chofer del transporte urbano que lo arroll\u00f3 en el tramo <strong>Veracruz-Medell\u00edn<\/strong>. De acuerdo con la investigaci\u00f3n 88\/2011, cuando revisaron la licencia de conducir del conductor se percataron que no aparec\u00eda en la base de datos de la delegaci\u00f3n de <strong>Tr\u00e1nsito y Transporte<\/strong>, lo que destap\u00f3 la red de ilegalidades cometidas en la expedici\u00f3n de licencias de manejo tipo A con la falsificaci\u00f3n de documentos. En este hecho eran investigados el supervisor de <strong>Tr\u00e1nsito<\/strong>, elementos de la corporaci\u00f3n y trabajadores de la empresa <strong>Cosmocolor<\/strong>.<\/p>\n\n\n\n<p>DENUNCIAN ATROPELLOS CON <strong>AHUED<\/strong>\u2026circula una carta donde los trabajadores de la <strong>Secretar\u00eda de Gobierno<\/strong> denuncian las muchas y diferentes situaciones de prepotencia, abuso y acoso laboral que suceden \u00faltimamente en algunas \u00c1reas de la <strong>Secretar\u00eda de Gobierno<\/strong>, pero hay dos que dicen llaman mucho la atenci\u00f3n y deber\u00edan preocupar al titular de esa importante dependencia.<\/p>\n\n\n\n<p>Preocuparle mucho, porque los titulares, son de las gentes de \u201csus confianzas\u201d, no de hoy, sino de hace mucho tiempo. El primer caso es en la <strong>Unidad Administrativa<\/strong>, que est\u00e1 encabezada por la <strong>C.P. Indira Gonz\u00e1lez Ram\u00edrez<\/strong>\u2026Es un secreto a voces que la batuta en el <strong>Departamento de Recursos Humanos<\/strong> no la lleva el <strong>Mtro. Fernando Aburto Rinc\u00f3n<\/strong>, sino la <strong>Jefa de Control de Personal, Esther Yuriana Mendoza Z\u00fa\u00f1iga<\/strong>. Ella es la que decide a qu\u00e9 personal dar de baja, a quien modificar el salario o quitarle la compensaci\u00f3n. Ha llegado tanto su abuso, de amenazar a la gente de quitarle los turnos vespertinos y manejarlos a su antojo. Les quiere imponer los horarios a los trabajadores, sin considerar que, por necesidades del servicio los Directores de \u00c1rea los requieren en otros horarios.<\/p>\n\n\n\n<p>Los trabajadores se\u00f1alan que ella manda, tiene la seguridad de que, habl\u00e1ndole al o\u00eddo a su querido Jefe, sin chistar le obedece, y cuestionan si existir\u00e1n negocios turbios u otra situaci\u00f3n o si estar\u00e1 enterada la Titular de la Unidad. Hoy hay tela de donde cortar, tanto en <strong>Recursos Humanos<\/strong>, como en <strong>Financieros<\/strong>, a cargo de <strong>Jos\u00e9 Viveros Salas<\/strong> y en <strong>Materiales<\/strong>, donde, al inicio de la administraci\u00f3n, racionaron hasta el papel de ba\u00f1o, pero esa es otra historia.<\/p>\n\n\n\n<p>El siguiente caso que, son tres en uno, sucedieron y siguen sucediendo en la <strong>Direcci\u00f3n General del Registro Civil<\/strong>, a cargo de la <strong>LIC. KARINA CORT\u00c9S FLORES<\/strong>, quien, entre otras cosas, de manera prepotente y sin sustento, acusa a tres trabajadores, se omiten sus nombres por razones obvias, de pedir mil pesos a una persona para realizarle un tr\u00e1mite en esa Direcci\u00f3n, adem\u00e1s de amenazarlos de correrlos o ponerlos disposici\u00f3n de <strong>Recursos Humanos de la SEGOB<\/strong> (<strong>Departamento<\/strong> donde el Jefe no es Jefe y quien decidir\u00e1 qu\u00e9 hacer con ellos es la super poderosa <strong>Jefa de la Oficina de Control de Personal<\/strong>).<\/p>\n\n\n\n<p>Por cierto, realizando acoso laboral y violando la integridad de un menor de edad, <strong>Karina<\/strong> instruy\u00f3 a personal de sus \u201cconfianzas\u201d que, violando los derechos constitucionales del hijo de la trabajadora acosada, tomara fotograf\u00edas para exhibirla, ante sus autoridades superiores y vean que ella si est\u00e1 muy atenta de lo que sucede a su alrededor. En esa Dependencia, sin sustento jur\u00eddico, est\u00e1n realizando cambios de nombre, modificando, a mano, los datos que existen en los libros antiguos pasando por el arco del triunfo los procesos judiciales establecidos para ello. Y preguntan los trabajadores que cu\u00e1l ser\u00e1 el motivo para llevar a cabo esos cambios de nombre, si la invenci\u00f3n es quedarse con alguna propiedad o si ser\u00e1n c\u00f3mplices del mentado <strong>Cartel Inmobiliario<\/strong><\/p>\n","protected":false},"excerpt":{"rendered":"<p>Oved Contreras Secas Mecas Felicitaciones a todos quienes integran esta gran familia radiof\u00f3nica encabezada por el ingeniero Baltazar Pazos de la Torre: la XEU cumple 95 a\u00f1os de estar al aire y formar parte de los hogares veracruzanos\u2026casi un siglo de ser pionera y referente de la radio en M\u00e9xico\u2026se dice f\u00e1cil pero son a\u00f1os [&hellip;]<\/p>\n","protected":false},"author":2,"featured_media":141426,"comment_status":"closed","ping_status":"closed","sticky":false,"template":"","format":"standard","meta":{"_jetpack_newsletter_access":"","_jetpack_dont_email_post_to_subs":false,"_jetpack_newsletter_tier_id":0,"_jetpack_memberships_contains_paywalled_content":false,"_jetpack_memberships_contains_paid_content":false,"footnotes":""},"categories":[70],"tags":[47935,47930,47934,47931,47932,47933],"class_list":["post-158441","post","type-post","status-publish","format-standard","has-post-thumbnail","hentry","category-de-opinion","tag-direccion-general-del-registro-civil-veracruz-karina-cortes","tag-empresa-cosmocolor-licencias-veracruz","tag-instituto-nacional-electoral-contrato-cosmocolor","tag-oved-contreras-secas-mecas-columna","tag-secretaria-de-gobierno-veracruz-denuncias-laborales","tag-xeu-95-anos-radio-veracruz"],"jetpack_featured_media_url":"https:\/\/lospoliticosveracruz.com.mx\/wp-content\/uploads\/2025\/04\/Oved-Contreras.jpg","jetpack_sharing_enabled":true,"jetpack_shortlink":"https:\/\/wp.me\/p4Qcd3-Fdv","_links":{"self":[{"href":"https:\/\/lospoliticosveracruz.com.mx\/index.php?rest_route=\/wp\/v2\/posts\/158441","targetHints":{"allow":["GET"]}}],"collection":[{"href":"https:\/\/lospoliticosveracruz.com.mx\/index.php?rest_route=\/wp\/v2\/posts"}],"about":[{"href":"https:\/\/lospoliticosveracruz.com.mx\/index.php?rest_route=\/wp\/v2\/types\/post"}],"author":[{"embeddable":true,"href":"https:\/\/lospoliticosveracruz.com.mx\/index.php?rest_route=\/wp\/v2\/users\/2"}],"replies":[{"embeddable":true,"href":"https:\/\/lospoliticosveracruz.com.mx\/index.php?rest_route=%2Fwp%2Fv2%2Fcomments&post=158441"}],"version-history":[{"count":1,"href":"https:\/\/lospoliticosveracruz.com.mx\/index.php?rest_route=\/wp\/v2\/posts\/158441\/revisions"}],"predecessor-version":[{"id":158442,"href":"https:\/\/lospoliticosveracruz.com.mx\/index.php?rest_route=\/wp\/v2\/posts\/158441\/revisions\/158442"}],"wp:featuredmedia":[{"embeddable":true,"href":"https:\/\/lospoliticosveracruz.com.mx\/index.php?rest_route=\/wp\/v2\/media\/141426"}],"wp:attachment":[{"href":"https:\/\/lospoliticosveracruz.com.mx\/index.php?rest_route=%2Fwp%2Fv2%2Fmedia&parent=158441"}],"wp:term":[{"taxonomy":"category","embeddable":true,"href":"https:\/\/lospoliticosveracruz.com.mx\/index.php?rest_route=%2Fwp%2Fv2%2Fcategories&post=158441"},{"taxonomy":"post_tag","embeddable":true,"href":"https:\/\/lospoliticosveracruz.com.mx\/index.php?rest_route=%2Fwp%2Fv2%2Ftags&post=158441"}],"curies":[{"name":"wp","href":"https:\/\/api.w.org\/{rel}","templated":true}]}}